{"id":17923,"date":"2023-05-09T14:36:18","date_gmt":"2023-05-09T21:36:18","guid":{"rendered":"https:\/\/vccflegacy.wpenginepowered.com\/?p=17923"},"modified":"2025-01-29T07:47:10","modified_gmt":"2025-01-29T07:47:10","slug":"vccf-hosts-dr-lucy-jones-event","status":"publish","type":"post","link":"https:\/\/vccf.org\/es\/vccf-hosts-dr-lucy-jones-event\/","title":{"rendered":"La VCCF acoge el acto de la Dra. Lucy Jones"},"content":{"rendered":"<p><\/p>\n<div id=\"attachment_17928\" style=\"width: 460px\" class=\"wp-caption alignright\"><img loading=\"lazy\" decoding=\"async\" aria-describedby=\"caption-attachment-17928\" class=\"wp-image-17928\" src=\"https:\/\/vccflegacy.wpenginepowered.com\/wp-content\/uploads\/2023\/05\/img_8957-scaled.jpg\" alt=\"A room full of attendees at the Dr. Lucy Jones wildfire event\" width=\"450\" height=\"338\" \/><p id=\"caption-attachment-17928\" class=\"wp-caption-text\">La Dra. Lucy Jones interviene en la inauguraci\u00f3n del acto<\/p><\/div>\n<p>La Ventura County Community Foundation acogi\u00f3 el lunes 8 de mayo de 2023 al Dr. Lucy Jones Center for Science and Society en un evento en el VCCF Nonprofit Center para debatir sobre futuros incendios forestales en nuestra regi\u00f3n, c\u00f3mo crear una mayor resiliencia y qu\u00e9 ha aprendido el condado de Ventura en los \u00faltimos a\u00f1os.<\/p>\n<p>A este acto biling\u00fce asistieron miembros y l\u00edderes de la comunidad para hablar con expertos invitados especiales de renombre en los campos de las ciencias sociales, la ecolog\u00eda y las cat\u00e1strofes, como la Dra. Lucy Jones, el Dr. Alex Greer, la Dra. Alexandra Syphard y la Dra. Susan Cutter. Este panel forma parte de una serie de talleres m\u00e1s amplios, y fue posible gracias en parte a la North Valley Community Foundation, y el Vicepresidente de Programas de la fundaci\u00f3n, Jovanni Tricerri, tambi\u00e9n estuvo presente en el panel.<\/p>\n<p>El acto comenz\u00f3 con presentaciones sobre el riesgo actual y futuro de incendios forestales y la capacidad de recuperaci\u00f3n en nuestra comunidad y en todo el estado. A continuaci\u00f3n hubo mesas de debate con cada uno de los expertos, en las que los asistentes compartieron su experiencia local y sus puntos de vista sobre los incendios forestales y las cat\u00e1strofes en nuestra comunidad.<\/p>\n<p>El objetivo central de esta serie de talleres es crear un foro para el intercambio de informaci\u00f3n entre cient\u00edficos, supervivientes de incendios forestales, desplazados por desastres clim\u00e1ticos, responsables gubernamentales, organizaciones sin \u00e1nimo de lucro, propietarios de empresas y entidades de colaboraci\u00f3n para la recuperaci\u00f3n econ\u00f3mica, con el fin de conocer mejor c\u00f3mo es enfrentarse a estos incendios forestales extremos a medida que su ritmo e intensidad aumentan con el cambio clim\u00e1tico, compartir t\u00e1cticas de refuerzo de la resiliencia y determinar qu\u00e9 investigaciones deben comprenderse y aplicarse para que las comunidades puedan recuperarse.<\/p>\n<p>M\u00e1s informaci\u00f3n sobre el Centro Lucy Jones de Ciencia y Sociedad, <a href=\"https:\/\/drlucyjonescenter.org\/\" target=\"_blank\" rel=\"noopener\">visite su sitio web<\/a>.<\/p>\n<div id=\"attachment_17926\" style=\"width: 460px\" class=\"wp-caption alignright\"><img loading=\"lazy\" decoding=\"async\" aria-describedby=\"caption-attachment-17926\" class=\"wp-image-17926\" src=\"https:\/\/vccflegacy.wpenginepowered.com\/wp-content\/uploads\/2023\/05\/img_8948-scaled.jpg\" alt=\"\" width=\"450\" height=\"338\" \/><p id=\"caption-attachment-17926\" class=\"wp-caption-text\">El Dr. Gabino Aguirre, de la VCCF, interviene en el acto dando las gracias a los <i>promotores<\/i> por asistir al debate<\/p><\/div>\n<div id=\"attachment_17927\" style=\"width: 460px\" class=\"wp-caption alignleft\"><img loading=\"lazy\" decoding=\"async\" aria-describedby=\"caption-attachment-17927\" class=\"wp-image-17927\" src=\"https:\/\/vccflegacy.wpenginepowered.com\/wp-content\/uploads\/2023\/05\/img_8952-scaled.jpg\" alt=\"\" width=\"450\" height=\"338\" \/><p id=\"caption-attachment-17927\" class=\"wp-caption-text\">Presentaci\u00f3n inaugural de la Dra. Lucy Jones<\/p><\/div>\n<p><\/p>\n<div id=\"attachment_17933\" style=\"width: 460px\" class=\"wp-caption alignleft\"><img loading=\"lazy\" decoding=\"async\" aria-describedby=\"caption-attachment-17933\" class=\"wp-image-17933\" src=\"https:\/\/vccflegacy.wpenginepowered.com\/wp-content\/uploads\/2023\/05\/img_8961-scaled.jpg\" alt=\"\" width=\"450\" height=\"338\" \/><p id=\"caption-attachment-17933\" class=\"wp-caption-text\">La Dra. Alexandra Syphard habla sobre la ciencia de los incendios forestales y el impacto humano en el sur de California<\/p><\/div>\n<div id=\"attachment_17934\" style=\"width: 460px\" class=\"wp-caption alignright\"><img loading=\"lazy\" decoding=\"async\" aria-describedby=\"caption-attachment-17934\" class=\"wp-image-17934\" src=\"https:\/\/vccflegacy.wpenginepowered.com\/wp-content\/uploads\/2023\/05\/img_8966-scaled.jpg\" alt=\"\" width=\"450\" height=\"338\" \/><p id=\"caption-attachment-17934\" class=\"wp-caption-text\">Mesa redonda con el Dr. Jones<\/p><\/div>\n<p><\/p>\n<div id=\"attachment_17936\" style=\"width: 460px\" class=\"wp-caption alignleft\"><img loading=\"lazy\" decoding=\"async\" aria-describedby=\"caption-attachment-17936\" class=\"wp-image-17936\" src=\"https:\/\/vccflegacy.wpenginepowered.com\/wp-content\/uploads\/2023\/05\/img_8979-scaled.jpg\" alt=\"\" width=\"450\" height=\"338\" \/><p id=\"caption-attachment-17936\" class=\"wp-caption-text\">Una mesa de debate con <i>promotores<\/i> y servicios de traducci\u00f3n para participar en el debate general del acto.<\/p><\/div>\n<div id=\"attachment_17937\" style=\"width: 460px\" class=\"wp-caption alignright\"><img loading=\"lazy\" decoding=\"async\" aria-describedby=\"caption-attachment-17937\" class=\"wp-image-17937\" src=\"https:\/\/vccflegacy.wpenginepowered.com\/wp-content\/uploads\/2023\/05\/img_8984-scaled.jpg\" alt=\"\" width=\"450\" height=\"338\" \/><p id=\"caption-attachment-17937\" class=\"wp-caption-text\">Grupos de trabajo con cada uno de los expertos invitados<\/p><\/div>\n<p><\/p>\n<div id=\"attachment_17938\" style=\"width: 460px\" class=\"wp-caption aligncenter\"><img loading=\"lazy\" decoding=\"async\" aria-describedby=\"caption-attachment-17938\" class=\"wp-image-17938\" src=\"https:\/\/vccflegacy.wpenginepowered.com\/wp-content\/uploads\/2023\/05\/img_8995-scaled.jpg\" alt=\"\" width=\"450\" height=\"338\" \/><p id=\"caption-attachment-17938\" class=\"wp-caption-text\">Vanessa Bechtel, Presidenta y Consejera Delegada de la VCCF, expone su opini\u00f3n durante la secci\u00f3n de preguntas y respuestas y el debate en grupo.<\/p><\/div>\n<p><\/p>","protected":false},"excerpt":{"rendered":"<p>The Ventura County Community Foundation hosted the Dr. Lucy Jones Center for Science and Society on Monday, May 8, 2023 for an event at the VCCF Nonprofit Center to discuss&hellip;<\/p>","protected":false},"author":5,"featured_media":17937,"comment_status":"closed","ping_status":"closed","sticky":false,"template":"","format":"standard","meta":{"_acf_changed":false,"give_campaign_id":0,"footnotes":""},"categories":[27],"tags":[],"class_list":["post-17923","post","type-post","status-publish","format-standard","has-post-thumbnail","hentry","category-blog-posts"],"acf":[],"_links":{"self":[{"href":"https:\/\/vccf.org\/es\/wp-json\/wp\/v2\/posts\/17923","targetHints":{"allow":["GET"]}}],"collection":[{"href":"https:\/\/vccf.org\/es\/wp-json\/wp\/v2\/posts"}],"about":[{"href":"https:\/\/vccf.org\/es\/wp-json\/wp\/v2\/types\/post"}],"author":[{"embeddable":true,"href":"https:\/\/vccf.org\/es\/wp-json\/wp\/v2\/users\/5"}],"replies":[{"embeddable":true,"href":"https:\/\/vccf.org\/es\/wp-json\/wp\/v2\/comments?post=17923"}],"version-history":[{"count":0,"href":"https:\/\/vccf.org\/es\/wp-json\/wp\/v2\/posts\/17923\/revisions"}],"wp:featuredmedia":[{"embeddable":true,"href":"https:\/\/vccf.org\/es\/wp-json\/wp\/v2\/media\/17937"}],"wp:attachment":[{"href":"https:\/\/vccf.org\/es\/wp-json\/wp\/v2\/media?parent=17923"}],"wp:term":[{"taxonomy":"category","embeddable":true,"href":"https:\/\/vccf.org\/es\/wp-json\/wp\/v2\/categories?post=17923"},{"taxonomy":"post_tag","embeddable":true,"href":"https:\/\/vccf.org\/es\/wp-json\/wp\/v2\/tags?post=17923"}],"curies":[{"name":"wp","href":"https:\/\/api.w.org\/{rel}","templated":true}]}}