{"id":18110,"date":"2022-07-26T10:30:55","date_gmt":"2022-07-26T17:30:55","guid":{"rendered":"https:\/\/vccf.org\/?p=18110"},"modified":"2025-01-29T07:47:13","modified_gmt":"2025-01-29T07:47:13","slug":"vaccine-outreach-newsletter-july-2022","status":"publish","type":"post","link":"https:\/\/vccf.org\/es\/vaccine-outreach-newsletter-july-2022\/","title":{"rendered":"Bolet\u00edn de divulgaci\u00f3n sobre vacunas - Julio de 2022"},"content":{"rendered":"<p><img loading=\"lazy\" decoding=\"async\" class=\"alignleft wp-image-18111\" src=\"https:\/\/vccf.org\/wp-content\/uploads\/2023\/05\/cov-logo_primary.png\" alt=\"Logo of the County of Ventura\" width=\"300\" height=\"130\" srcset=\"https:\/\/vccf.org\/wp-content\/uploads\/2023\/05\/cov-logo_primary.png 1920w, https:\/\/vccf.org\/wp-content\/uploads\/2023\/05\/cov-logo_primary-300x130.png 300w, https:\/\/vccf.org\/wp-content\/uploads\/2023\/05\/cov-logo_primary-1024x442.png 1024w, https:\/\/vccf.org\/wp-content\/uploads\/2023\/05\/cov-logo_primary-768x332.png 768w, https:\/\/vccf.org\/wp-content\/uploads\/2023\/05\/cov-logo_primary-1536x663.png 1536w, https:\/\/vccf.org\/wp-content\/uploads\/2023\/05\/cov-logo_primary-18x8.png 18w\" sizes=\"auto, (max-width: 300px) 100vw, 300px\" \/><img loading=\"lazy\" decoding=\"async\" class=\"alignright wp-image-13853\" src=\"https:\/\/vccf.org\/wp-content\/uploads\/2021\/10\/vccf-new-logo.png\" alt=\"\" width=\"300\" height=\"77\" srcset=\"https:\/\/vccf.org\/wp-content\/uploads\/2021\/10\/vccf-new-logo.png 1106w, https:\/\/vccf.org\/wp-content\/uploads\/2021\/10\/vccf-new-logo-300x77.png 300w, https:\/\/vccf.org\/wp-content\/uploads\/2021\/10\/vccf-new-logo-1024x263.png 1024w, https:\/\/vccf.org\/wp-content\/uploads\/2021\/10\/vccf-new-logo-768x197.png 768w, https:\/\/vccf.org\/wp-content\/uploads\/2021\/10\/vccf-new-logo-18x5.png 18w\" sizes=\"auto, (max-width: 300px) 100vw, 300px\" \/><\/p>\n<p style=\"text-align: center;\"><em>For Spanish version, see below<\/em><\/p>\n<p><\/p>\n<h1 style=\"text-align: center;\"><strong>Bolet\u00edn del Comit\u00e9 de Alcance Completo<\/strong><\/h1>\n<h2 style=\"text-align: center;\">Julio de 2022<\/h2>\n<p><img loading=\"lazy\" decoding=\"async\" class=\"size-full wp-image-14493 aligncenter\" src=\"https:\/\/vccf.org\/wp-content\/uploads\/2021\/12\/vaccine-outreach-and-education.jpg\" alt=\"\" width=\"463\" height=\"617\" srcset=\"https:\/\/vccf.org\/wp-content\/uploads\/2021\/12\/vaccine-outreach-and-education.jpg 463w, https:\/\/vccf.org\/wp-content\/uploads\/2021\/12\/vaccine-outreach-and-education-225x300.jpg 225w, https:\/\/vccf.org\/wp-content\/uploads\/2021\/12\/vaccine-outreach-and-education-9x12.jpg 9w, https:\/\/vccf.org\/wp-content\/uploads\/2021\/12\/vaccine-outreach-and-education-300x400.jpg 300w\" sizes=\"auto, (max-width: 463px) 100vw, 463px\" \/><\/p>\n<p>Hola,<\/p>\n<p>\u00a1Menudo torbellino hemos vivido! ...de COVID a Delta a Omicron, y ahora sus variantes. Todos podemos sentirnos orgullosos de lo que hemos logrado colectivamente porque, en \u00faltima instancia, se trata de proteger a nuestras comunidades y hemos hecho un trabajo estupendo. As\u00ed que gracias por vuestro compromiso con esta labor de amor. En resumidas cuentas, si hemos salvado una sola vida, habr\u00e1 merecido la pena. Pero, seg\u00fan nuestras estimaciones, nuestra campa\u00f1a global ha salvado m\u00e1s de 300 vidas y ha aliviado\/evitado el sufrimiento de decenas de miles de personas. Gracias a ustedes, las cifras de divulgaci\u00f3n de los \u00faltimos cuatro meses ascienden a 159.243 personas, 58.143 familias y hogares, 2.041 vacunaciones y 18.838 pruebas. Gracias, gracias, gracias... As\u00ed pues, como la financiaci\u00f3n de la tercera ronda ha concluido, he aqu\u00ed algunos asuntos de los que debemos ocuparnos al cierre.<\/p>\n<ol>\n<li>H\u00e1ganme saber si no han gastado todos sus fondos y puedo ayudarles a planificar la incorporaci\u00f3n de estos fondos a nuestra campa\u00f1a propuesta continua.<\/li>\n<li>Planee unirse a nosotros para las actualizaciones mensuales de seguimiento de fin de mes con la primera programada para el 29 de julio de 2022, a las 10 AM. Esto es importante dada la propagaci\u00f3n de las dos \u00faltimas variantes de Omicron, que juntas representan el 70% de las nuevas infecciones en Estados Unidos.<\/li>\n<li>Esperamos que VCPH y el Condado nos proporcionen publicaciones impresas y en los medios sociales para distribuirlas en nuestras redes y comunidades. Esperamos que puedan incorporarlos a su flujo de trabajo habitual de actividades y servicios organizativos. Haremos hincapi\u00e9 en los refuerzos, las vacunas para menores de 5 a\u00f1os, las cl\u00ednicas pedi\u00e1tricas y, por supuesto, el enmascaramiento y las pruebas.<\/li>\n<\/ol>\n<p>Todo esto para decirles GRACIAS por su excelente trabajo y ojal\u00e1 puedan continuar con nuestra campa\u00f1a. Quiz\u00e1s a\u00fan m\u00e1s importante, eres parte de la familia de \"mensajeros de confianza\" as\u00ed que sigamos en contacto. As\u00ed, continuemos \"en la lucha... en la lucha\" por nuestras comunidades. Mil gracias...<\/p>\n<p>- Dr. Gabino Aquirre<\/p>\n<h3 style=\"text-align: center;\">En cifras<\/h3>\n<p style=\"text-align: center;\">Del 21 de febrero al 20 de mayo de 2022, nuestros socios de Complete Reach...<\/p>\n<p><img loading=\"lazy\" decoding=\"async\" class=\"wp-image-18137 aligncenter\" src=\"https:\/\/vccf.org\/wp-content\/uploads\/2023\/05\/vaccine-newsletter-1.png\" alt=\"\" width=\"350\" height=\"350\" srcset=\"https:\/\/vccf.org\/wp-content\/uploads\/2023\/05\/vaccine-newsletter-1.png 120w, https:\/\/vccf.org\/wp-content\/uploads\/2023\/05\/vaccine-newsletter-1-12x12.png 12w\" sizes=\"auto, (max-width: 350px) 100vw, 350px\" \/><\/p>\n<p style=\"text-align: center;\">... alcanzado <strong>150,119<\/strong> particulares<\/p>\n<p><img loading=\"lazy\" decoding=\"async\" class=\"wp-image-18138 aligncenter\" src=\"https:\/\/vccf.org\/wp-content\/uploads\/2023\/05\/vaccine-newsletter-2.png\" alt=\"\" width=\"350\" height=\"350\" srcset=\"https:\/\/vccf.org\/wp-content\/uploads\/2023\/05\/vaccine-newsletter-2.png 120w, https:\/\/vccf.org\/wp-content\/uploads\/2023\/05\/vaccine-newsletter-2-12x12.png 12w\" sizes=\"auto, (max-width: 350px) 100vw, 350px\" \/><\/p>\n<p style=\"text-align: center;\">... asistido <strong>10,422<\/strong>\u00a0personas con pruebas<\/p>\n<p><img loading=\"lazy\" decoding=\"async\" class=\"wp-image-18139 aligncenter\" src=\"https:\/\/vccf.org\/wp-content\/uploads\/2023\/05\/vaccine-newsletter-3.png\" alt=\"\" width=\"350\" height=\"350\" srcset=\"https:\/\/vccf.org\/wp-content\/uploads\/2023\/05\/vaccine-newsletter-3.png 120w, https:\/\/vccf.org\/wp-content\/uploads\/2023\/05\/vaccine-newsletter-3-12x12.png 12w\" sizes=\"auto, (max-width: 350px) 100vw, 350px\" \/><\/p>\n<p style=\"text-align: center;\">... y asistido <strong>1,864 <\/strong>\u00a1individuos con vacunaci\u00f3n!<\/p>\n<p><\/p>\n<h3 style=\"text-align: center;\"><strong>Su trabajo en acci\u00f3n<\/strong><\/h3>\n<p><img loading=\"lazy\" decoding=\"async\" class=\"size-full wp-image-18115 alignright\" src=\"https:\/\/vccf.org\/wp-content\/uploads\/2023\/05\/vax-1.png\" alt=\"\" width=\"279\" height=\"210\" srcset=\"https:\/\/vccf.org\/wp-content\/uploads\/2023\/05\/vax-1.png 279w, https:\/\/vccf.org\/wp-content\/uploads\/2023\/05\/vax-1-16x12.png 16w\" sizes=\"auto, (max-width: 279px) 100vw, 279px\" \/><img loading=\"lazy\" decoding=\"async\" class=\"size-full wp-image-18116 aligncenter\" src=\"https:\/\/vccf.org\/wp-content\/uploads\/2023\/05\/vax-2.png\" alt=\"\" width=\"280\" height=\"198\" srcset=\"https:\/\/vccf.org\/wp-content\/uploads\/2023\/05\/vax-2.png 280w, https:\/\/vccf.org\/wp-content\/uploads\/2023\/05\/vax-2-18x12.png 18w\" sizes=\"auto, (max-width: 280px) 100vw, 280px\" \/><img loading=\"lazy\" decoding=\"async\" class=\"alignleft wp-image-18117\" src=\"https:\/\/vccf.org\/wp-content\/uploads\/2023\/05\/vax-3.jpg\" alt=\"\" width=\"450\" height=\"338\" srcset=\"https:\/\/vccf.org\/wp-content\/uploads\/2023\/05\/vax-3.jpg 517w, https:\/\/vccf.org\/wp-content\/uploads\/2023\/05\/vax-3-300x225.jpg 300w, https:\/\/vccf.org\/wp-content\/uploads\/2023\/05\/vax-3-16x12.jpg 16w\" sizes=\"auto, (max-width: 450px) 100vw, 450px\" \/><img loading=\"lazy\" decoding=\"async\" class=\"size-full wp-image-18118 alignright\" src=\"https:\/\/vccf.org\/wp-content\/uploads\/2023\/05\/vax-4.png\" alt=\"\" width=\"279\" height=\"186\" srcset=\"https:\/\/vccf.org\/wp-content\/uploads\/2023\/05\/vax-4.png 279w, https:\/\/vccf.org\/wp-content\/uploads\/2023\/05\/vax-4-18x12.png 18w\" sizes=\"auto, (max-width: 279px) 100vw, 279px\" \/><img loading=\"lazy\" decoding=\"async\" class=\"size-full wp-image-18119 alignleft\" src=\"https:\/\/vccf.org\/wp-content\/uploads\/2023\/05\/vax-5.jpg\" alt=\"\" width=\"280\" height=\"210\" srcset=\"https:\/\/vccf.org\/wp-content\/uploads\/2023\/05\/vax-5.jpg 280w, https:\/\/vccf.org\/wp-content\/uploads\/2023\/05\/vax-5-16x12.jpg 16w\" sizes=\"auto, (max-width: 280px) 100vw, 280px\" \/><\/p>\n<h3 style=\"text-align: center;\">El Comit\u00e9 Complete Reach llega a los 40 menores de 40 a\u00f1os<\/h3>\n<p>Enhorabuena al miembro del Comit\u00e9 Benjamin Suber, recientemente galardonado por la C\u00e1mara de Comercio del Valle de Conejo por sus contribuciones.<\/p>\n<p><img loading=\"lazy\" decoding=\"async\" class=\"size-full wp-image-18120 aligncenter\" src=\"https:\/\/vccf.org\/wp-content\/uploads\/2023\/05\/ben-suber.jpg\" alt=\"\" width=\"280\" height=\"280\" srcset=\"https:\/\/vccf.org\/wp-content\/uploads\/2023\/05\/ben-suber.jpg 280w, https:\/\/vccf.org\/wp-content\/uploads\/2023\/05\/ben-suber-150x150.jpg 150w, https:\/\/vccf.org\/wp-content\/uploads\/2023\/05\/ben-suber-12x12.jpg 12w\" sizes=\"auto, (max-width: 280px) 100vw, 280px\" \/><\/p>\n<p style=\"text-align: center;\"><strong>Ben Suber<\/strong><br \/>\nGestor y planificador del SIG<br \/>\nSchmitz y Asociados<\/p>\n<p>Leer el anuncio<img loading=\"lazy\" decoding=\"async\" class=\"size-full wp-image-14493 aligncenter\" src=\"https:\/\/vccf.org\/wp-content\/uploads\/2021\/12\/vaccine-outreach-and-education.jpg\" alt=\"\" width=\"463\" height=\"617\" srcset=\"https:\/\/vccf.org\/wp-content\/uploads\/2021\/12\/vaccine-outreach-and-education.jpg 463w, https:\/\/vccf.org\/wp-content\/uploads\/2021\/12\/vaccine-outreach-and-education-225x300.jpg 225w, https:\/\/vccf.org\/wp-content\/uploads\/2021\/12\/vaccine-outreach-and-education-9x12.jpg 9w, https:\/\/vccf.org\/wp-content\/uploads\/2021\/12\/vaccine-outreach-and-education-300x400.jpg 300w\" sizes=\"auto, (max-width: 463px) 100vw, 463px\" \/><\/p>\n<p>Comit\u00e9 de Difusi\u00f3n Completa<\/p>\n<p>\u00a1Qu\u00e9 tremendo torbellino hemos pasado! ... de COVID a Delta a \u00d3micron, y ahora a sus variantes. Todos podemos sentirnos orgullosos de lo que hemos logrado en forma colectiva pues, a fin de cuentas, se trata de proteger a nuestras comunidades y hemos hecho un trabajo extraordinario. As\u00ed que, gracias por su compromiso con esta obra de amor. En pocas palabras, si apenas hubi\u00e9ramos salvado una vida, habr\u00eda valido la pena. Pero, seg\u00fan nuestras estimaciones, nuestra campa\u00f1a general ha salvado m\u00e1s de 300 vidas y aliviado \/ prevenido el sufrimiento de decenas de miles. Gracias a usted, las cifras de difusi\u00f3n de los \u00faltimos cuatro meses totalizaron 159.243 personas, 58.143 familias y hogares, 2041 ayudaron con las vacunas y 18.838 ayudaron con las pruebas. Muchas, muchas, muchas gracias...Ahora que hemos llegado a la finalizaci\u00f3n de la financiaci\u00f3n de la Ronda 3, aqu\u00ed tenemos algunos asuntos de los que nos debemos encargar al ir cerrando.<\/p>\n<ol>\n<li>Por favor inf\u00f3rmenme si no han gastado todos sus fondos y les puedo ayudar a planificar la incorporaci\u00f3n de estos fondos a nuestra campa\u00f1a propuesta continua.<\/li>\n<li>Planee reunirse con nosotros para recibir actualizaciones mensuales de seguimiento de fin de mes con la primera programada para el 29 de julio de 2022, a las 10 AM. Esto es importante dada la propagaci\u00f3n de las dos \u00faltimas variantes de \u00d3micron que juntas representan el 70% de las nuevas infecciones en los Estados Unidos.<\/li>\n<li>Esperamos que VCPH y el Condado nos proporcionen publicaciones impresas y en redes sociales para su distribuci\u00f3n dentro de nuestras redes y comunidades. Esperamos que ustedes puedan incluirlas en su flujo habitual de trabajo en las actividades y servicios de la organizaci\u00f3n. Haremos hincapi\u00e9 en los refuerzos, las vacunas para menores de 5 a\u00f1os, las cl\u00ednicas pedi\u00e1tricas y, por supuesto, el uso de mascarillas y hacerse las pruebas.<\/li>\n<\/ol>\n<p>Con todo esto les damos las GRACIAS por su excelente trabajo y ojal\u00e1, puedan continuar siendo parte de nuestra campa\u00f1a. Quiz\u00e1 a\u00fan m\u00e1s importante, ustedes son parte de la familia de \"mensajeros de confianza\", as\u00ed que manteng\u00e1monos en contacto. As\u00ed que, sigamos \"en la lucha... batallando\" por nuestras comunidades. Mil gracias...<\/p>\n<p>- Dr. Gabino Aguirre<\/p>\n<h3 style=\"text-align: center;\">En n\u00fameros<\/h3>\n<p style=\"text-align: center;\">Desde 21 Febrero hasta 20 Mayo 2022...<\/p>\n<p><img loading=\"lazy\" decoding=\"async\" class=\"wp-image-18137 aligncenter\" src=\"https:\/\/vccf.org\/wp-content\/uploads\/2023\/05\/vaccine-newsletter-1.png\" alt=\"\" width=\"350\" height=\"350\" srcset=\"https:\/\/vccf.org\/wp-content\/uploads\/2023\/05\/vaccine-newsletter-1.png 120w, https:\/\/vccf.org\/wp-content\/uploads\/2023\/05\/vaccine-newsletter-1-12x12.png 12w\" sizes=\"auto, (max-width: 350px) 100vw, 350px\" \/>... llegamos a <strong>150,119<\/strong> personas<img loading=\"lazy\" decoding=\"async\" class=\"wp-image-18138 aligncenter\" src=\"https:\/\/vccf.org\/wp-content\/uploads\/2023\/05\/vaccine-newsletter-2.png\" alt=\"\" width=\"350\" height=\"350\" srcset=\"https:\/\/vccf.org\/wp-content\/uploads\/2023\/05\/vaccine-newsletter-2.png 120w, https:\/\/vccf.org\/wp-content\/uploads\/2023\/05\/vaccine-newsletter-2-12x12.png 12w\" sizes=\"auto, (max-width: 350px) 100vw, 350px\" \/>... ayudamos a\u00a0<strong>10,422<\/strong> personas con las pruebas<img loading=\"lazy\" decoding=\"async\" class=\"wp-image-18139 aligncenter\" src=\"https:\/\/vccf.org\/wp-content\/uploads\/2023\/05\/vaccine-newsletter-3.png\" alt=\"\" width=\"350\" height=\"350\" srcset=\"https:\/\/vccf.org\/wp-content\/uploads\/2023\/05\/vaccine-newsletter-3.png 120w, https:\/\/vccf.org\/wp-content\/uploads\/2023\/05\/vaccine-newsletter-3-12x12.png 12w\" sizes=\"auto, (max-width: 350px) 100vw, 350px\" \/>... y asistimos a <strong>1,864<\/strong> personas \u00a1con la vacunaci\u00f3n!<\/p>\n<h3 style=\"text-align: center;\"><strong>Su trabajo en acci\u00f3n<\/strong><\/h3>\n<p><img loading=\"lazy\" decoding=\"async\" class=\"size-full wp-image-18115 alignright\" src=\"https:\/\/vccf.org\/wp-content\/uploads\/2023\/05\/vax-1.png\" alt=\"\" width=\"279\" height=\"210\" srcset=\"https:\/\/vccf.org\/wp-content\/uploads\/2023\/05\/vax-1.png 279w, https:\/\/vccf.org\/wp-content\/uploads\/2023\/05\/vax-1-16x12.png 16w\" sizes=\"auto, (max-width: 279px) 100vw, 279px\" \/><img loading=\"lazy\" decoding=\"async\" class=\"size-full wp-image-18116 aligncenter\" src=\"https:\/\/vccf.org\/wp-content\/uploads\/2023\/05\/vax-2.png\" alt=\"\" width=\"280\" height=\"198\" srcset=\"https:\/\/vccf.org\/wp-content\/uploads\/2023\/05\/vax-2.png 280w, https:\/\/vccf.org\/wp-content\/uploads\/2023\/05\/vax-2-18x12.png 18w\" sizes=\"auto, (max-width: 280px) 100vw, 280px\" \/><img loading=\"lazy\" decoding=\"async\" class=\"alignleft wp-image-18117\" src=\"https:\/\/vccf.org\/wp-content\/uploads\/2023\/05\/vax-3.jpg\" alt=\"\" width=\"450\" height=\"338\" srcset=\"https:\/\/vccf.org\/wp-content\/uploads\/2023\/05\/vax-3.jpg 517w, https:\/\/vccf.org\/wp-content\/uploads\/2023\/05\/vax-3-300x225.jpg 300w, https:\/\/vccf.org\/wp-content\/uploads\/2023\/05\/vax-3-16x12.jpg 16w\" sizes=\"auto, (max-width: 450px) 100vw, 450px\" \/><img loading=\"lazy\" decoding=\"async\" class=\"size-full wp-image-18118 alignright\" src=\"https:\/\/vccf.org\/wp-content\/uploads\/2023\/05\/vax-4.png\" alt=\"\" width=\"279\" height=\"186\" srcset=\"https:\/\/vccf.org\/wp-content\/uploads\/2023\/05\/vax-4.png 279w, https:\/\/vccf.org\/wp-content\/uploads\/2023\/05\/vax-4-18x12.png 18w\" sizes=\"auto, (max-width: 279px) 100vw, 279px\" \/><img loading=\"lazy\" decoding=\"async\" class=\"size-full wp-image-18119 alignleft\" src=\"https:\/\/vccf.org\/wp-content\/uploads\/2023\/05\/vax-5.jpg\" alt=\"\" width=\"280\" height=\"210\" srcset=\"https:\/\/vccf.org\/wp-content\/uploads\/2023\/05\/vax-5.jpg 280w, https:\/\/vccf.org\/wp-content\/uploads\/2023\/05\/vax-5-16x12.jpg 16w\" sizes=\"auto, (max-width: 280px) 100vw, 280px\" \/><\/p>\n<h3 style=\"text-align: center;\">El Comit\u00e9 de Difusi\u00f3n Completa llega a 40 menores de 40 a\u00f1os<\/h3>\n<p>Felicitaciones al propio Benjamin Suber del Comit\u00e9, \u00a1quien fue honrado por la C\u00e1mara de Comercio del Gran Conejo Valley por sus contribuciones!<\/p>\n<p style=\"text-align: center;\"><img loading=\"lazy\" decoding=\"async\" class=\"alignnone size-full wp-image-18120\" src=\"https:\/\/vccf.org\/wp-content\/uploads\/2023\/05\/ben-suber.jpg\" alt=\"\" width=\"280\" height=\"280\" srcset=\"https:\/\/vccf.org\/wp-content\/uploads\/2023\/05\/ben-suber.jpg 280w, https:\/\/vccf.org\/wp-content\/uploads\/2023\/05\/ben-suber-150x150.jpg 150w, https:\/\/vccf.org\/wp-content\/uploads\/2023\/05\/ben-suber-12x12.jpg 12w\" sizes=\"auto, (max-width: 280px) 100vw, 280px\" \/><\/p>\n<p style=\"text-align: center;\"><strong>Ben Suber<\/strong><br \/>\nGestor y planificador del SIG<br \/>\nSchmitz y Asociados<\/p>\n<p>Lea el anuncio aqu\u00ed<\/p>","protected":false},"excerpt":{"rendered":"<p>Para versi\u00f3n en espa\u00f1ol, ver m\u00e1s abajo | For Spanish, see below Complete Reach Committee Newsletter July 2022 Hola, What a whirlwind we\u2019ve gone through! \u2026from COVID to Delta to&hellip;<\/p>","protected":false},"author":3,"featured_media":14492,"comment_status":"closed","ping_status":"closed","sticky":false,"template":"","format":"standard","meta":{"_acf_changed":false,"give_campaign_id":0,"footnotes":""},"categories":[27],"tags":[],"class_list":["post-18110","post","type-post","status-publish","format-standard","has-post-thumbnail","hentry","category-blog-posts"],"acf":[],"_links":{"self":[{"href":"https:\/\/vccf.org\/es\/wp-json\/wp\/v2\/posts\/18110","targetHints":{"allow":["GET"]}}],"collection":[{"href":"https:\/\/vccf.org\/es\/wp-json\/wp\/v2\/posts"}],"about":[{"href":"https:\/\/vccf.org\/es\/wp-json\/wp\/v2\/types\/post"}],"author":[{"embeddable":true,"href":"https:\/\/vccf.org\/es\/wp-json\/wp\/v2\/users\/3"}],"replies":[{"embeddable":true,"href":"https:\/\/vccf.org\/es\/wp-json\/wp\/v2\/comments?post=18110"}],"version-history":[{"count":0,"href":"https:\/\/vccf.org\/es\/wp-json\/wp\/v2\/posts\/18110\/revisions"}],"wp:featuredmedia":[{"embeddable":true,"href":"https:\/\/vccf.org\/es\/wp-json\/wp\/v2\/media\/14492"}],"wp:attachment":[{"href":"https:\/\/vccf.org\/es\/wp-json\/wp\/v2\/media?parent=18110"}],"wp:term":[{"taxonomy":"category","embeddable":true,"href":"https:\/\/vccf.org\/es\/wp-json\/wp\/v2\/categories?post=18110"},{"taxonomy":"post_tag","embeddable":true,"href":"https:\/\/vccf.org\/es\/wp-json\/wp\/v2\/tags?post=18110"}],"curies":[{"name":"wp","href":"https:\/\/api.w.org\/{rel}","templated":true}]}}