{"id":18221,"date":"2023-06-08T10:38:29","date_gmt":"2023-06-08T17:38:29","guid":{"rendered":"https:\/\/vccflegacy.wpenginepowered.com\/?p=18221"},"modified":"2025-02-11T17:00:39","modified_gmt":"2025-02-12T01:00:39","slug":"vccfs-first-ever-legacy-magazine-out-now","status":"publish","type":"post","link":"https:\/\/vccf.org\/es\/vccfs-first-ever-legacy-magazine-out-now\/","title":{"rendered":"La primera revista del legado de la VCCF, \u00a1ya a la venta!"},"content":{"rendered":"<p><\/p>\n<p class=\"already_translated\"><img loading=\"lazy\" decoding=\"async\" class=\"alignleft wp-image-18016\" src=\"https:\/\/vccf.org\/wp-content\/uploads\/2023\/05\/legacy-mag-cover.jpg\" alt=\"\" width=\"855\" height=\"1114\" srcset=\"https:\/\/vccf.org\/wp-content\/uploads\/2023\/05\/legacy-mag-cover.jpg 855w, https:\/\/vccf.org\/wp-content\/uploads\/2023\/05\/legacy-mag-cover-230x300.jpg 230w, https:\/\/vccf.org\/wp-content\/uploads\/2023\/05\/legacy-mag-cover-786x1024.jpg 786w, https:\/\/vccf.org\/wp-content\/uploads\/2023\/05\/legacy-mag-cover-768x1001.jpg 768w, https:\/\/vccf.org\/wp-content\/uploads\/2023\/05\/legacy-mag-cover-9x12.jpg 9w\" sizes=\"auto, (max-width: 855px) 100vw, 855px\" \/>La Fundaci\u00f3n Comunitaria del Condado de Ventura se enorgullece de publicar <a href=\"https:\/\/vccf.org\/SMPA_VCCF_5-24\/mobile\/index.html\">nuestra primera revista de legados, \"Un legado de generosidad\".<\/a> Esta publicaci\u00f3n de 42 p\u00e1ginas recoge el esp\u00edritu y el coraz\u00f3n de nuestros donantes, miembros de la comunidad, beneficiarios de subvenciones y l\u00edderes de organizaciones sin \u00e1nimo de lucro que viven los valores de la VCCF de confianza, transparencia, compasi\u00f3n, equidad, tenacidad, excelencia y conexi\u00f3n aut\u00e9ntica.<\/p>\n<p class=\"already_translated\">\"Un Legado de Generosidad\" cuenta la historia de su fundaci\u00f3n comunitaria y el papel que juega en las historias del Condado de Ventura a trav\u00e9s de su consultor\u00eda filantr\u00f3pica y liderazgo comunitario. Te invitamos a leer esta carta de amor a nuestra comunidad, mientras llevamos adelante el mensaje \"Somos Vecinos y Todos Contamos\" - somos\u00a0<em>todos<\/em>\u00a0vecinos y nosotros\u00a0<em>todos<\/em> \u00a1cuenta! Esta revista contiene 17 conmovedoras entrevistas y hermosas fotograf\u00edas de nuestra comunidad y sus inspiradores miembros.<\/p>\n<p>Esta revista tambi\u00e9n incluye un <a href=\"https:\/\/vccf.org\/SMPA_VCCF_financial_insert\/mobile\/index.html\">informe financiero de acompa\u00f1amiento de la revista para 2023, que puede leer aqu\u00ed<\/a>.<\/p>\n<p>Agradecemos enormemente la labor de Stacy Miller Public Affairs, una empresa local de relaciones p\u00fablicas, que ha trabajado incansablemente para elaborar esta impresionante publicaci\u00f3n.<\/p>","protected":false},"excerpt":{"rendered":"<p>The Ventura County Community Foundation is proud to release our first-ever legacy magazine, \u201cA Legacy of Generosity.\u201d This 42-page publication captures the spirit and heart of our donors, community members,&hellip;<\/p>","protected":false},"author":5,"featured_media":18054,"comment_status":"closed","ping_status":"closed","sticky":false,"template":"","format":"standard","meta":{"_acf_changed":false,"give_campaign_id":0,"footnotes":""},"categories":[27],"tags":[],"class_list":["post-18221","post","type-post","status-publish","format-standard","has-post-thumbnail","hentry","category-blog-posts"],"acf":[],"_links":{"self":[{"href":"https:\/\/vccf.org\/es\/wp-json\/wp\/v2\/posts\/18221","targetHints":{"allow":["GET"]}}],"collection":[{"href":"https:\/\/vccf.org\/es\/wp-json\/wp\/v2\/posts"}],"about":[{"href":"https:\/\/vccf.org\/es\/wp-json\/wp\/v2\/types\/post"}],"author":[{"embeddable":true,"href":"https:\/\/vccf.org\/es\/wp-json\/wp\/v2\/users\/5"}],"replies":[{"embeddable":true,"href":"https:\/\/vccf.org\/es\/wp-json\/wp\/v2\/comments?post=18221"}],"version-history":[{"count":0,"href":"https:\/\/vccf.org\/es\/wp-json\/wp\/v2\/posts\/18221\/revisions"}],"wp:featuredmedia":[{"embeddable":true,"href":"https:\/\/vccf.org\/es\/wp-json\/wp\/v2\/media\/18054"}],"wp:attachment":[{"href":"https:\/\/vccf.org\/es\/wp-json\/wp\/v2\/media?parent=18221"}],"wp:term":[{"taxonomy":"category","embeddable":true,"href":"https:\/\/vccf.org\/es\/wp-json\/wp\/v2\/categories?post=18221"},{"taxonomy":"post_tag","embeddable":true,"href":"https:\/\/vccf.org\/es\/wp-json\/wp\/v2\/tags?post=18221"}],"curies":[{"name":"wp","href":"https:\/\/api.w.org\/{rel}","templated":true}]}}