{"id":18698,"date":"2023-07-07T09:38:11","date_gmt":"2023-07-07T16:38:11","guid":{"rendered":"https:\/\/vccflegacy.wpenginepowered.com\/?p=18698"},"modified":"2025-01-29T07:47:09","modified_gmt":"2025-01-29T07:47:09","slug":"nonprofit-town-hall","status":"publish","type":"post","link":"https:\/\/vccf.org\/es\/nonprofit-town-hall\/","title":{"rendered":"Ayuntamiento sin \u00e1nimo de lucro"},"content":{"rendered":"<p>El asamble\u00edsta Steve Bennett, en colaboraci\u00f3n con la Ventura County Community Foundation y el Center for Nonprofit Leadership CLU, invit\u00f3 a organizaciones sin \u00e1nimo de lucro a una reuni\u00f3n para debatir las actualizaciones del presupuesto estatal y su impacto en la comunidad sin \u00e1nimo de lucro.<\/p>\n<p>Asm. Bennett homenaje\u00f3 a su organizaci\u00f3n sin \u00e1nimo de lucro del a\u00f1o 2023,\u00a0<a href=\"https:\/\/causenow.org\/\" target=\"_blank\" rel=\"noopener\">Alianza de la Costa Central Unida por una Econom\u00eda Sostenible (CAUSE)<\/a>en el acto.<\/p>\n<p><img loading=\"lazy\" decoding=\"async\" class=\"alignnone wp-image-18699\" src=\"https:\/\/vccflegacy.wpenginepowered.com\/wp-content\/uploads\/2023\/07\/nonprofit-of-year.jpg\" alt=\"Asm. Bennett honoring a CAUSE representative with an Assembly Resolution\" width=\"600\" height=\"447\" srcset=\"https:\/\/vccf.org\/wp-content\/uploads\/2023\/07\/nonprofit-of-year.jpg 951w, https:\/\/vccf.org\/wp-content\/uploads\/2023\/07\/nonprofit-of-year-300x224.jpg 300w, https:\/\/vccf.org\/wp-content\/uploads\/2023\/07\/nonprofit-of-year-768x573.jpg 768w, https:\/\/vccf.org\/wp-content\/uploads\/2023\/07\/nonprofit-of-year-16x12.jpg 16w\" sizes=\"auto, (max-width: 600px) 100vw, 600px\" \/><\/p>\n<p><strong><a href=\"https:\/\/www.youtube.com\/shorts\/B-L57sG5xfw\" target=\"_blank\" rel=\"noopener\">CAUSE, galardonada como organizaci\u00f3n sin \u00e1nimo de lucro del a\u00f1o por AD-38 en el almuerzo de Sacramento<\/a><\/strong><\/p>\n<p>Los invitados escucharon a un panel de experimentados l\u00edderes de organizaciones sin \u00e1nimo de lucro que responder\u00e1n a preguntas, abordar\u00e1n retos y compartir\u00e1n formas de reforzar las asociaciones en todo el condado.<\/p>\n<p>Organizaciones panelistas:<\/p>\n<ul>\n<li>Red de Justicia Clim\u00e1tica de la Costa Central<\/li>\n<li>Interfaz Servicios para la Infancia y la Familia<\/li>\n<li>Cl\u00ednica gratuita de Westminster<\/li>\n<li>Empresas Econ\u00f3micas de Mujeres (WEV)<\/li>\n<\/ul>\n<p>El panel fue moderado por Dena Jenson, Directora del Center for Nonprofit Leadership CLU.<\/p>\n<p><strong><a href=\"https:\/\/a38.asmdc.org\/sites\/a38.asmdc.org\/files\/2023-07\/Nonprofit%20Town%20Hall%20Slideshow.pdf\" target=\"_blank\" rel=\"noopener\">Presentaci\u00f3n de diapositivas del Ayuntamiento sin \u00e1nimo de lucro<\/a><\/strong><\/p>\n<p><strong>Legislaci\u00f3n sobre la Iniciativa de Equidad para las Organizaciones sin \u00c1nimo de Lucro de California<\/strong><\/p>\n<p><strong>AB-885 Contratos p\u00fablicos: organizaciones sin fines de lucro; Presentado por la asamble\u00edsta Luz Rivas. (2023-2024)<\/strong><\/p>\n<ul>\n<li><a href=\"https:\/\/leginfo.legislature.ca.gov\/faces\/billNavClient.xhtml?bill_id=202320240AB885\" target=\"_blank\" rel=\"noopener\">https:\/\/leginfo.legislature.ca.gov\/faces\/billNavClient.xhtml?bill_id=202320240AB885<\/a><\/li>\n<\/ul>\n<p><strong>AB-590 Subvenciones y contratos de asistencia financiados por el Estado: pagos anticipados; Presentado por el asamble\u00edsta Gregg Hart. (2023-2024)<\/strong><\/p>\n<ul>\n<li><a href=\"https:\/\/leginfo.legislature.ca.gov\/faces\/billTextClient.xhtml?bill_id=202320240AB590\" target=\"_blank\" rel=\"noopener\">https:\/\/leginfo.legislature.ca.gov\/faces\/billTextClient.xhtml?bill_id=202320240AB590<\/a><\/li>\n<li><a href=\"https:\/\/a38.asmdc.org\/sites\/a38.asmdc.org\/files\/2023-07\/ab-590-fact-sheet-hart.pdf\" target=\"_blank\" rel=\"noopener\">Hoja informativa AB 590<\/a><\/li>\n<\/ul>\n<p><strong>AB-696 Subvenciones y contratos de agencias estatales. Presentado por el miembro de la Asamblea Josh Lowenthal (2023-2024)<\/strong><\/p>\n<ul>\n<li><a href=\"https:\/\/leginfo.legislature.ca.gov\/faces\/billNavClient.xhtml?bill_id=202320240AB696\" target=\"_blank\" rel=\"noopener\">https:\/\/leginfo.legislature.ca.gov\/faces\/billNavClient.xhtml?bill_id=202320240AB696<\/a><\/li>\n<li><a href=\"https:\/\/a38.asmdc.org\/sites\/a38.asmdc.org\/files\/2023-07\/ab-696-fact-sheet-lowenthal.pdf\" target=\"_blank\" rel=\"noopener\">Hoja informativa AB 696<\/a><\/li>\n<\/ul>\n<p><strong>AB-860 Programas de subvenciones: administraci\u00f3n.<\/strong>\u00a0<strong>Presentado por el asamble\u00edsta Avelino Valencia. (2023-2024)<\/strong><\/p>\n<ul>\n<li><a href=\"https:\/\/leginfo.legislature.ca.gov\/faces\/billNavClient.xhtml?bill_id=202320240AB860\" target=\"_blank\" rel=\"noopener\">https:\/\/leginfo.legislature.ca.gov\/faces\/billNavClient.xhtml?bill_id=202320240AB860<\/a><\/li>\n<li><a href=\"https:\/\/a38.asmdc.org\/sites\/a38.asmdc.org\/files\/2023-07\/ab-860-fac-sheet-valencia.pdf\" target=\"_blank\" rel=\"noopener\">Hoja informativa AB 860<\/a><\/li>\n<\/ul>\n<p><strong>AB-619 Gobierno estatal: servicios de emergencia: proveedores de servicios sin fines de lucro. Presentado por el miembro de la Asamblea Vince Fong. (2023-2024)<\/strong><\/p>\n<ul>\n<li><a href=\"https:\/\/leginfo.legislature.ca.gov\/faces\/billNavClient.xhtml?bill_id=202320240AB619\" target=\"_blank\" rel=\"noopener\">https:\/\/leginfo.legislature.ca.gov\/faces\/billNavClient.xhtml?bill_id=202320240AB619<\/a><\/li>\n<li><a href=\"https:\/\/a38.asmdc.org\/sites\/a38.asmdc.org\/files\/2023-07\/ab-619-fact-sheet-fong.pdf\" target=\"_blank\" rel=\"noopener\">Hoja informativa AB 619<\/a><\/li>\n<\/ul>\n<p><strong>SB-336 Programas de subvenciones estatales: tasas de costes indirectos negociados. Presentado por el senador Umberg. (2023-2024)<\/strong><\/p>\n<ul>\n<li><a href=\"https:\/\/leginfo.legislature.ca.gov\/faces\/billNavClient.xhtml?bill_id=202320240SB336\" target=\"_blank\" rel=\"noopener\">https:\/\/leginfo.legislature.ca.gov\/faces\/billNavClient.xhtml?bill_id=202320240SB336<\/a><\/li>\n<li><a href=\"https:\/\/a38.asmdc.org\/sites\/a38.asmdc.org\/files\/2023-07\/sb-336-fact-sheet-umberg.pdf\" target=\"_blank\" rel=\"noopener\">SB 336 Hoja informativa<\/a><\/li>\n<\/ul>\n<p><strong>SB-557 California Prompt Payment Act: organizaciones sin fines de lucro. Presentado por la senadora Monique Lim\u00f3n. (2023-2024)<\/strong><\/p>\n<ul>\n<li><a href=\"https:\/\/leginfo.legislature.ca.gov\/faces\/billNavClient.xhtml?bill_id=202320240SB557\" target=\"_blank\" rel=\"noopener\">https:\/\/leginfo.legislature.ca.gov\/faces\/billNavClient.xhtml?bill_id=202320240SB557<\/a><\/li>\n<li><a href=\"https:\/\/a38.asmdc.org\/sites\/a38.asmdc.org\/files\/2023-07\/sb-557-fact-sheet-limon.pdf\" target=\"_blank\" rel=\"noopener\">SB 557 Hoja informativa<\/a><\/li>\n<\/ul>\n<p><strong>Biograf\u00edas de los socios\/panelistas (<a href=\"https:\/\/a38.asmdc.org\/sites\/a38.asmdc.org\/files\/2023-07\/nonproft-town-hall-speaker-bios.pdf\" target=\"_blank\" rel=\"noopener\">Ver PDF<\/a>)<\/strong><\/p>\n<h4>Socios<\/h4>\n<ul>\n<li>Dena Jenson, Directora, CLU Center for Nonprofit Leadership<\/li>\n<li>Mike Silacci, Director de Filantrop\u00eda, Fundaci\u00f3n Comunitaria del Condado de Ventura<\/li>\n<\/ul>\n<h4>Panelistas<\/h4>\n<ul>\n<li>Kelly Brown, Responsable de Impacto Comunitario, Interface Children and Family Services<br \/>\n<a href=\"https:\/\/www.icfs.org\/\" target=\"_blank\" rel=\"noopener\">https:\/\/www.icfs.org<\/a><\/li>\n<\/ul>\n<ul>\n<li>Nicki Parr, Directora de Operaciones, Women's Economic Ventures<br \/>\n<a href=\"https:\/\/www.wevonline.org\/\" target=\"_blank\" rel=\"noopener\">https:\/\/www.wevonline.org<\/a><\/li>\n<\/ul>\n<ul>\n<li>Lisa Safaeinili, Directora Ejecutiva, Westminster Free Clinic<br \/>\n<a href=\"https:\/\/westminsterclinic.org\/\" target=\"_blank\" rel=\"noopener\">https:\/\/westminsterclinic.org<\/a><\/li>\n<\/ul>\n<ul>\n<li>Lucas Zucker, miembro de la Red de Justicia Clim\u00e1tica de la Costa Central<br \/>\n<a href=\"https:\/\/www.cccjn.org\/\" target=\"_blank\" rel=\"noopener\">https:\/\/www.cccjn.org<\/a><\/li>\n<\/ul>\n<p><strong>Recursos<\/strong><\/p>\n<ul>\n<li>CalNonprofits:\u00a0<a href=\"https:\/\/calnonprofits.org\/\" target=\"_blank\" rel=\"noopener\">https:\/\/calnonprofits.org<\/a><br \/>\nLa Asociaci\u00f3n de organizaciones sin \u00e1nimo de lucro de California (CalNonprofits) es una organizaci\u00f3n estatal que re\u00fane a las organizaciones sin \u00e1nimo de lucro para abogar por las comunidades a las que servimos.<\/li>\n<\/ul>\n<p><a href=\"https:\/\/a38.asmdc.org\/event\/20230707-nonprofit-town-hall\" target=\"_blank\" rel=\"noopener\">Este art\u00edculo se public\u00f3 originalmente en el sitio web del asamble\u00edsta Steve Bennett.<\/a><\/p>","protected":false},"excerpt":{"rendered":"<p>Assemblymember Steve Bennett, in partnership with Ventura County Community Foundation and Center for Nonprofit Leadership CLU, hosted nonprofit organizations to a town hall to discuss state budget updates and its&hellip;<\/p>","protected":false},"author":5,"featured_media":18699,"comment_status":"closed","ping_status":"closed","sticky":false,"template":"","format":"standard","meta":{"_acf_changed":false,"give_campaign_id":0,"footnotes":""},"categories":[22],"tags":[],"class_list":["post-18698","post","type-post","status-publish","format-standard","has-post-thumbnail","hentry","category-latest-coverage"],"acf":[],"_links":{"self":[{"href":"https:\/\/vccf.org\/es\/wp-json\/wp\/v2\/posts\/18698","targetHints":{"allow":["GET"]}}],"collection":[{"href":"https:\/\/vccf.org\/es\/wp-json\/wp\/v2\/posts"}],"about":[{"href":"https:\/\/vccf.org\/es\/wp-json\/wp\/v2\/types\/post"}],"author":[{"embeddable":true,"href":"https:\/\/vccf.org\/es\/wp-json\/wp\/v2\/users\/5"}],"replies":[{"embeddable":true,"href":"https:\/\/vccf.org\/es\/wp-json\/wp\/v2\/comments?post=18698"}],"version-history":[{"count":0,"href":"https:\/\/vccf.org\/es\/wp-json\/wp\/v2\/posts\/18698\/revisions"}],"wp:featuredmedia":[{"embeddable":true,"href":"https:\/\/vccf.org\/es\/wp-json\/wp\/v2\/media\/18699"}],"wp:attachment":[{"href":"https:\/\/vccf.org\/es\/wp-json\/wp\/v2\/media?parent=18698"}],"wp:term":[{"taxonomy":"category","embeddable":true,"href":"https:\/\/vccf.org\/es\/wp-json\/wp\/v2\/categories?post=18698"},{"taxonomy":"post_tag","embeddable":true,"href":"https:\/\/vccf.org\/es\/wp-json\/wp\/v2\/tags?post=18698"}],"curies":[{"name":"wp","href":"https:\/\/api.w.org\/{rel}","templated":true}]}}