{"id":19457,"date":"2023-10-18T10:27:19","date_gmt":"2023-10-18T17:27:19","guid":{"rendered":"https:\/\/vccflegacy.wpenginepowered.com\/?p=19457"},"modified":"2026-02-26T10:47:27","modified_gmt":"2026-02-26T18:47:27","slug":"pacific-coast-business-times-releases-emergency-preparedness-presented-by-vccf","status":"publish","type":"post","link":"https:\/\/vccf.org\/es\/pacific-coast-business-times-releases-emergency-preparedness-presented-by-vccf\/","title":{"rendered":"Pacific Coast Business Times publica \"Preparaci\u00f3n para emergencias\", presentado por VCCF"},"content":{"rendered":"<div class=\"wp-block-image\">\n<figure class=\"alignleft size-large is-resized\"><img loading=\"lazy\" decoding=\"async\" width=\"751\" height=\"1024\" src=\"https:\/\/vccf.org\/wp-content\/uploads\/2023\/10\/24.31-emergency-prep-b-v3-cover-scaled-1-751x1024.jpg\" alt=\"The cover of the &quot;Emergency Preparedness&quot; guide\" class=\"wp-image-19459\" style=\"width:259px;height:auto\" srcset=\"https:\/\/vccf.org\/wp-content\/uploads\/2023\/10\/24.31-emergency-prep-b-v3-cover-scaled-1-751x1024.jpg 751w, https:\/\/vccf.org\/wp-content\/uploads\/2023\/10\/24.31-emergency-prep-b-v3-cover-scaled-1-220x300.jpg 220w, https:\/\/vccf.org\/wp-content\/uploads\/2023\/10\/24.31-emergency-prep-b-v3-cover-scaled-1-768x1048.jpg 768w, https:\/\/vccf.org\/wp-content\/uploads\/2023\/10\/24.31-emergency-prep-b-v3-cover-scaled-1-1126x1536.jpg 1126w, https:\/\/vccf.org\/wp-content\/uploads\/2023\/10\/24.31-emergency-prep-b-v3-cover-scaled-1-9x12.jpg 9w, https:\/\/vccf.org\/wp-content\/uploads\/2023\/10\/24.31-emergency-prep-b-v3-cover-scaled-1.jpg 1173w\" sizes=\"auto, (max-width: 751px) 100vw, 751px\" \/><\/figure>\n<\/div>\n\n\n<p>El Pacific Coast Business Times ha publicado recientemente \"Emergency Preparedness: Gu\u00eda para peque\u00f1as empresas y organizaciones sin \u00e1nimo de lucro de la Costa Central\". <strong><a href=\"https:\/\/www.pacbiztimes.com\/emergency-preparedness\/\" target=\"_blank\" rel=\"noopener\">que se puede leer aqu\u00ed.<\/a><\/strong><\/p>\n\n\n\n<p><strong>SOBRE ESTE INFORME ESPECIAL<\/strong><\/p>\n\n\n\n<p>Esta gu\u00eda est\u00e1 concebida para ayudar a las peque\u00f1as empresas y a las organizaciones sin \u00e1nimo de lucro a prepararse para las cat\u00e1strofes naturales y a ser conscientes de lo que es probable que ocurra a medida que se desarrolla una emergencia, as\u00ed como a comprender las etapas que conducir\u00e1n finalmente a la recuperaci\u00f3n para todos.<\/p>\n\n\n\n<p>Este informe ha sido elaborado y dise\u00f1ado por la artista gr\u00e1fica Courtney Abercrombie, con la ayuda adicional del coeditor Jorge Mercado, que ha buscado informaci\u00f3n en diversas fuentes estatales y federales.<\/p>\n\n\n\n<p>Este informe tambi\u00e9n ha contado con la ayuda del experto en preparaci\u00f3n para emergencias David Fukutomi y con una importante subvenci\u00f3n de la Fundaci\u00f3n Comunitaria del Condado de Ventura.<\/p>\n\n\n\n<p>Otros patrocinadores son VCCF, EDC, Assured Partners y el socio publicitario The Port of Hueneme. Se ha elaborado a partir de diversas fuentes, documentos p\u00fablicos, sitios web y material publicado.<\/p>","protected":false},"excerpt":{"rendered":"<p>El Pacific Coast Business Times ha publicado recientemente \"Emergency Preparedness: Gu\u00eda para peque\u00f1as empresas y organizaciones sin \u00e1nimo de lucro de la Costa Central\", que puede leer aqu\u00ed. ACERCA DE ESTE INFORME ESPECIAL Esta gu\u00eda...<\/p>","protected":false},"author":5,"featured_media":19459,"comment_status":"closed","ping_status":"closed","sticky":false,"template":"","format":"standard","meta":{"_acf_changed":false,"give_campaign_id":0,"footnotes":""},"categories":[22],"tags":[],"class_list":["post-19457","post","type-post","status-publish","format-standard","has-post-thumbnail","hentry","category-latest-coverage"],"acf":[],"_links":{"self":[{"href":"https:\/\/vccf.org\/es\/wp-json\/wp\/v2\/posts\/19457","targetHints":{"allow":["GET"]}}],"collection":[{"href":"https:\/\/vccf.org\/es\/wp-json\/wp\/v2\/posts"}],"about":[{"href":"https:\/\/vccf.org\/es\/wp-json\/wp\/v2\/types\/post"}],"author":[{"embeddable":true,"href":"https:\/\/vccf.org\/es\/wp-json\/wp\/v2\/users\/5"}],"replies":[{"embeddable":true,"href":"https:\/\/vccf.org\/es\/wp-json\/wp\/v2\/comments?post=19457"}],"version-history":[{"count":0,"href":"https:\/\/vccf.org\/es\/wp-json\/wp\/v2\/posts\/19457\/revisions"}],"wp:featuredmedia":[{"embeddable":true,"href":"https:\/\/vccf.org\/es\/wp-json\/wp\/v2\/media\/19459"}],"wp:attachment":[{"href":"https:\/\/vccf.org\/es\/wp-json\/wp\/v2\/media?parent=19457"}],"wp:term":[{"taxonomy":"category","embeddable":true,"href":"https:\/\/vccf.org\/es\/wp-json\/wp\/v2\/categories?post=19457"},{"taxonomy":"post_tag","embeddable":true,"href":"https:\/\/vccf.org\/es\/wp-json\/wp\/v2\/tags?post=19457"}],"curies":[{"name":"wp","href":"https:\/\/api.w.org\/{rel}","templated":true}]}}