{"id":20781,"date":"2024-03-30T11:26:24","date_gmt":"2024-03-30T18:26:24","guid":{"rendered":"https:\/\/vccflegacy.wpenginepowered.com\/?p=20781"},"modified":"2025-01-29T07:47:05","modified_gmt":"2025-01-29T07:47:05","slug":"staying-above-water","status":"publish","type":"post","link":"https:\/\/vccf.org\/es\/staying-above-water\/","title":{"rendered":"Mantenerse a flote"},"content":{"rendered":"<p>Expertos locales explican c\u00f3mo podr\u00eda afectar el cambio clim\u00e1tico al condado de Ventura<\/p>\n<p>Los residentes del condado de Ventura conocen muy bien los incendios, las inundaciones y la sequ\u00eda.<\/p>\n<p>Justicia para Todos del Condado de Ventura y la Fundaci\u00f3n Comunitaria del Condado de Ventura organizaron recientemente una mesa redonda para ofrecer a los residentes interesados una visi\u00f3n de c\u00f3mo el cambio clim\u00e1tico podr\u00eda afectar al condado.<\/p>\n<p>Justicia para Todos es una organizaci\u00f3n sin \u00e1nimo de lucro centrada en la equidad social, la justicia educativa, la equidad econ\u00f3mica, la sostenibilidad medioambiental y la protecci\u00f3n contra la violencia. El foro celebrado el 13 de febrero en la sede de la fundaci\u00f3n en Camarillo permiti\u00f3 a la comunidad escuchar a un panel de expertos, entre los que se encontraban el gestor medioambiental del Puerto de Hueneme, Giles Pettifor; el f\u00edsico y miembro de Citizens' Climate Lobby, Richard Esley; y Sof\u00eda Magall\u00f3n, en nombre de Central Coast Alliance United for a Sustainable Economy.<\/p>\n<p>Carl Morehouse, que pas\u00f3 17 a\u00f1os en el Ayuntamiento de Ventura y es miembro de la junta de Justicia para Todos, dijo que los cultivos que florecen en el condado de Ventura pueden sufrir estragos si hace demasiado calor.<\/p>\n<p>\"La forma de cultivar podr\u00eda cambiar. Podr\u00edamos ver m\u00e1s operaciones hidrop\u00f3nicas . ., no la amplia y abierta vegetaci\u00f3n en la que mucha gente piensa cuando se trata de cultivar en el condado de Ventura\".<\/p>\n<p>Dado que el clima del condado es conocido por ser templado todo el a\u00f1o, dijo Morehouse, una alteraci\u00f3n del tiempo podr\u00eda alejar a los trabajadores agr\u00edcolas de la regi\u00f3n.<\/p>\n<p>\"Estos factores est\u00e1n intr\u00ednsecamente ligados a la industria agr\u00edcola\", afirma.<\/p>\n<p>Otro tema candente fue el puerto de Hueneme, el mayor de aguas profundas entre Los \u00c1ngeles y San Francisco. Pettifor dijo que los responsables del puerto est\u00e1n a punto de iniciar un an\u00e1lisis cartogr\u00e1fico plurianual de las instalaciones. De este modo, el puerto de Hueneme podr\u00e1 determinar qu\u00e9 partes de su infraestructura son m\u00e1s vulnerables a la subida del nivel del mar y si es necesario elevar alguna zona del puerto.<\/p>\n<p>\"La ciencia ha ido evolucionando\", afirma Pettifor. \"En estos momentos, el aumento del nivel del mar puede ser de un pie en 2050 y de hasta tres pies en 2100. Eso es lo que est\u00e1n planeando la mayor\u00eda de las instituciones\".<\/p>\n<p>La dependencia de los combustibles f\u00f3siles es un componente importante del debate sobre el clima. Aunque la energ\u00eda procedente de combustibles f\u00f3siles ha disminuido ligeramente a lo largo de los a\u00f1os, sigue siendo constante.<\/p>\n<p>Lo que es cr\u00edtico a nivel estatal, dijo Pettifor, es la previsi\u00f3n futura de la demanda el\u00e9ctrica. La electricidad llega constantemente a los hogares, las empresas y pr\u00e1cticamente cualquier lugar que requiera encender las luces. Cuanta m\u00e1s electricidad utilice la gente en un momento dado, mayor ser\u00e1 la demanda.<\/p>\n<p>\"Esto est\u00e1 impulsando algunas conversaciones realmente importantes en torno a la infraestructura\", dijo. \"La previsi\u00f3n de demanda el\u00e9ctrica del Estado va a aumentar significativamente\".<\/p>\n<p>La esperanza es alimentar ese aumento de la demanda con energ\u00eda limpia, con la solar y la e\u00f3lica como principales alternativas.<\/p>\n<p>Los puertos a\u00e9reos, fluviales, mar\u00edtimos y pesqueros necesitan enormes cantidades de energ\u00eda para seguir funcionando. Por eso el puerto de Hueneme quiere alejarse de los combustibles f\u00f3siles.<\/p>\n<p>\"Pero tecnol\u00f3gicamente, esas otras fuentes de combustible a\u00fan no est\u00e1n realmente preparadas\", dijo Pettifor. \"Y el mundo entero est\u00e1 luchando con ese mismo reto\".<\/p>\n<p>En el desfile del D\u00eda de San Patricio de este a\u00f1o en Ventura, el puerto despleg\u00f3 un cami\u00f3n el\u00e9ctrico, muestra de su compromiso con esta tecnolog\u00eda.<\/p>\n<p>Para inscribirse en futuros foros, visite justiceforallvc.org.<\/p>\n<p><em><a href=\"https:\/\/www.thecamarilloacorn.com\/articles\/staying-above-water\/\" target=\"_blank\" rel=\"noopener\">Este art\u00edculo fue publicado por el Camarillo Acorn.<\/a><\/em><\/p>","protected":false},"excerpt":{"rendered":"<p>Local experts explain how climate change could affect Ventura County Ventura County residents know fire, flood, and drought all too well. Justice for All Ventura County and the Ventura County&hellip;<\/p>","protected":false},"author":5,"featured_media":20782,"comment_status":"closed","ping_status":"closed","sticky":false,"template":"","format":"standard","meta":{"_acf_changed":false,"give_campaign_id":0,"footnotes":""},"categories":[22],"tags":[],"class_list":["post-20781","post","type-post","status-publish","format-standard","has-post-thumbnail","hentry","category-latest-coverage"],"acf":[],"_links":{"self":[{"href":"https:\/\/vccf.org\/es\/wp-json\/wp\/v2\/posts\/20781","targetHints":{"allow":["GET"]}}],"collection":[{"href":"https:\/\/vccf.org\/es\/wp-json\/wp\/v2\/posts"}],"about":[{"href":"https:\/\/vccf.org\/es\/wp-json\/wp\/v2\/types\/post"}],"author":[{"embeddable":true,"href":"https:\/\/vccf.org\/es\/wp-json\/wp\/v2\/users\/5"}],"replies":[{"embeddable":true,"href":"https:\/\/vccf.org\/es\/wp-json\/wp\/v2\/comments?post=20781"}],"version-history":[{"count":0,"href":"https:\/\/vccf.org\/es\/wp-json\/wp\/v2\/posts\/20781\/revisions"}],"wp:featuredmedia":[{"embeddable":true,"href":"https:\/\/vccf.org\/es\/wp-json\/wp\/v2\/media\/20782"}],"wp:attachment":[{"href":"https:\/\/vccf.org\/es\/wp-json\/wp\/v2\/media?parent=20781"}],"wp:term":[{"taxonomy":"category","embeddable":true,"href":"https:\/\/vccf.org\/es\/wp-json\/wp\/v2\/categories?post=20781"},{"taxonomy":"post_tag","embeddable":true,"href":"https:\/\/vccf.org\/es\/wp-json\/wp\/v2\/tags?post=20781"}],"curies":[{"name":"wp","href":"https:\/\/api.w.org\/{rel}","templated":true}]}}