{"id":21878,"date":"2024-04-09T15:51:20","date_gmt":"2024-04-09T22:51:20","guid":{"rendered":"https:\/\/vccf.org\/?p=20845"},"modified":"2025-01-29T07:47:05","modified_gmt":"2025-01-29T07:47:05","slug":"ventura-county-community-foundation-announces-five-new-board-members","status":"publish","type":"post","link":"https:\/\/vccf.org\/es\/ventura-county-community-foundation-announces-five-new-board-members\/","title":{"rendered":"La Fundaci\u00f3n Comunitaria del Condado de Ventura anuncia la incorporaci\u00f3n de cinco nuevos miembros a su Patronato"},"content":{"rendered":"<p><img loading=\"lazy\" decoding=\"async\" class=\"size-full wp-image-20537 aligncenter\" src=\"https:\/\/vccf.org\/wp-content\/uploads\/2024\/02\/mike-januzik.png\" alt=\"Headshot of Mike Januzik\" width=\"300\" height=\"400\" srcset=\"https:\/\/vccf.org\/wp-content\/uploads\/2024\/02\/mike-januzik.png 300w, https:\/\/vccf.org\/wp-content\/uploads\/2024\/02\/mike-januzik-225x300.png 225w, https:\/\/vccf.org\/wp-content\/uploads\/2024\/02\/mike-januzik-9x12.png 9w\" sizes=\"auto, (max-width: 300px) 100vw, 300px\" \/><img loading=\"lazy\" decoding=\"async\" class=\"size-full wp-image-20530 aligncenter\" src=\"https:\/\/vccf.org\/wp-content\/uploads\/2022\/05\/leslie-leavens.png\" alt=\"Headshot of Leslie Leavens\" width=\"300\" height=\"400\" srcset=\"https:\/\/vccf.org\/wp-content\/uploads\/2022\/05\/leslie-leavens.png 300w, https:\/\/vccf.org\/wp-content\/uploads\/2022\/05\/leslie-leavens-225x300.png 225w, https:\/\/vccf.org\/wp-content\/uploads\/2022\/05\/leslie-leavens-9x12.png 9w\" sizes=\"auto, (max-width: 300px) 100vw, 300px\" \/><img loading=\"lazy\" decoding=\"async\" class=\"size-full wp-image-20451 aligncenter\" src=\"https:\/\/vccf.org\/wp-content\/uploads\/2022\/05\/cesar-morales.png\" alt=\"Headshot of Dr. Cesar Morales\" width=\"300\" height=\"400\" srcset=\"https:\/\/vccf.org\/wp-content\/uploads\/2022\/05\/cesar-morales.png 300w, https:\/\/vccf.org\/wp-content\/uploads\/2022\/05\/cesar-morales-225x300.png 225w, https:\/\/vccf.org\/wp-content\/uploads\/2022\/05\/cesar-morales-9x12.png 9w\" sizes=\"auto, (max-width: 300px) 100vw, 300px\" \/><img loading=\"lazy\" decoding=\"async\" class=\"size-full wp-image-20138 aligncenter\" src=\"https:\/\/vccf.org\/wp-content\/uploads\/2022\/02\/isabella-project-members-2.png\" alt=\"Headshot of Brando Pozzi\" width=\"300\" height=\"400\" srcset=\"https:\/\/vccf.org\/wp-content\/uploads\/2022\/02\/isabella-project-members-2.png 300w, https:\/\/vccf.org\/wp-content\/uploads\/2022\/02\/isabella-project-members-2-225x300.png 225w, https:\/\/vccf.org\/wp-content\/uploads\/2022\/02\/isabella-project-members-2-9x12.png 9w\" sizes=\"auto, (max-width: 300px) 100vw, 300px\" \/><img loading=\"lazy\" decoding=\"async\" class=\"size-full wp-image-20515 aligncenter\" src=\"https:\/\/vccf.org\/wp-content\/uploads\/2022\/05\/richard-yao.png\" alt=\"Headshot of Dr. Richard Yao\" width=\"300\" height=\"400\" srcset=\"https:\/\/vccf.org\/wp-content\/uploads\/2022\/05\/richard-yao.png 300w, https:\/\/vccf.org\/wp-content\/uploads\/2022\/05\/richard-yao-225x300.png 225w, https:\/\/vccf.org\/wp-content\/uploads\/2022\/05\/richard-yao-9x12.png 9w\" sizes=\"auto, (max-width: 300px) 100vw, 300px\" \/>Camarillo, CA - La Ventura County Community Foundation da la bienvenida a cinco l\u00edderes comunitarios como nuevos miembros de su Consejo de Administraci\u00f3n: Michael Januzik, Leslie Leavens, Dr. C\u00e9sar Morales, Brando Pozzi y Dr. Richard Yao.<\/p>\n<p>Januzik es Vicepresidente y Director Financiero de RAND Corporation. Es licenciado en Ciencias Econ\u00f3micas y Pol\u00edticas por la Universidad de California en Los \u00c1ngeles (UCLA), posee un m\u00e1ster en Administraci\u00f3n de Empresas por la Universidad del Sur de California y el t\u00edtulo de Analista Financiero Colegiado. Ha sido Vicepresidente Senior y Director Financiero de la Jewish Community Foundation de Los \u00c1ngeles, y Director Financiero de The California Endowment, adem\u00e1s de desempe\u00f1ar varios cargos de alto nivel en finanzas y administraci\u00f3n en los campos de la tecnolog\u00eda de la informaci\u00f3n y las telecomunicaciones.<\/p>\n<p>Leavens se jubil\u00f3 recientemente como vicepresidenta de finanzas y operaciones de la empresa agr\u00edcola de su familia, Leavens Ranches LLC, despu\u00e9s de trabajar all\u00ed durante 30 a\u00f1os. \u00a1Es miembro de la Ag Future Alliance y presidenta de House Farm Workers! Leavens tambi\u00e9n fue presidenta del Farm Bureau del condado de Ventura y se gradu\u00f3 en el Programa de Liderazgo Agr\u00edcola de California de la Universidad de California en Los \u00c1ngeles.<\/p>\n<p>Morales es superintendente de escuelas de la Oficina de Educaci\u00f3n del Condado de Ventura. Es presidente del Consejo de Administraci\u00f3n del Equipo de Asistencia y Gesti\u00f3n de Crisis Fiscales, miembro del consejo asesor de la Colaboraci\u00f3n para la Excelencia Educativa de California y ex presidente de la Asociaci\u00f3n de Superintendentes y Administradores Latinos de California. Como copresidente en todo el condado del Proyecto Isabella, convocado por la VCCF, cree firmemente en el poder de la educaci\u00f3n para ayudar a los j\u00f3venes a alcanzar sus sue\u00f1os.<\/p>\n<p>Pozzi dirige BP Innovations, una empresa familiar centrada en la inversi\u00f3n y gesti\u00f3n inmobiliarias. Es nieto de uno de los miembros fundadores del consejo de la VCCF, el promotor y fil\u00e1ntropo Martin V. \"Bud\" Smith, y form\u00f3 parte del consejo de la Fundaci\u00f3n Smith en la VCCF. Est\u00e1 orgulloso de continuar el legado filantr\u00f3pico local de su familia y forma parte de los Comit\u00e9s de Inversi\u00f3n de la VCCF y de la Fundaci\u00f3n McCune. Pozzi tambi\u00e9n es un antiguo alumno de la cohorte de becarios Katherine Harvey 2023 de Leading from Within.<\/p>\n<p>Yao es presidente de la California State University, Channel Islands desde enero de 2022. Tiene un doctorado en psicolog\u00eda cl\u00ednica por la Fielding Graduate University, un m\u00e1ster en psicolog\u00eda cl\u00ednica por la Eastern Illinois University y una licenciatura en psicolog\u00eda por la Eastern Illinois University. Yao lleg\u00f3 al CSUCI procedente del Nevada State College, donde fue decano fundador de estudiantes, director de asuntos estudiantiles y profesor titular de psicolog\u00eda. Tambi\u00e9n presidi\u00f3 el Consejo de Asuntos Estudiantiles del Sistema de Educaci\u00f3n Superior de Nevada.<\/p>\n<p>\"Es un honor para la VCCF que estos cinco estimados l\u00edderes se unan a nuestra junta\", dijo Sean Leonard, presidente de la Junta Directiva de la VCCF. \"Su riqueza de experiencia y habilidades \u00fanicas contribuir\u00e1n en gran medida a nuestros esfuerzos para servir al condado de Ventura. Su dedicaci\u00f3n y pasi\u00f3n por nuestra comunidad es inspiradora, y cada uno aporta valiosas ideas que har\u00e1n avanzar nuestras iniciativas estrat\u00e9gicas. No podr\u00edamos estar m\u00e1s emocionados y agradecidos de darles la bienvenida al equipo.\"<\/p>","protected":false},"excerpt":{"rendered":"<p>Camarillo, CA \u2013 The Ventura County Community Foundation welcomes five community leaders as new members of its Board of Directors: Michael Januzik, Leslie Leavens, Dr. C\u00e9sar Morales, Brando Pozzi and&hellip;<\/p>","protected":false},"author":3,"featured_media":17143,"comment_status":"closed","ping_status":"closed","sticky":false,"template":"","format":"standard","meta":{"_acf_changed":false,"give_campaign_id":0,"footnotes":""},"categories":[27,22],"tags":[],"class_list":["post-21878","post","type-post","status-publish","format-standard","has-post-thumbnail","hentry","category-blog-posts","category-latest-coverage"],"acf":[],"_links":{"self":[{"href":"https:\/\/vccf.org\/es\/wp-json\/wp\/v2\/posts\/21878","targetHints":{"allow":["GET"]}}],"collection":[{"href":"https:\/\/vccf.org\/es\/wp-json\/wp\/v2\/posts"}],"about":[{"href":"https:\/\/vccf.org\/es\/wp-json\/wp\/v2\/types\/post"}],"author":[{"embeddable":true,"href":"https:\/\/vccf.org\/es\/wp-json\/wp\/v2\/users\/3"}],"replies":[{"embeddable":true,"href":"https:\/\/vccf.org\/es\/wp-json\/wp\/v2\/comments?post=21878"}],"version-history":[{"count":0,"href":"https:\/\/vccf.org\/es\/wp-json\/wp\/v2\/posts\/21878\/revisions"}],"wp:featuredmedia":[{"embeddable":true,"href":"https:\/\/vccf.org\/es\/wp-json\/wp\/v2\/media\/17143"}],"wp:attachment":[{"href":"https:\/\/vccf.org\/es\/wp-json\/wp\/v2\/media?parent=21878"}],"wp:term":[{"taxonomy":"category","embeddable":true,"href":"https:\/\/vccf.org\/es\/wp-json\/wp\/v2\/categories?post=21878"},{"taxonomy":"post_tag","embeddable":true,"href":"https:\/\/vccf.org\/es\/wp-json\/wp\/v2\/tags?post=21878"}],"curies":[{"name":"wp","href":"https:\/\/api.w.org\/{rel}","templated":true}]}}