{"id":21988,"date":"2024-11-08T11:36:31","date_gmt":"2024-11-08T19:36:31","guid":{"rendered":"https:\/\/vccf.org\/?p=21988"},"modified":"2025-01-29T07:47:03","modified_gmt":"2025-01-29T07:47:03","slug":"governor-views-mountain-fire-devastation-more-than-20000-acres-burned-scores-of-homes-destroyed","status":"publish","type":"post","link":"https:\/\/vccf.org\/es\/governor-views-mountain-fire-devastation-more-than-20000-acres-burned-scores-of-homes-destroyed\/","title":{"rendered":"El Gobernador observa la devastaci\u00f3n causada por el incendio de la monta\u00f1a, con m\u00e1s de 20.000 hect\u00e1reas quemadas y decenas de casas destruidas"},"content":{"rendered":"<p><em><a href=\"https:\/\/www.kvta.com\/news\/governor-views-mountain-fire-devastation-more-than-20000-acres-burned-scores-of-homes-destroyed\/\" target=\"_blank\" rel=\"noopener\">Este art\u00edculo fue publicado originalmente por KVTA.<\/a><\/em><\/p>\n<p>Actualizaci\u00f3n-Gobernador Newsom recorri\u00f3 la devastaci\u00f3n del \"Mountain Fire\" Jueves como \u00e9l proclam\u00f3 un estado de emergencia para el condado de Ventura que significar\u00e1 fondos estatales y federales y otros recursos para ayudar a hacer frente a la cat\u00e1strofe.<\/p>\n<p>La visita del Gobernador se produjo en un d\u00eda en el que los resultados iniciales de las encuestas revelaron que al menos 132 viviendas y otras estructuras hab\u00edan quedado destruidas y 88 hab\u00edan sufrido da\u00f1os.<\/p>\n<p>La encuesta acaba de empezar y se espera que esas cifras aumenten.<\/p>\n<p>Miles de personas han sido desplazadas por el incendio sin que se sepa cu\u00e1ndo podr\u00e1n regresar, suponiendo que tengan algo a lo que volver.<\/p>\n<p>Mientras tanto, el jueves se produjo una llamarada en el extremo oriental del incendio, cerca de donde se inici\u00f3 el mi\u00e9rcoles por la ma\u00f1ana.<\/p>\n<p>El n\u00famero total de hect\u00e1reas quemadas hasta ahora es de m\u00e1s de 20.000 con s\u00f3lo 5% de contenci\u00f3n.<\/p>\n<p>Pero la situaci\u00f3n est\u00e1 empezando a mejorar a medida que el tiempo se vuelve m\u00e1s favorable para los bomberos y el jueves las condiciones del viento permitieron por fin que los grandes aviones cisterna de ala fija hicieran su trabajo lanzando cantidades masivas de retardante del fuego.<\/p>\n<p>Varias escuelas permanecen cerradas al menos hasta la semana que viene y tambi\u00e9n siguen en vigor numerosos cierres de carreteras.<\/p>\n<p>Se sigue investigando la causa del incendio.<\/p>\n<p>Varias organizaciones est\u00e1n trabajando para ayudar a las v\u00edctimas del incendio, entre ellas la Fundaci\u00f3n Comunitaria del Condado de Ventura y la C\u00e1mara de Ventura.<\/p>","protected":false},"excerpt":{"rendered":"<p>This article was originally published by KVTA. Update&#8211;Governor Newsom toured the devastation of the &#8220;Mountain Fire&#8221; Thursday as he proclaimed a State of Emergency for Ventura County that will mean&hellip;<\/p>","protected":false},"author":3,"featured_media":21997,"comment_status":"closed","ping_status":"closed","sticky":false,"template":"","format":"standard","meta":{"_acf_changed":false,"give_campaign_id":0,"footnotes":""},"categories":[22],"tags":[],"class_list":["post-21988","post","type-post","status-publish","format-standard","has-post-thumbnail","hentry","category-latest-coverage"],"acf":[],"_links":{"self":[{"href":"https:\/\/vccf.org\/es\/wp-json\/wp\/v2\/posts\/21988","targetHints":{"allow":["GET"]}}],"collection":[{"href":"https:\/\/vccf.org\/es\/wp-json\/wp\/v2\/posts"}],"about":[{"href":"https:\/\/vccf.org\/es\/wp-json\/wp\/v2\/types\/post"}],"author":[{"embeddable":true,"href":"https:\/\/vccf.org\/es\/wp-json\/wp\/v2\/users\/3"}],"replies":[{"embeddable":true,"href":"https:\/\/vccf.org\/es\/wp-json\/wp\/v2\/comments?post=21988"}],"version-history":[{"count":0,"href":"https:\/\/vccf.org\/es\/wp-json\/wp\/v2\/posts\/21988\/revisions"}],"wp:featuredmedia":[{"embeddable":true,"href":"https:\/\/vccf.org\/es\/wp-json\/wp\/v2\/media\/21997"}],"wp:attachment":[{"href":"https:\/\/vccf.org\/es\/wp-json\/wp\/v2\/media?parent=21988"}],"wp:term":[{"taxonomy":"category","embeddable":true,"href":"https:\/\/vccf.org\/es\/wp-json\/wp\/v2\/categories?post=21988"},{"taxonomy":"post_tag","embeddable":true,"href":"https:\/\/vccf.org\/es\/wp-json\/wp\/v2\/tags?post=21988"}],"curies":[{"name":"wp","href":"https:\/\/api.w.org\/{rel}","templated":true}]}}