{"id":22075,"date":"2024-11-12T10:40:55","date_gmt":"2024-11-12T18:40:55","guid":{"rendered":"https:\/\/vccf.org\/?p=22033"},"modified":"2025-01-29T07:47:03","modified_gmt":"2025-01-29T07:47:03","slug":"mountain-fire-community-meeting-filled-with-questions-tears-and-hope-were-lucky-to-be-alive","status":"publish","type":"post","link":"https:\/\/vccf.org\/es\/mountain-fire-community-meeting-filled-with-questions-tears-and-hope-were-lucky-to-be-alive\/","title":{"rendered":"La reuni\u00f3n de la comunidad de Mountain Fire se llena de preguntas, l\u00e1grimas y esperanza: \"Tenemos suerte de estar vivos\"."},"content":{"rendered":"<p><a href=\"https:\/\/abc7.com\/post\/mountain-fire-community-meeting-filled-questions-tears-hope-were-lucky-alive\/15537785\/\" target=\"_blank\" rel=\"noopener\"><em>Vanessa Bechtel, Presidenta y Directora General de la VCCF, fue entrevistada por ABC7 Eyewitness News para el siguiente reportaje sobre el incendio de la monta\u00f1a.<\/em><\/a><iframe loading=\"lazy\" src=\"https:\/\/abc7.com\/video\/embed\/?pid=15538847\" width=\"640\" height=\"360\" frameborder=\"0\" allowfullscreen=\"allowfullscreen\"><\/iframe>CAMARILLO, California (KABC) - A medida que los equipos aumentaron la contenci\u00f3n del incendio de monta\u00f1a a 36%, los residentes que perdieron sus hogares todav\u00eda est\u00e1n tratando de averiguar lo que sigue.<\/p>\n<p>Los bomberos organizaron una reuni\u00f3n comunitaria el domingo para responder a las preguntas de los asistentes, entre los que hubo l\u00e1grimas y frustraci\u00f3n.<\/p>\n<p>\"Lo hemos perdido todo, pero estamos vivos, \u00bfsabes? Tenemos suerte de estar vivos\", dijo Candice Strickland, que perdi\u00f3 su casa de Camarillo Heights.<\/p>\n<p>Afirma que el fuego se propag\u00f3 a su casa tan r\u00e1pidamente que no recibi\u00f3 ninguna alerta de evacuaci\u00f3n.<\/p>\n<p>\"No tuvimos ninguna advertencia. Si no lo hubiera conseguido, me habr\u00eda quedado atrapado\".<\/p>\n<p>Strickland dijo que un buen samaritano le pag\u00f3 la gasolina para que pudiera asistir a la reuni\u00f3n del domingo. Se ha creado un GoFundMe para ayudarla a ella y a su familia.<\/p>\n<p>En general, la mayor\u00eda de las personas dijeron a ABC7 que obtuvieron las respuestas que buscaban. Sin embargo, Strickland sigue buscando refugio.<\/p>\n<p>\"No tenemos d\u00f3nde quedarnos. No sabemos d\u00f3nde nos alojaremos esta noche\", dijo.<\/p>\n<p>La Cruz Roja Americana ha establecido cuatro puntos de asistencia en la zona para ayudar a los residentes que lo perdieron todo, incluida la ayuda para solicitar ayuda a las agencias gubernamentales.<\/p>\n<p>\"Son lugares fijos donde la gente puede ir y hablar con nuestros voluntarios, obtener algunos suministros\", dijo Lori Wilson con la Cruz Roja Americana. \"Tambi\u00e9n podemos averiguar qu\u00e9 necesidades adicionales que puedan tener para que cuando empezamos a hacer nuestra respuesta al desastre y la recuperaci\u00f3n tambi\u00e9n podemos llegar a ellos tambi\u00e9n.\"<\/p>\n<h2 class=\"RxNCg ykkUm PvZ nIjPJ PMXYp LmsHF SfAHY mNgye lNbol LBPRq\">Los bomberos describen las terribles condiciones del incendio de monta\u00f1a<\/h2>\n<p class=\"EkqkG IGXmU nlgHS yuUao lqtkC TjIXL aGjvy\">Las autoridades de bomberos describieron el domingo la lucha contra vientos feroces y aullantes y el rescate de personas durante el explosivo incendio.<\/p>\n<p class=\"EkqkG IGXmU nlgHS yuUao lqtkC TjIXL aGjvy\">La superficie del incendio sigue siendo de unos 32 kil\u00f3metros cuadrados. Cientos de bomberos siguen trabajando para controlar el fuego, pero a partir del lunes la mayor\u00eda de las llamas activas est\u00e1n quemando a trav\u00e9s de los campos agr\u00edcolas y no amenazan a los hogares.<\/p>\n<p class=\"EkqkG IGXmU nlgHS yuUao lqtkC TjIXL aGjvy\">\"Estoy agradecido por el n\u00famero de vidas que se han salvado y por el hecho de que no se haya registrado ninguna v\u00edctima mortal\", declar\u00f3 emocionado el Jefe de Bomberos del condado de Ventura, Dustin Gardner, en la reuni\u00f3n comunitaria.<\/p>\n<p class=\"EkqkG IGXmU nlgHS yuUao lqtkC TjIXL aGjvy\">\"S\u00e9 que sufrimos grandes da\u00f1os, pero se salvaron miles de hogares y se rescataron cientos de vidas. S\u00e9 que cometimos errores, pero aprenderemos de ellos\", afirm\u00f3.<\/p>\n<p class=\"EkqkG IGXmU nlgHS yuUao lqtkC TjIXL aGjvy\">Los funcionarios de seguridad p\u00fablica del condado de Ventura dijeron que se hab\u00edan preparado para vientos secos, c\u00e1lidos y racheados del noreste de Santa Ana. Pero el fuego que estall\u00f3 el mi\u00e9rcoles por la ma\u00f1ana explot\u00f3 en tama\u00f1o con vientos racheados a 80 mph y brasas que volaron de huertos 2-1\/2 millas de distancia a los barrios residenciales alrededor de la comunidad de Camarillo.<\/p>\n<p class=\"EkqkG IGXmU nlgHS yuUao lqtkC TjIXL aGjvy\">El incendio destruy\u00f3 m\u00e1s de 100 viviendas.<\/p>\n<p class=\"EkqkG IGXmU nlgHS yuUao lqtkC TjIXL aGjvy\">Se est\u00e1 investigando la causa del incendio mientras los equipos de inspecci\u00f3n siguen evaluando los da\u00f1os.<\/p>\n<p class=\"EkqkG IGXmU nlgHS yuUao lqtkC TjIXL aGjvy\">El mi\u00e9rcoles a las 18:30 se celebrar\u00e1 otra reuni\u00f3n comunitaria en el instituto Rancho Campana.<\/p>\n<p class=\"EkqkG IGXmU nlgHS yuUao lqtkC TjIXL aGjvy\"><em>The Associated Press contribuy\u00f3 a este reportaje.<\/em><\/p>\n<p><\/p>","protected":false},"excerpt":{"rendered":"<p>VCCF President &amp; CEO Vanessa Bechtel was interviewed by ABC7 Eyewitness News for the following news piece on the Mountain Fire.CAMARILLO, Calif. (KABC) &#8212; As crews increased containment of the&hellip;<\/p>","protected":false},"author":3,"featured_media":5797,"comment_status":"closed","ping_status":"closed","sticky":false,"template":"","format":"standard","meta":{"_acf_changed":false,"give_campaign_id":0,"footnotes":""},"categories":[22],"tags":[],"class_list":["post-22075","post","type-post","status-publish","format-standard","has-post-thumbnail","hentry","category-latest-coverage"],"acf":[],"_links":{"self":[{"href":"https:\/\/vccf.org\/es\/wp-json\/wp\/v2\/posts\/22075","targetHints":{"allow":["GET"]}}],"collection":[{"href":"https:\/\/vccf.org\/es\/wp-json\/wp\/v2\/posts"}],"about":[{"href":"https:\/\/vccf.org\/es\/wp-json\/wp\/v2\/types\/post"}],"author":[{"embeddable":true,"href":"https:\/\/vccf.org\/es\/wp-json\/wp\/v2\/users\/3"}],"replies":[{"embeddable":true,"href":"https:\/\/vccf.org\/es\/wp-json\/wp\/v2\/comments?post=22075"}],"version-history":[{"count":0,"href":"https:\/\/vccf.org\/es\/wp-json\/wp\/v2\/posts\/22075\/revisions"}],"wp:featuredmedia":[{"embeddable":true,"href":"https:\/\/vccf.org\/es\/wp-json\/wp\/v2\/media\/5797"}],"wp:attachment":[{"href":"https:\/\/vccf.org\/es\/wp-json\/wp\/v2\/media?parent=22075"}],"wp:term":[{"taxonomy":"category","embeddable":true,"href":"https:\/\/vccf.org\/es\/wp-json\/wp\/v2\/categories?post=22075"},{"taxonomy":"post_tag","embeddable":true,"href":"https:\/\/vccf.org\/es\/wp-json\/wp\/v2\/tags?post=22075"}],"curies":[{"name":"wp","href":"https:\/\/api.w.org\/{rel}","templated":true}]}}