{"id":22120,"date":"2024-11-19T14:43:03","date_gmt":"2024-11-19T22:43:03","guid":{"rendered":"https:\/\/vccf.org\/?p=22119"},"modified":"2025-01-29T07:47:02","modified_gmt":"2025-01-29T07:47:02","slug":"wells-fargo-announces-grants-for-mountain-fire-recovery","status":"publish","type":"post","link":"https:\/\/vccf.org\/es\/wells-fargo-announces-grants-for-mountain-fire-recovery\/","title":{"rendered":"Wells Fargo anuncia subvenciones para la recuperaci\u00f3n tras el incendio de la monta\u00f1a"},"content":{"rendered":"<p><em><a href=\"https:\/\/www.pacbiztimes.com\/2024\/11\/14\/wells-fargo-announces-grants-for-mountain-fire-recovery\/?mc_cid=1581beed0f&amp;mc_eid=c8d7e18f46\" target=\"_blank\" rel=\"noopener\">Este art\u00edculo fue publicado originalmente por Pacific Coast Business Times.<\/a><\/em><\/p>\n<p>Fundraising for victims of the Mountain Fire got a significant boost on Nov. 13 when Wells Fargo announced a $100,000 grant to support Ventura County Community Foundation and recovery efforts.<\/p>\n<p>According to VCCF CEO Vanessa Bechtel, the foundation had already provided over $100,000 in support and provided an additional $50,000 to the Red Cross to support fire victims. The Wells Fargo gift will substantially boost the availability\u00a0of help for those who lost homes or suffered damage during the fire.<\/p>\n<p>\u201cThe devastation caused by these fires takes families years to recover from, and we understand how vital financial assistance is during these challenging times,\u201d said K\u00e4ren Woodruff, Senior Vice President of Community Relations for Wells Fargo. \u201cWells Fargo is determined to be there to help, and we are deeply grateful to all who are joining with us to support our neighbors in need.\u201d<\/p>\n<p>Bechtel said she was pleased by the volume of small gifts in the $25 range that flooded in after a call for funding went out. \u201cPhilanthropy is in our DNA,\u201d she said.<\/p>\n<p>Specifically, VCCF has made a $103,500 in commitments for the Mountain Fire support from the Ventura County Wildfire Relief and Recovery Fund.<\/p>\n<p>Of that, $87,000 has been for direct financial assistance for fire victims.<\/p>\n<p>$10,000 has gone to animal emergency evacuations, and VCCF has made a grant to Interface Children &amp; Family Services for $6,500 to support their work with fire victims including 211 responses.<\/p>\n<p>Find out more at vccf.org.<\/p>","protected":false},"excerpt":{"rendered":"<p>Este art\u00edculo fue publicado originalmente por el Pacific Coast Business Times. La recaudaci\u00f3n de fondos para las v\u00edctimas del incendio de la Monta\u00f1a recibi\u00f3 un importante impulso el 13 de noviembre, cuando Wells Fargo anunci\u00f3 un...<\/p>","protected":false},"author":3,"featured_media":21885,"comment_status":"closed","ping_status":"closed","sticky":false,"template":"","format":"standard","meta":{"_acf_changed":false,"give_campaign_id":0,"footnotes":""},"categories":[22],"tags":[],"class_list":["post-22120","post","type-post","status-publish","format-standard","has-post-thumbnail","hentry","category-latest-coverage"],"acf":[],"_links":{"self":[{"href":"https:\/\/vccf.org\/es\/wp-json\/wp\/v2\/posts\/22120","targetHints":{"allow":["GET"]}}],"collection":[{"href":"https:\/\/vccf.org\/es\/wp-json\/wp\/v2\/posts"}],"about":[{"href":"https:\/\/vccf.org\/es\/wp-json\/wp\/v2\/types\/post"}],"author":[{"embeddable":true,"href":"https:\/\/vccf.org\/es\/wp-json\/wp\/v2\/users\/3"}],"replies":[{"embeddable":true,"href":"https:\/\/vccf.org\/es\/wp-json\/wp\/v2\/comments?post=22120"}],"version-history":[{"count":0,"href":"https:\/\/vccf.org\/es\/wp-json\/wp\/v2\/posts\/22120\/revisions"}],"wp:featuredmedia":[{"embeddable":true,"href":"https:\/\/vccf.org\/es\/wp-json\/wp\/v2\/media\/21885"}],"wp:attachment":[{"href":"https:\/\/vccf.org\/es\/wp-json\/wp\/v2\/media?parent=22120"}],"wp:term":[{"taxonomy":"category","embeddable":true,"href":"https:\/\/vccf.org\/es\/wp-json\/wp\/v2\/categories?post=22120"},{"taxonomy":"post_tag","embeddable":true,"href":"https:\/\/vccf.org\/es\/wp-json\/wp\/v2\/tags?post=22120"}],"curies":[{"name":"wp","href":"https:\/\/api.w.org\/{rel}","templated":true}]}}