{"id":22523,"date":"2024-10-12T15:36:00","date_gmt":"2024-10-12T22:36:00","guid":{"rendered":"https:\/\/vccf.org\/?p=22523"},"modified":"2025-02-11T15:38:04","modified_gmt":"2025-02-11T23:38:04","slug":"isabella-project-todos-juntos-por-los-ninos-childrens-festival-saturday-free-at-glen-city-school","status":"publish","type":"post","link":"https:\/\/vccf.org\/es\/isabella-project-todos-juntos-por-los-ninos-childrens-festival-saturday-free-at-glen-city-school\/","title":{"rendered":"Proyecto Isabella: Festival Infantil Todos Juntos Por Los Ni\u00f1os S\u00e1bado gratis en Glen City School"},"content":{"rendered":"<p><a href=\"https:\/\/santapaulatimes.com\/\" target=\"_blank\" rel=\"noopener\"><em>Este art\u00edculo fue publicado originalmente por el Santa Paula Times.<\/em><\/a><\/p>\n\n\n\n<p>El Proyecto Isabella celebrar\u00e1 su Festival Infantil inaugural Todos Juntos Por Los Ni\u00f1os en Santa Paula el s\u00e1bado 19 de octubre, de 11.00 a 15.00 horas, para compartir informaci\u00f3n sobre la educaci\u00f3n en la primera infancia a la vez que se ofrece diversi\u00f3n familiar gratuita a la comunidad.<\/p>\n\n\n\n<p>El proyecto piloto centrado en Santa Paula organiz\u00f3 este acto en la escuela primaria Glen City para dar a conocer al condado de Ventura la labor del programa a trav\u00e9s de puestos de recursos para la infancia, actividades de ocio para toda la familia y mucho m\u00e1s.<\/p>\n\n\n\n<p>\"La comunidad ha sido la columna vertebral del Proyecto Isabella, y estamos muy contentos de llevar este festival a las personas que est\u00e1n ayudando a hacer los sue\u00f1os de nuestros m\u00e1s j\u00f3venes de Santa Paul posible\", dijo el Dr. Gabino Aguirre, co-presidente del Proyecto Isabella. \"\u00a1Traigan a sus hijos, sus amigos, nietos, vecinos y \u00fananse a nosotros para un d\u00eda de actividades divertidas e informaci\u00f3n importante!\".<\/p>\n\n\n\n<p>Con m\u00e1s de 120 miembros en el Proyecto Isabella, el evento contar\u00e1 con stands de miembros del proyecto como la Universidad Estatal de California, Channel Islands; la Oficina de Educaci\u00f3n del Condado de Ventura; kidSTREAM; Child Development Resources; First 5 Ventura County; y 40 grupos m\u00e1s.<\/p>\n\n\n\n<p>Las familias podr\u00e1n disfrutar de una atracci\u00f3n de tren, camiones de comida y pintacaras, as\u00ed como de actuaciones en directo de bailarines de baile folcl\u00f3rico, un mago y un grupo juvenil de artes marciales.<\/p>\n\n\n\n<p>No es necesario comprar entradas ni inscribirse para asistir a esta celebraci\u00f3n comunitaria.<\/p>\n\n\n\n<p>Este festival, as\u00ed como algunos eventos futuros previstos, es posible gracias a una subvenci\u00f3n de $100.000 del Programa de Subvenciones para la Resiliencia, el Desarrollo de Capacidades y el Compromiso Comunitario de la Liga de Fundaciones Comunitarias de California para apoyar a las organizaciones mensajeras de confianza en la promoci\u00f3n de la educaci\u00f3n infantil de la m\u00e1s alta calidad.<\/p>\n\n\n\n<p>Sobre el Proyecto Isabella<\/p>\n\n\n\n<p>El Proyecto Isabella es un proyecto piloto con el objetivo de garantizar que todos los ni\u00f1os de Santa Paula tengan acceso a una atenci\u00f3n y educaci\u00f3n tempranas de alta calidad y a tiempo completo que satisfagan las necesidades de sus familias. Convocado por primera vez por la Fundaci\u00f3n Comunitaria del Condado de Ventura en 2021, este grupo se compone ahora de m\u00e1s de 120 socios comunitarios de todo el condado de Ventura y de sectores que van desde la educaci\u00f3n superior a la atenci\u00f3n infantil, pasando por la salud mental y mucho m\u00e1s.<\/p>\n\n\n\n<p>El proyecto pretende ser un modelo para crear una red de atenci\u00f3n integral a trav\u00e9s de proveedores preexistentes y nuevos en toda la ciudad que pueda reproducirse en ciudades de todo el condado. <a href=\"http:\/\/vccf.org\/es\/isabella-project\/\">vccf.org\/proyecto-isabella<\/a><\/p>","protected":false},"excerpt":{"rendered":"<p>This article was originally published by the Santa Paula Times. The Isabella Project will host its inaugural Todos Juntos Por Los Ni\u00f1os Children\u2019s Festival in Santa Paula on Saturday, Oct.&hellip;<\/p>","protected":false},"author":8,"featured_media":0,"comment_status":"closed","ping_status":"closed","sticky":false,"template":"","format":"standard","meta":{"_acf_changed":false,"give_campaign_id":0,"footnotes":""},"categories":[22],"tags":[],"class_list":["post-22523","post","type-post","status-publish","format-standard","hentry","category-latest-coverage"],"acf":[],"_links":{"self":[{"href":"https:\/\/vccf.org\/es\/wp-json\/wp\/v2\/posts\/22523","targetHints":{"allow":["GET"]}}],"collection":[{"href":"https:\/\/vccf.org\/es\/wp-json\/wp\/v2\/posts"}],"about":[{"href":"https:\/\/vccf.org\/es\/wp-json\/wp\/v2\/types\/post"}],"author":[{"embeddable":true,"href":"https:\/\/vccf.org\/es\/wp-json\/wp\/v2\/users\/8"}],"replies":[{"embeddable":true,"href":"https:\/\/vccf.org\/es\/wp-json\/wp\/v2\/comments?post=22523"}],"version-history":[{"count":0,"href":"https:\/\/vccf.org\/es\/wp-json\/wp\/v2\/posts\/22523\/revisions"}],"wp:attachment":[{"href":"https:\/\/vccf.org\/es\/wp-json\/wp\/v2\/media?parent=22523"}],"wp:term":[{"taxonomy":"category","embeddable":true,"href":"https:\/\/vccf.org\/es\/wp-json\/wp\/v2\/categories?post=22523"},{"taxonomy":"post_tag","embeddable":true,"href":"https:\/\/vccf.org\/es\/wp-json\/wp\/v2\/tags?post=22523"}],"curies":[{"name":"wp","href":"https:\/\/api.w.org\/{rel}","templated":true}]}}