{"id":22554,"date":"2025-02-18T10:27:08","date_gmt":"2025-02-18T18:27:08","guid":{"rendered":"https:\/\/vccf.org\/?p=22554"},"modified":"2025-02-18T10:27:25","modified_gmt":"2025-02-18T18:27:25","slug":"meet-roshin-mathew-vccfs-director-of-strategic-initiatives","status":"publish","type":"post","link":"https:\/\/vccf.org\/es\/meet-roshin-mathew-vccfs-director-of-strategic-initiatives\/","title":{"rendered":"Conozca a Roshin Mathew, Director de Iniciativas Estrat\u00e9gicas de la VCCF"},"content":{"rendered":"<div class=\"wp-block-image\">\n<figure class=\"alignleft size-full is-resized\"><img loading=\"lazy\" decoding=\"async\" width=\"533\" height=\"768\" src=\"https:\/\/vccf.org\/wp-content\/uploads\/2025\/02\/Roshin_081.jpg\" alt=\"\" class=\"wp-image-22555\" style=\"width:365px;height:auto\" srcset=\"https:\/\/vccf.org\/wp-content\/uploads\/2025\/02\/Roshin_081.jpg 533w, https:\/\/vccf.org\/wp-content\/uploads\/2025\/02\/Roshin_081-208x300.jpg 208w, https:\/\/vccf.org\/wp-content\/uploads\/2025\/02\/Roshin_081-8x12.jpg 8w\" sizes=\"auto, (max-width: 533px) 100vw, 533px\" \/><\/figure>\n<\/div>\n\n\n<p>Estamos encantados de presentar al Comit\u00e9 Directivo del Proyecto Isabella a Roshin Mathew, Directora de Iniciativas Estrat\u00e9gicas de la VCCF. Como uno de los nuevos miembros del equipo de la fundaci\u00f3n, trabajar\u00e1 estrechamente con el comit\u00e9 y se unir\u00e1 a nuestra misi\u00f3n de garantizar que todos los ni\u00f1os de Santa Paula -y m\u00e1s all\u00e1- tengan acceso a una atenci\u00f3n y educaci\u00f3n tempranas de alta calidad y a tiempo completo que satisfagan las necesidades de las familias. Te invitamos a conocerla mejor leyendo la entrevista que encontrar\u00e1s a continuaci\u00f3n.<\/p>\n\n\n\n<p><strong>H\u00e1blenos un poco de usted y de c\u00f3mo lleg\u00f3 a formar parte del equipo del Proyecto Isabella.<\/strong>&nbsp;<\/p>\n\n\n\n<p>La creencia que me gu\u00eda es que todas las personas deben tener un acceso igualitario y equitativo a los recursos y las oportunidades, y mis valores personales son la curiosidad, la creatividad, la compasi\u00f3n, la autenticidad, el equilibrio, la salud y la intenci\u00f3n. Me gusta c\u00f3mo mis valores resuenan y complementan los valores de la VCCF, que son la confianza, la transparencia, la compasi\u00f3n, la equidad, la tenacidad, la excelencia y la conexi\u00f3n aut\u00e9ntica. Con esa alineaci\u00f3n, sab\u00eda que disfrutar\u00eda trabajando en la VCCF, as\u00ed que cuando Vanessa me pidi\u00f3 que considerara solicitar el puesto de Directora de Iniciativas Estrat\u00e9gicas en la fundaci\u00f3n, me lanc\u00e9 a por la oportunidad.<\/p>\n\n\n\n<p>Me encanta especialmente que el Proyecto Isabella sea una de las iniciativas clave de la VCCF porque creo que la educaci\u00f3n es una de las grandes fuerzas para cambiar los resultados de una persona, una familia y una comunidad. Conozco personalmente el poder que la educaci\u00f3n ha tenido en mi trayectoria y en la de mi familia.<\/p>\n\n\n\n<div style=\"height:10px\" aria-hidden=\"true\" class=\"wp-block-spacer\"><\/div>\n\n\n\n<p><strong>\u00bfQu\u00e9 significa para usted una educaci\u00f3n infantil de m\u00e1xima calidad?<\/strong>&nbsp;<\/p>\n\n\n\n<p>La educaci\u00f3n y los cuidados tempranos de alta calidad constituyen un entorno enriquecedor que favorece el desarrollo f\u00edsico, social, emocional e intelectual del ni\u00f1o. Prepara a los ni\u00f1os para la escuela y les ayuda a desarrollar habilidades que durar\u00e1n toda la vida. Ofrece a los padres tranquilidad y a la sociedad una base sobre la que construir un futuro. Sinceramente, es una de las inversiones m\u00e1s esperanzadoras que podemos hacer.<\/p>\n\n\n\n<div style=\"height:10px\" aria-hidden=\"true\" class=\"wp-block-spacer\"><\/div>\n\n\n\n<p><strong>\u00bfQu\u00e9 tipo de talentos espera poner sobre la mesa en su trabajo con el Proyecto Isabella?<\/strong>&nbsp;<\/p>\n\n\n\n<p>Reunir a la gente en comunidad significa mucho para m\u00ed porque mi familia es numerosa y est\u00e1 llena de t\u00edos, t\u00edas y primos. Mientras crec\u00eda, siempre hab\u00eda al menos otro miembro de la familia viviendo con mi n\u00facleo familiar y, como soy uno de los primos mayores, siempre he sido un poco el flautista de Hamel\u00edn, el director del crucero y el capit\u00e1n del equipo de kick ball, todo en uno. Lo cual es una forma larga de decir que me siento c\u00f3modo en grupos grandes, complejos y alegres.<\/p>\n\n\n\n<p>En el plano profesional, he dedicado m\u00e1s de 15 a\u00f1os de mi carrera a la comunicaci\u00f3n estrat\u00e9gica y la promoci\u00f3n. Ya sea en el \u00e1mbito de la filantrop\u00eda, el trabajo, la ense\u00f1anza superior o la organizaci\u00f3n comunitaria, me encanta pensar en ideas nuevas y audaces y movilizar a la gente en torno a ellas. Fuera del trabajo, soy alfarera, corredora de fondo, anfitriona de cenas y buitre cultural. Lo que significa que en cualquier momento estoy cubierta de arcilla, sudor, harina o purpurina. Tambi\u00e9n me apasionan la radio p\u00fablica, las bibliotecas p\u00fablicas y la comedia. En mis vidas pasadas, trabaj\u00e9 en todos esos campos.<\/p>\n\n\n\n<div style=\"height:10px\" aria-hidden=\"true\" class=\"wp-block-spacer\"><\/div>\n\n\n\n<p><strong>\u00bfC\u00f3mo ve el futuro de la educaci\u00f3n y la formaci\u00f3n de la m\u00e1s alta calidad en Santa Paula?<\/strong>&nbsp;<\/p>\n\n\n\n<p>En su nivel m\u00e1s fundamental, veo el cumplimiento de la misi\u00f3n, que es el 100% de acceso a la atenci\u00f3n infantil temprana de alta calidad y la educaci\u00f3n para todos los ni\u00f1os en Santa Paula. Yendo m\u00e1s all\u00e1, parte de la visi\u00f3n es construir sobre el \u00e9xito del Proyecto Isabella en la comunidad de Santa Paula. Santa Paula tendr\u00e1 el \u00e9xito que se forj\u00f3 a partir de las relaciones y los aprendizajes que tuvieron lugar en Santa Paula para luego convertirse en una bola de nieve para otras iniciativas y empresas que la comunidad pueda emprender. Los miembros de la comunidad tendr\u00e1n m\u00e1s conocimientos y recursos para enfrentar los retos que no podemos predecir pero que sabemos que est\u00e1n a la vuelta de la esquina. Lo que aprendamos y hagamos ahora impulsar\u00e1 los esfuerzos futuros.<\/p>\n\n\n\n<p>En esa misma l\u00ednea, considero que el \u00e9xito del Proyecto Isabella es a la vez una inspiraci\u00f3n y una gu\u00eda t\u00e1ctica para otras comunidades del condado de Ventura. Todas estas comunidades pueden lograr lo que Santa Paula va a conseguir. Tendr\u00e1n la ventaja de aprender de nuestros errores y victorias. Y esto no acaba en nuestro condado.<\/p>\n\n\n\n<p>Creo que el resto del estado y el resto del pa\u00eds, y muy posiblemente el resto del mundo, podr\u00edan aprender de Santa Paula. Porque donde hay ni\u00f1os y familias trabajadoras, siempre habr\u00e1 necesidad de cuidados y educaci\u00f3n de alta calidad para nuestros j\u00f3venes.&nbsp;<\/p>\n\n\n\n<div style=\"height:10px\" aria-hidden=\"true\" class=\"wp-block-spacer\"><\/div>\n\n\n\n<p><strong>Si los miembros del comit\u00e9 desean ponerse en contacto con usted, \u00bfcu\u00e1l es la mejor manera de hacerlo?<\/strong>&nbsp;<\/p>\n\n\n\n<p>Estoy en muchas reuniones y encuentros alrededor del Condado de Ventura; si me ves, por favor ac\u00e9rcate y pres\u00e9ntate y charlemos en persona. Por supuesto, el correo electr\u00f3nico es tambi\u00e9n muy eficaz y probablemente la forma m\u00e1s r\u00e1pida de ponerse en contacto conmigo. Escr\u00edbeme a <a href=\"mailto:rmathew@vccf.org\">rmathew@vccf.org<\/a>.<\/p>","protected":false},"excerpt":{"rendered":"<p>We are thrilled to introduce the Isabella Project Steering Committee to Roshin Mathew, Director of Strategic Initiatives at VCCF. As one of the foundation\u2019s newest team members, she will be&hellip;<\/p>","protected":false},"author":8,"featured_media":22431,"comment_status":"closed","ping_status":"closed","sticky":false,"template":"","format":"standard","meta":{"_acf_changed":false,"give_campaign_id":0,"footnotes":""},"categories":[27],"tags":[],"class_list":["post-22554","post","type-post","status-publish","format-standard","has-post-thumbnail","hentry","category-blog-posts"],"acf":[],"_links":{"self":[{"href":"https:\/\/vccf.org\/es\/wp-json\/wp\/v2\/posts\/22554","targetHints":{"allow":["GET"]}}],"collection":[{"href":"https:\/\/vccf.org\/es\/wp-json\/wp\/v2\/posts"}],"about":[{"href":"https:\/\/vccf.org\/es\/wp-json\/wp\/v2\/types\/post"}],"author":[{"embeddable":true,"href":"https:\/\/vccf.org\/es\/wp-json\/wp\/v2\/users\/8"}],"replies":[{"embeddable":true,"href":"https:\/\/vccf.org\/es\/wp-json\/wp\/v2\/comments?post=22554"}],"version-history":[{"count":0,"href":"https:\/\/vccf.org\/es\/wp-json\/wp\/v2\/posts\/22554\/revisions"}],"wp:featuredmedia":[{"embeddable":true,"href":"https:\/\/vccf.org\/es\/wp-json\/wp\/v2\/media\/22431"}],"wp:attachment":[{"href":"https:\/\/vccf.org\/es\/wp-json\/wp\/v2\/media?parent=22554"}],"wp:term":[{"taxonomy":"category","embeddable":true,"href":"https:\/\/vccf.org\/es\/wp-json\/wp\/v2\/categories?post=22554"},{"taxonomy":"post_tag","embeddable":true,"href":"https:\/\/vccf.org\/es\/wp-json\/wp\/v2\/tags?post=22554"}],"curies":[{"name":"wp","href":"https:\/\/api.w.org\/{rel}","templated":true}]}}