{"id":22745,"date":"2025-03-05T15:16:49","date_gmt":"2025-03-05T23:16:49","guid":{"rendered":"https:\/\/vccf.org\/?p=22745"},"modified":"2025-03-10T11:55:51","modified_gmt":"2025-03-10T18:55:51","slug":"vccf-power-of-purpose-march-2025","status":"publish","type":"post","link":"https:\/\/vccf.org\/es\/vccf-power-of-purpose-march-2025\/","title":{"rendered":"VCCF Power of Purpose - Marzo 2025"},"content":{"rendered":"<div class=\"wp-block-image\">\n<figure class=\"aligncenter size-large\"><img loading=\"lazy\" decoding=\"async\" width=\"1024\" height=\"341\" src=\"https:\/\/vccf.org\/wp-content\/uploads\/2025\/03\/2024-Rebrand-Power-of-Purpose-Header-Final-2-1024x341.png\" alt=\"Power of Purpose - Growing Generosity in Ventura County\" class=\"wp-image-22747\" srcset=\"https:\/\/vccf.org\/wp-content\/uploads\/2025\/03\/2024-Rebrand-Power-of-Purpose-Header-Final-2-1024x341.png 1024w, https:\/\/vccf.org\/wp-content\/uploads\/2025\/03\/2024-Rebrand-Power-of-Purpose-Header-Final-2-300x100.png 300w, https:\/\/vccf.org\/wp-content\/uploads\/2025\/03\/2024-Rebrand-Power-of-Purpose-Header-Final-2-768x256.png 768w, https:\/\/vccf.org\/wp-content\/uploads\/2025\/03\/2024-Rebrand-Power-of-Purpose-Header-Final-2-1536x512.png 1536w, https:\/\/vccf.org\/wp-content\/uploads\/2025\/03\/2024-Rebrand-Power-of-Purpose-Header-Final-2-2048x683.png 2048w, https:\/\/vccf.org\/wp-content\/uploads\/2025\/03\/2024-Rebrand-Power-of-Purpose-Header-Final-2-18x6.png 18w\" sizes=\"auto, (max-width: 1024px) 100vw, 1024px\" \/><\/figure>\n<\/div>\n\n\n<p>Estimada familia de la Fundaci\u00f3n Comunitaria del Condado de Ventura,<\/p>\n\n\n\n<p>\"Habito en la posibilidad, una casa m\u00e1s hermosa que la prosa\" - Emily Dickinson<\/p>\n\n\n\n<p>En momentos as\u00ed, recurro a las artes para alimentar mi alma y elevar mi esp\u00edritu. Esta ma\u00f1ana, encontr\u00e9 consuelo en las palabras del poema de Emily Dickinson \"<a href=\"https:\/\/www.poetryfoundation.org\/poems\/52197\/i-dwell-in-possibility-466\" target=\"_blank\" rel=\"noopener\">Vivo en la posibilidad<\/a>.\" En tan s\u00f3lo unas breves l\u00edneas, Dickinson nos recuerda que elijamos la esperanza, la clave para atraer la bondad a nuestro mundo compartido. Sus palabras parecen una llamada a la acci\u00f3n, invit\u00e1ndonos a dar lo que podamos, a tender la mano a los dem\u00e1s y a recordar que la Posibilidad es un lugar en el que podemos elegir vivir.<\/p>\n\n\n\n<p>De vez en cuando, me olvido y empiezo a sentirme peque\u00f1a ante los retos que tengo por delante. Pero nuestra familia VCCF, una y otra vez, aparece y me recuerda el incre\u00edble poder que tenemos cuando actuamos juntos con amor y determinaci\u00f3n.<\/p>\n\n\n\n<p>Mi marido suele decir que el trabajo que hacemos en la fundaci\u00f3n comunitaria es como hacer sopa de piedras, en referencia a la canci\u00f3n de Tom Chapin inspirada en el folclore europeo. Habla de un forastero que llega al pueblo hambriento y convence a los ni\u00f1os para que le ayuden a hacer sopa con unas cuantas piedras. Cuando la olla empieza a hervir, sugiere que sabr\u00eda a\u00fan mejor con un hueso de sopa... y tal vez algunas zanahorias... y en poco tiempo, todo el pueblo se ha reunido para crear una deliciosa comida, suficiente para alimentar a todos.<\/p>\n\n\n\n<p>Eso es exactamente lo que veo aqu\u00ed, en el condado de Ventura. No perdamos de vista el incre\u00edble impacto que hemos tenido juntos, m\u00e1s de 23.000 personas, todos comprometidos con hacer del condado de Ventura el mejor lugar para vivir para todos.<\/p>\n\n\n\n<p>Recuerden por un momento que, tras el incendio de la monta\u00f1a, cientos de ustedes se movilizaron para ayudar. Juntos, fuimos testigos de actos de extraordinaria generosidad y cuidado, recaudando m\u00e1s de $1 millones para apoyar a nuestros vecinos durante su tiempo de necesidad. Sigo profundamente inspirado por el liderazgo de Interface Children &amp; Family Services, 211 Ventura County, Ventura County VOAD, Anne Whatley, y el supervisor Jeff Gorell-cada uno de los cuales fue honrado por la Junta VCCF esta semana pasada por su servicio dedicado-y muchos otros que trabajaron incansablemente para proteger y apoyar a nuestra comunidad.<\/p>\n\n\n\n<p>Y aunque los retos persisten, nos aferramos a lo que es posible. El reciente estudio del Dr. Jamshid Damooei \"Affording a Dignified Life on the Central Coast\" nos recuerda lo dif\u00edcil que es para las familias cubrir incluso sus necesidades m\u00e1s b\u00e1sicas. Nuestros socios sin \u00e1nimo de lucro sienten esta presi\u00f3n a diario, ya que las peticiones de ayuda siguen aumentando.<\/p>\n\n\n\n<p>Y, sin embargo, todav\u00eda hay mucha esperanza. Estoy encantado de compartir que tres nuevos colegas extraordinarios se han unido a nuestro equipo VCCF, trayendo energ\u00eda fresca y profunda dedicaci\u00f3n a nuestra misi\u00f3n. Con ellos -y con todos ustedes- creo que podemos seguir construyendo un futuro en el que todos en el condado de Ventura tengan la oportunidad no s\u00f3lo de salir adelante, sino de prosperar de verdad.<\/p>\n\n\n\n<p>Si siente el peso de estos tiempos, sepa que no est\u00e1 solo. Te vemos. Estamos contigo. Y juntos, eligiendo vivir en la posibilidad, saldremos adelante, m\u00e1s fuertes, m\u00e1s amables y m\u00e1s conectados que nunca.<\/p>\n\n\n\n<p>Con gratitud y esperanza,<\/p>\n\n\n\n<p>Vanessa Bechtel Presidenta y Directora General de la VCCF<\/p>\n\n\n\n<div style=\"height:10px\" aria-hidden=\"true\" class=\"wp-block-spacer\"><\/div>\n\n\n<div class=\"wp-block-image\">\n<figure class=\"aligncenter size-large\"><img loading=\"lazy\" decoding=\"async\" width=\"1024\" height=\"666\" src=\"https:\/\/vccf.org\/wp-content\/uploads\/2025\/03\/f8e3c507-0b75-4b16-9780-7503d41bc9fa-1024x666.jpg\" alt=\"The VCCF Board and staff standing at the certificate presentation with partners during the Mountain Fire\" class=\"wp-image-22748\" srcset=\"https:\/\/vccf.org\/wp-content\/uploads\/2025\/03\/f8e3c507-0b75-4b16-9780-7503d41bc9fa-1024x666.jpg 1024w, https:\/\/vccf.org\/wp-content\/uploads\/2025\/03\/f8e3c507-0b75-4b16-9780-7503d41bc9fa-300x195.jpg 300w, https:\/\/vccf.org\/wp-content\/uploads\/2025\/03\/f8e3c507-0b75-4b16-9780-7503d41bc9fa-768x500.jpg 768w, https:\/\/vccf.org\/wp-content\/uploads\/2025\/03\/f8e3c507-0b75-4b16-9780-7503d41bc9fa-1536x1000.jpg 1536w, https:\/\/vccf.org\/wp-content\/uploads\/2025\/03\/f8e3c507-0b75-4b16-9780-7503d41bc9fa-2048x1333.jpg 2048w, https:\/\/vccf.org\/wp-content\/uploads\/2025\/03\/f8e3c507-0b75-4b16-9780-7503d41bc9fa-18x12.jpg 18w\" sizes=\"auto, (max-width: 1024px) 100vw, 1024px\" \/><\/figure>\n<\/div>\n\n\n<div class=\"wp-block-group\"><div class=\"wp-block-group__inner-container is-layout-constrained wp-block-group-is-layout-constrained\">\n<div style=\"height:10px\" aria-hidden=\"true\" class=\"wp-block-spacer\"><\/div>\n\n\n\n<hr class=\"wp-block-separator has-alpha-channel-opacity is-style-wide\"\/>\n\n\n\n<div style=\"height:10px\" aria-hidden=\"true\" class=\"wp-block-spacer\"><\/div>\n<\/div><\/div>\n\n\n\n<h2 class=\"wp-block-heading has-text-align-center\">\"Permitirse una vida digna en la costa central de California\"<\/h2>\n\n\n\n<h3 class=\"wp-block-heading has-text-align-center\"><em>Conferencia 2025 del Centro de Econom\u00eda Social de Cal Lutheran<\/em><\/h3>\n\n\n<div class=\"wp-block-image\">\n<figure class=\"aligncenter size-full is-resized\"><img loading=\"lazy\" decoding=\"async\" width=\"1600\" height=\"900\" src=\"https:\/\/vccf.org\/wp-content\/uploads\/2025\/03\/LDN-L-ROSE-PARADE-2023-SR-41.webp\" alt=\"A protest of Pasadena residents wearing red and holding a banner reading &quot;Affordable Housing Now!&quot;\" class=\"wp-image-22749\" style=\"width:752px;height:auto\" srcset=\"https:\/\/vccf.org\/wp-content\/uploads\/2025\/03\/LDN-L-ROSE-PARADE-2023-SR-41.webp 1600w, https:\/\/vccf.org\/wp-content\/uploads\/2025\/03\/LDN-L-ROSE-PARADE-2023-SR-41-300x169.webp 300w, https:\/\/vccf.org\/wp-content\/uploads\/2025\/03\/LDN-L-ROSE-PARADE-2023-SR-41-1024x576.webp 1024w, https:\/\/vccf.org\/wp-content\/uploads\/2025\/03\/LDN-L-ROSE-PARADE-2023-SR-41-768x432.webp 768w, https:\/\/vccf.org\/wp-content\/uploads\/2025\/03\/LDN-L-ROSE-PARADE-2023-SR-41-1536x864.webp 1536w, https:\/\/vccf.org\/wp-content\/uploads\/2025\/03\/LDN-L-ROSE-PARADE-2023-SR-41-18x10.webp 18w\" sizes=\"auto, (max-width: 1600px) 100vw, 1600px\" \/><\/figure>\n<\/div>\n\n\n<p>La semana pasada, el Dr. Jamshid Damooei arroj\u00f3 luz sobre lo que se necesita para vivir una vida digna en la costa central de California en la conferencia anual de CESI, que cont\u00f3 con panelistas de VCCF incluyendo el miembro de la Junta Dr. C\u00e9sar Morales y el Presidente y CEO Vanessa Bechtel.<\/p>\n\n\n\n<p><a href=\"https:\/\/drive.google.com\/file\/d\/1IoXXvBs-LYbRbpHvhim6kR92ZLZuAutR\/view\" target=\"_blank\" rel=\"noopener\">El estudio completo del Dr. Damooei incluye cifras reveladoras sobre los urgentes problemas a los que se enfrentan los californianos<\/a>que van desde el salario digno a la educaci\u00f3n infantil, pasando por los cupones de alimentos. Para m\u00e1s informaci\u00f3n, consulte algunos de los aspectos m\u00e1s destacados del estudio.<\/p>\n\n\n\n<div class=\"wp-block-buttons is-content-justification-center is-layout-flex wp-container-core-buttons-is-layout-16018d1d wp-block-buttons-is-layout-flex\">\n<div class=\"wp-block-button has-custom-font-size has-medium-font-size\"><a class=\"wp-block-button__link has-fl-topbar-bg-color has-text-color has-background has-link-color wp-element-button\" href=\"https:\/\/drive.google.com\/file\/d\/1mSCZhFtgVgUUBhAyxcdoZsmTkAeNF1_P\/view\" style=\"background-color:#3ca5e7\" target=\"_blank\" rel=\"noopener\">Seguir leyendo<\/a><\/div>\n<\/div>\n\n\n\n<div class=\"wp-block-group\"><div class=\"wp-block-group__inner-container is-layout-constrained wp-block-group-is-layout-constrained\">\n<div style=\"height:10px\" aria-hidden=\"true\" class=\"wp-block-spacer\"><\/div>\n\n\n\n<hr class=\"wp-block-separator has-alpha-channel-opacity is-style-wide\"\/>\n\n\n\n<div style=\"height:10px\" aria-hidden=\"true\" class=\"wp-block-spacer\"><\/div>\n<\/div><\/div>\n\n\n\n<h2 class=\"wp-block-heading has-text-align-center\">Hemos cambiado de marca Conoce la nueva VCCF<\/h2>\n\n\n<div class=\"wp-block-image\">\n<figure class=\"aligncenter size-large is-resized\"><img loading=\"lazy\" decoding=\"async\" width=\"1024\" height=\"745\" src=\"https:\/\/vccf.org\/wp-content\/uploads\/2025\/03\/Logo-and-Photo-Collage-1024x745.png\" alt=\"The new VCCF logo along with photos of community members\" class=\"wp-image-22751\" style=\"width:686px;height:auto\" srcset=\"https:\/\/vccf.org\/wp-content\/uploads\/2025\/03\/Logo-and-Photo-Collage-1024x745.png 1024w, https:\/\/vccf.org\/wp-content\/uploads\/2025\/03\/Logo-and-Photo-Collage-300x218.png 300w, https:\/\/vccf.org\/wp-content\/uploads\/2025\/03\/Logo-and-Photo-Collage-768x559.png 768w, https:\/\/vccf.org\/wp-content\/uploads\/2025\/03\/Logo-and-Photo-Collage-16x12.png 16w, https:\/\/vccf.org\/wp-content\/uploads\/2025\/03\/Logo-and-Photo-Collage.png 1200w\" sizes=\"auto, (max-width: 1024px) 100vw, 1024px\" \/><\/figure>\n<\/div>\n\n\n<p>La VCCF se complace en estrenar su nueva marca. Le invitamos a explorar nuestro nuevo sitio web. Eche un vistazo.<\/p>\n\n\n\n<div class=\"wp-block-buttons is-content-justification-center is-layout-flex wp-container-core-buttons-is-layout-5e6b19ed wp-block-buttons-is-layout-flex\">\n<div class=\"wp-block-button has-custom-font-size has-medium-font-size\"><a class=\"wp-block-button__link has-fl-topbar-bg-color has-text-color has-background has-link-color wp-element-button\" href=\"https:\/\/vccf.org\/es\/rebrand-2025\/\" style=\"background-color:#3ca5e7\">Seguir leyendo<\/a><\/div>\n<\/div>\n\n\n\n<div class=\"wp-block-group\"><div class=\"wp-block-group__inner-container is-layout-constrained wp-block-group-is-layout-constrained\">\n<div style=\"height:10px\" aria-hidden=\"true\" class=\"wp-block-spacer\"><\/div>\n\n\n\n<hr class=\"wp-block-separator has-alpha-channel-opacity is-style-wide\"\/>\n\n\n\n<div style=\"height:10px\" aria-hidden=\"true\" class=\"wp-block-spacer\"><\/div>\n<\/div><\/div>\n\n\n\n<h2 class=\"wp-block-heading has-text-align-center\">Oportunidades de financiaci\u00f3n de la VCCF<\/h2>\n\n\n\n<p>Tenemos dos oportunidades de subvenci\u00f3n que no querr\u00e1 perderse. <a href=\"https:\/\/vccf.org\/es\/grants\/past-current-and-upcoming-grants\/\">M\u00e1s informaci\u00f3n en nuestra p\u00e1gina de Subvenciones<\/a>.<\/p>\n\n\n\n<p><strong>Fondo Bert M. y Mildred O. Dahl<\/strong><\/p>\n\n\n\n<p>Las subvenciones del Bert M. and Mildred O. Dahl Fund deben utilizarse en el condado de Ventura para fines ben\u00e9ficos generales en beneficio de la juventud de Oak View, California. Las organizaciones sin \u00e1nimo de lucro deben establecer o apoyar programas para la juventud de Oak View. Esto puede incluir la construcci\u00f3n y el mantenimiento de instalaciones para dichos programas. La fecha l\u00edmite de solicitud es el lunes 17 de marzo a las 5 p.m. PST.<\/p>\n\n\n\n<p><strong>Fondo Barbara Barnard Smith para las M\u00fasicas del Mundo<\/strong><\/p>\n\n\n\n<p>Las subvenciones del Fondo Barbara Barnard Smith para las M\u00fasicas del Mundo est\u00e1n destinadas a apoyar actuaciones en directo o programas que representen m\u00fasicas no occidentales. El plazo de solicitud finaliza el viernes 28 de marzo a las 5 p.m. PST.<\/p>\n\n\n\n<div class=\"wp-block-buttons is-content-justification-center is-layout-flex wp-container-core-buttons-is-layout-16018d1d wp-block-buttons-is-layout-flex\">\n<div class=\"wp-block-button has-custom-font-size has-medium-font-size\"><a class=\"wp-block-button__link has-fl-topbar-bg-color has-text-color has-background has-link-color wp-element-button\" href=\"https:\/\/vccf.org\/es\/grants\/past-current-and-upcoming-grants\/\" style=\"background-color:#3ca5e7\">Solicitar ahora<\/a><\/div>\n<\/div>\n\n\n\n<div class=\"wp-block-group\"><div class=\"wp-block-group__inner-container is-layout-constrained wp-block-group-is-layout-constrained\">\n<div style=\"height:10px\" aria-hidden=\"true\" class=\"wp-block-spacer\"><\/div>\n\n\n\n<hr class=\"wp-block-separator has-alpha-channel-opacity is-style-wide\"\/>\n\n\n\n<div style=\"height:10px\" aria-hidden=\"true\" class=\"wp-block-spacer\"><\/div>\n<\/div><\/div>\n\n\n\n<h2 class=\"wp-block-heading has-text-align-center\">Damos la bienvenida a los nuevos miembros del equipo de la VCCF<\/h2>\n\n\n\n<div class=\"wp-block-columns is-layout-flex wp-container-core-columns-is-layout-9d6595d7 wp-block-columns-is-layout-flex\">\n<div class=\"wp-block-column is-layout-flow wp-block-column-is-layout-flow\">\n<figure class=\"wp-block-image size-large\"><img loading=\"lazy\" decoding=\"async\" width=\"1024\" height=\"1024\" src=\"https:\/\/vccf.org\/wp-content\/uploads\/2025\/03\/Roshin-Mathew-1024x1024.png\" alt=\"Roshin Mathew\" class=\"wp-image-22752\" srcset=\"https:\/\/vccf.org\/wp-content\/uploads\/2025\/03\/Roshin-Mathew-1024x1024.png 1024w, https:\/\/vccf.org\/wp-content\/uploads\/2025\/03\/Roshin-Mathew-300x300.png 300w, https:\/\/vccf.org\/wp-content\/uploads\/2025\/03\/Roshin-Mathew-150x150.png 150w, https:\/\/vccf.org\/wp-content\/uploads\/2025\/03\/Roshin-Mathew-768x768.png 768w, https:\/\/vccf.org\/wp-content\/uploads\/2025\/03\/Roshin-Mathew-12x12.png 12w, https:\/\/vccf.org\/wp-content\/uploads\/2025\/03\/Roshin-Mathew.png 1080w\" sizes=\"auto, (max-width: 1024px) 100vw, 1024px\" \/><\/figure>\n<\/div>\n\n\n\n<div class=\"wp-block-column is-layout-flow wp-block-column-is-layout-flow\">\n<figure class=\"wp-block-image size-large\"><img loading=\"lazy\" decoding=\"async\" width=\"1024\" height=\"1024\" src=\"https:\/\/vccf.org\/wp-content\/uploads\/2025\/03\/Gary-Byrne-1024x1024.png\" alt=\"Gary Byrne\" class=\"wp-image-22753\" srcset=\"https:\/\/vccf.org\/wp-content\/uploads\/2025\/03\/Gary-Byrne-1024x1024.png 1024w, https:\/\/vccf.org\/wp-content\/uploads\/2025\/03\/Gary-Byrne-300x300.png 300w, https:\/\/vccf.org\/wp-content\/uploads\/2025\/03\/Gary-Byrne-150x150.png 150w, https:\/\/vccf.org\/wp-content\/uploads\/2025\/03\/Gary-Byrne-768x768.png 768w, https:\/\/vccf.org\/wp-content\/uploads\/2025\/03\/Gary-Byrne-12x12.png 12w, https:\/\/vccf.org\/wp-content\/uploads\/2025\/03\/Gary-Byrne.png 1080w\" sizes=\"auto, (max-width: 1024px) 100vw, 1024px\" \/><\/figure>\n<\/div>\n\n\n\n<div class=\"wp-block-column is-layout-flow wp-block-column-is-layout-flow\">\n<figure class=\"wp-block-image size-large\"><img loading=\"lazy\" decoding=\"async\" width=\"1024\" height=\"1024\" src=\"https:\/\/vccf.org\/wp-content\/uploads\/2025\/03\/3-1024x1024.png\" alt=\"Nailea Gaytan\" class=\"wp-image-22754\" srcset=\"https:\/\/vccf.org\/wp-content\/uploads\/2025\/03\/3-1024x1024.png 1024w, https:\/\/vccf.org\/wp-content\/uploads\/2025\/03\/3-300x300.png 300w, https:\/\/vccf.org\/wp-content\/uploads\/2025\/03\/3-150x150.png 150w, https:\/\/vccf.org\/wp-content\/uploads\/2025\/03\/3-768x768.png 768w, https:\/\/vccf.org\/wp-content\/uploads\/2025\/03\/3-12x12.png 12w, https:\/\/vccf.org\/wp-content\/uploads\/2025\/03\/3.png 1080w\" sizes=\"auto, (max-width: 1024px) 100vw, 1024px\" \/><\/figure>\n<\/div>\n<\/div>\n\n\n\n<p>Nos gustar\u00eda presentar a los nuevos miembros del equipo de la VCCF: Roshin Mathew, Director de Iniciativas Estrat\u00e9gicas, Gary Byrne, Vicepresidente, y Nailea Gaytan, Becaria de Marketing y Comunicaciones. Lea m\u00e1s sobre ellos a continuaci\u00f3n.<\/p>\n\n\n\n<div class=\"wp-block-buttons is-content-justification-center is-layout-flex wp-container-core-buttons-is-layout-16018d1d wp-block-buttons-is-layout-flex\">\n<div class=\"wp-block-button has-custom-font-size has-medium-font-size\"><a class=\"wp-block-button__link has-fl-topbar-bg-color has-text-color has-background has-link-color wp-element-button\" href=\"https:\/\/vccf.org\/es\/vccf-welcomes-three-new-team-members\/\" style=\"background-color:#3ca5e7\">Conoce a nuestro equipo<\/a><\/div>\n<\/div>\n\n\n\n<div class=\"wp-block-group\"><div class=\"wp-block-group__inner-container is-layout-constrained wp-block-group-is-layout-constrained\">\n<div style=\"height:10px\" aria-hidden=\"true\" class=\"wp-block-spacer\"><\/div>\n\n\n\n<hr class=\"wp-block-separator has-alpha-channel-opacity is-style-wide\"\/>\n\n\n\n<div style=\"height:10px\" aria-hidden=\"true\" class=\"wp-block-spacer\"><\/div>\n<\/div><\/div>\n\n\n\n<h2 class=\"wp-block-heading has-text-align-center\">Seguridad en el agua: YMCA del sudeste del condado de Ventura<\/h2>\n\n\n\n<div class=\"wp-block-columns is-layout-flex wp-container-core-columns-is-layout-9d6595d7 wp-block-columns-is-layout-flex\">\n<div class=\"wp-block-column is-layout-flow wp-block-column-is-layout-flow\">\n<figure class=\"wp-block-image size-large\"><img loading=\"lazy\" decoding=\"async\" width=\"1024\" height=\"768\" src=\"https:\/\/vccf.org\/wp-content\/uploads\/2025\/03\/ymca-saw-1024x768.jpg\" alt=\"Children smiling and wearing life vests in a pool at the Southeast Ventura County YMCA\" class=\"wp-image-22755\" srcset=\"https:\/\/vccf.org\/wp-content\/uploads\/2025\/03\/ymca-saw-1024x768.jpg 1024w, https:\/\/vccf.org\/wp-content\/uploads\/2025\/03\/ymca-saw-300x225.jpg 300w, https:\/\/vccf.org\/wp-content\/uploads\/2025\/03\/ymca-saw-768x576.jpg 768w, https:\/\/vccf.org\/wp-content\/uploads\/2025\/03\/ymca-saw-16x12.jpg 16w, https:\/\/vccf.org\/wp-content\/uploads\/2025\/03\/ymca-saw.jpg 1198w\" sizes=\"auto, (max-width: 1024px) 100vw, 1024px\" \/><\/figure>\n<\/div>\n\n\n\n<div class=\"wp-block-column is-layout-flow wp-block-column-is-layout-flow\">\n<p>SEVYMCA se ha comprometido a hacer de la prevenci\u00f3n de los ahogamientos una prioridad para nuestra comunidad, garantizando que todos los ni\u00f1os tengan la oportunidad de aprender t\u00e9cnicas de seguridad en el agua a trav\u00e9s de Safety Around Water, un programa gratuito que ense\u00f1a seguridad en el agua y conocimientos b\u00e1sicos de nataci\u00f3n a quienes tienen poca o ninguna experiencia.<br>Para obtener m\u00e1s informaci\u00f3n sobre este programa de salvamento y otros servicios, visite el sitio web de SEVYMCA.<\/p>\n<\/div>\n<\/div>\n\n\n\n<div class=\"wp-block-buttons is-content-justification-center is-layout-flex wp-container-core-buttons-is-layout-16018d1d wp-block-buttons-is-layout-flex\">\n<div class=\"wp-block-button has-custom-font-size has-medium-font-size\"><a class=\"wp-block-button__link has-fl-topbar-bg-color has-text-color has-background has-link-color wp-element-button\" href=\"https:\/\/www.sevymca.org\/safety-around-water\" style=\"background-color:#3ca5e7\" target=\"_blank\" rel=\"noopener\">M\u00e1s informaci\u00f3n<\/a><\/div>\n<\/div>\n\n\n\n<div class=\"wp-block-group\"><div class=\"wp-block-group__inner-container is-layout-constrained wp-block-group-is-layout-constrained\">\n<div style=\"height:10px\" aria-hidden=\"true\" class=\"wp-block-spacer\"><\/div>\n\n\n\n<hr class=\"wp-block-separator has-alpha-channel-opacity is-style-wide\"\/>\n\n\n\n<div style=\"height:10px\" aria-hidden=\"true\" class=\"wp-block-spacer\"><\/div>\n<\/div><\/div>\n\n\n<div class=\"wp-block-image\">\n<figure class=\"aligncenter size-large\"><img loading=\"lazy\" decoding=\"async\" width=\"1024\" height=\"341\" src=\"https:\/\/vccf.org\/wp-content\/uploads\/2025\/03\/power-of-community-1024x341.png\" alt=\"Power of Community - Good News from your Ventura County\" class=\"wp-image-22756\" srcset=\"https:\/\/vccf.org\/wp-content\/uploads\/2025\/03\/power-of-community-1024x341.png 1024w, https:\/\/vccf.org\/wp-content\/uploads\/2025\/03\/power-of-community-300x100.png 300w, https:\/\/vccf.org\/wp-content\/uploads\/2025\/03\/power-of-community-768x256.png 768w, https:\/\/vccf.org\/wp-content\/uploads\/2025\/03\/power-of-community-1536x512.png 1536w, https:\/\/vccf.org\/wp-content\/uploads\/2025\/03\/power-of-community-2048x683.png 2048w, https:\/\/vccf.org\/wp-content\/uploads\/2025\/03\/power-of-community-18x6.png 18w\" sizes=\"auto, (max-width: 1024px) 100vw, 1024px\" \/><\/figure>\n<\/div>\n\n\n<h2 class=\"wp-block-heading has-text-align-center\">Nuevo Teatro Art City<\/h2>\n\n\n<div class=\"wp-block-image\">\n<figure class=\"alignleft size-large is-resized\"><a href=\"https:\/\/www.youtube.com\/watch?v=3ufFQ9CL8uc\" target=\"_blank\" rel=\"noopener\"><img loading=\"lazy\" decoding=\"async\" width=\"1024\" height=\"506\" src=\"https:\/\/vccf.org\/wp-content\/uploads\/2025\/03\/New-Art-City-Thumbnail-1024x506.png\" alt=\"A thumbnail of the music video for &quot;A Show that May Change the World&quot; with a group dancing on the Ventura Pier\" class=\"wp-image-22757\" style=\"width:458px;height:auto\" srcset=\"https:\/\/vccf.org\/wp-content\/uploads\/2025\/03\/New-Art-City-Thumbnail-1024x506.png 1024w, https:\/\/vccf.org\/wp-content\/uploads\/2025\/03\/New-Art-City-Thumbnail-300x148.png 300w, https:\/\/vccf.org\/wp-content\/uploads\/2025\/03\/New-Art-City-Thumbnail-768x379.png 768w, https:\/\/vccf.org\/wp-content\/uploads\/2025\/03\/New-Art-City-Thumbnail-18x9.png 18w, https:\/\/vccf.org\/wp-content\/uploads\/2025\/03\/New-Art-City-Thumbnail.png 1267w\" sizes=\"auto, (max-width: 1024px) 100vw, 1024px\" \/><\/a><\/figure>\n<\/div>\n\n\n<p>Fundada a principios de 2023, New Art City Theatre es una compa\u00f1\u00eda de teatro profesional dedicada exclusivamente al desarrollo de nuevas obras para el escenario. La misi\u00f3n \u00fanica de NACT es proporcionar igualdad de acceso a los recursos cr\u00edticos para dramaturgos, compositores y letristas de todos los or\u00edgenes, y ampliar la participaci\u00f3n del p\u00fablico ofreciendo entrada gratuita a muchos eventos de NACT. El NACT re\u00fane a escritores de todo el pa\u00eds en Ventura, donde se desarrollan obras de teatro o musicales mediante lecturas en directo y talleres. La organizaci\u00f3n sin \u00e1nimo de lucro ha establecido un espacio de colaboraci\u00f3n tanto para los artistas como para el p\u00fablico, de modo que todos puedan participar en el apasionante proceso de creaci\u00f3n teatral. La VCCF se enorgullece de apoyar al NACT, y le animamos a ver \"Un espect\u00e1culo que puede cambiar el mundo\", que demuestra el poder del teatro y el viaje para hacer realidad la magia. <a href=\"https:\/\/vimeo.com\/1056575144\" target=\"_blank\" rel=\"noopener\">No deje de ver la grabaci\u00f3n de su almuerzo virtual de este mes.<\/a><\/p>\n\n\n\n<div class=\"wp-block-buttons is-content-justification-center is-layout-flex wp-container-core-buttons-is-layout-16018d1d wp-block-buttons-is-layout-flex\">\n<div class=\"wp-block-button has-custom-font-size has-medium-font-size\"><a class=\"wp-block-button__link has-fl-topbar-bg-color has-text-color has-background has-link-color wp-element-button\" href=\"https:\/\/www.youtube.com\/watch?v=3ufFQ9CL8uc\" style=\"background-color:#3ca5e7\" target=\"_blank\" rel=\"noopener\">Ver el v\u00eddeo<\/a><\/div>\n<\/div>\n\n\n\n<p><\/p>","protected":false},"excerpt":{"rendered":"<p>Dear Ventura County Community Foundation Family, &#8220;I dwell in Possibility\/A fairer House than Prose&#8221; &#8211; Emily Dickinson In moments like these, I find myself turning to the arts to fuel&hellip;<\/p>","protected":false},"author":8,"featured_media":0,"comment_status":"closed","ping_status":"closed","sticky":false,"template":"","format":"standard","meta":{"_acf_changed":false,"give_campaign_id":0,"footnotes":""},"categories":[24],"tags":[],"class_list":["post-22745","post","type-post","status-publish","format-standard","hentry","category-newsletters"],"acf":[],"_links":{"self":[{"href":"https:\/\/vccf.org\/es\/wp-json\/wp\/v2\/posts\/22745","targetHints":{"allow":["GET"]}}],"collection":[{"href":"https:\/\/vccf.org\/es\/wp-json\/wp\/v2\/posts"}],"about":[{"href":"https:\/\/vccf.org\/es\/wp-json\/wp\/v2\/types\/post"}],"author":[{"embeddable":true,"href":"https:\/\/vccf.org\/es\/wp-json\/wp\/v2\/users\/8"}],"replies":[{"embeddable":true,"href":"https:\/\/vccf.org\/es\/wp-json\/wp\/v2\/comments?post=22745"}],"version-history":[{"count":0,"href":"https:\/\/vccf.org\/es\/wp-json\/wp\/v2\/posts\/22745\/revisions"}],"wp:attachment":[{"href":"https:\/\/vccf.org\/es\/wp-json\/wp\/v2\/media?parent=22745"}],"wp:term":[{"taxonomy":"category","embeddable":true,"href":"https:\/\/vccf.org\/es\/wp-json\/wp\/v2\/categories?post=22745"},{"taxonomy":"post_tag","embeddable":true,"href":"https:\/\/vccf.org\/es\/wp-json\/wp\/v2\/tags?post=22745"}],"curies":[{"name":"wp","href":"https:\/\/api.w.org\/{rel}","templated":true}]}}