{"id":22787,"date":"2025-03-20T10:06:41","date_gmt":"2025-03-20T17:06:41","guid":{"rendered":"https:\/\/vccf.org\/?p=22787"},"modified":"2025-03-20T10:06:45","modified_gmt":"2025-03-20T17:06:45","slug":"murals-unveiled-at-santa-paula-school-celebrate-early-childhood-education","status":"publish","type":"post","link":"https:\/\/vccf.org\/es\/murals-unveiled-at-santa-paula-school-celebrate-early-childhood-education\/","title":{"rendered":"Los murales inaugurados en la escuela de Santa Paula celebran la educaci\u00f3n infantil"},"content":{"rendered":"<p><em><a href=\"https:\/\/www.vcstar.com\/story\/news\/local\/2025\/03\/19\/murals-at-santa-paula-school-celebrate-early-childhood-education\/82494907007\/\" target=\"_blank\" rel=\"noopener\">Este art\u00edculo fue publicado originalmente por el VC Star. Para ver la galer\u00eda de fotos del acto, consulte el art\u00edculo completo.<\/a><\/em><\/p>\n\n\n\n<p>Grandes lonas negras cubr\u00edan los lados de las aulas de preescolar, cubriendo dos murales recientemente pintados en la Academia Global STEAM de la Escuela Primaria Glen en Santa Paula el martes por la ma\u00f1ana.<\/p>\n\n\n\n<p>\"Los murales pretenden fomentar el debate sobre la educaci\u00f3n infantil\", declar\u00f3 Gabino Aguirre, copresidente del Proyecto Isabella y maestro de ceremonias del acto. El proyecto es un programa piloto con la Fundaci\u00f3n Comunitaria del Condado de Ventura destinado a proporcionar recursos de desarrollo infantil para los ni\u00f1os y sus familias en la ciudad.<\/p>\n\n\n\n<p>La ceremonia, celebrada a las 11 de la ma\u00f1ana en el c\u00e9sped frente a los murales de aproximadamente 32 por 10 pies, reuni\u00f3 a m\u00e1s de 40 personas involucradas en el proyecto y funcionarios locales. La escuela est\u00e1 situada en 141 S. Steckel Drive.<\/p>\n\n\n\n<p>Alumnos de quinto y sexto curso recitaron un poema en espa\u00f1ol e ingl\u00e9s durante la ceremonia, antes de ayudar a descubrir los murales. El p\u00fablico imit\u00f3 el redoble de tambores mientras un grupo de alumnos desataba la cuerda que sujetaba la lona, dej\u00e1ndola caer y revelando el colorido fondo.<\/p>\n\n\n\n<p>El primer mural representa mariposas monarca en distintas fases de su ciclo vital volando alrededor de un limonero. A menos de 30 metros, el segundo mural representa a estudiantes sonrientes reunidos en torno a un libro rodeado de diferentes s\u00edmbolos cient\u00edficos.<\/p>\n\n\n\n<p>Ambas obras fueron realizadas en su mayor parte con pintura en aerosol por el artista local Sergio \"Checko\" Mart\u00ednez. Ha pintado otros murales por toda la ciudad, incluido uno en el restaurante y cantina El Capricho.<\/p>\n\n\n\n<p>La celebraci\u00f3n culmin\u00f3 con la actuaci\u00f3n de Abril L\u00f3pez, de 10 a\u00f1os, que interpret\u00f3 una danza folcl\u00f3rica tradicional en el centro de un c\u00edrculo formado por los asistentes al acto. Los alumnos de preescolar de la escuela se unieron a ella en el centro durante su actuaci\u00f3n.<\/p>\n\n\n\n<p>El baile pretend\u00eda mostrar la importancia de que la comunidad se una y ayude a los ni\u00f1os.<\/p>\n\n\n\n<p>\"Se pretende que la gente de la comunidad pase por aqu\u00ed, vea el mural y hable de \u00e9l, y que as\u00ed se inicie el debate sobre la educaci\u00f3n infantil\", dijo Aguirre.<\/p>\n\n\n\n<p>El aspecto comunitario del Proyecto Isabella es importante para los m\u00e1s de 125 miembros que trabajan en \u00e9l. El grupo est\u00e1 formado por l\u00edderes comunitarios que trabajan en distintas organizaciones de todo el condado.<\/p>\n\n\n\n<p>\"Cada uno de ellos aporta su propia perspectiva y su opini\u00f3n sobre la mejor manera de dirigir el programa y ofrecer una educaci\u00f3n infantil de alta calidad\", afirm\u00f3 Vanessa Bechtel, directora general y presidenta de la Ventura County Community Foundation.<\/p>\n\n\n\n<p>En Santa Paula hay unos 900 ni\u00f1os de edades comprendidas entre los 3 y los 4 a\u00f1os, y menos de un tercio de ellos puede permitirse una educaci\u00f3n infantil, seg\u00fan Aguirre.<\/p>\n\n\n\n<p>Seg\u00fan Bechtel, el proyecto Isabella crear\u00e1 hasta 150 puestos de trabajo para ayudar a las familias mediante servicios de guarder\u00eda, atenci\u00f3n sanitaria, salud mental y otros servicios de apoyo, reforzando as\u00ed la econom\u00eda local. Dados los fondos estatales y federales para la educaci\u00f3n infantil, el proyecto pretende construir la infraestructura para que el dinero pueda fluir, a\u00f1adi\u00f3.<\/p>\n\n\n\n<p>\"El proyecto Isabella ser\u00e1 otro buen ejemplo de lo que Santa Paula puede conseguir unida\", declar\u00f3 Jack Hinojosa, copresidente del proyecto y director general de Childhood Development Resources of Ventura County, durante la ceremonia.<\/p>\n\n\n\n<p><em>Ernesto Centeno Araujo cubre las noticias de \u00faltima hora para el Ventura County Star. Puede ponerse en contacto con \u00e9l en <a href=\"mailto:ecentenoaraujo@vcstar.com\">ecentenoaraujo@vcstar.com<\/a>.<\/em><\/p>","protected":false},"excerpt":{"rendered":"<p>This article was originally published by the VC Star. To view the photo gallery from the event, view the full article. Large black tarps draped the sides of kindergarten classrooms,&hellip;<\/p>","protected":false},"author":8,"featured_media":0,"comment_status":"closed","ping_status":"closed","sticky":false,"template":"","format":"standard","meta":{"_acf_changed":false,"give_campaign_id":0,"footnotes":""},"categories":[22],"tags":[],"class_list":["post-22787","post","type-post","status-publish","format-standard","hentry","category-latest-coverage"],"acf":[],"_links":{"self":[{"href":"https:\/\/vccf.org\/es\/wp-json\/wp\/v2\/posts\/22787","targetHints":{"allow":["GET"]}}],"collection":[{"href":"https:\/\/vccf.org\/es\/wp-json\/wp\/v2\/posts"}],"about":[{"href":"https:\/\/vccf.org\/es\/wp-json\/wp\/v2\/types\/post"}],"author":[{"embeddable":true,"href":"https:\/\/vccf.org\/es\/wp-json\/wp\/v2\/users\/8"}],"replies":[{"embeddable":true,"href":"https:\/\/vccf.org\/es\/wp-json\/wp\/v2\/comments?post=22787"}],"version-history":[{"count":0,"href":"https:\/\/vccf.org\/es\/wp-json\/wp\/v2\/posts\/22787\/revisions"}],"wp:attachment":[{"href":"https:\/\/vccf.org\/es\/wp-json\/wp\/v2\/media?parent=22787"}],"wp:term":[{"taxonomy":"category","embeddable":true,"href":"https:\/\/vccf.org\/es\/wp-json\/wp\/v2\/categories?post=22787"},{"taxonomy":"post_tag","embeddable":true,"href":"https:\/\/vccf.org\/es\/wp-json\/wp\/v2\/tags?post=22787"}],"curies":[{"name":"wp","href":"https:\/\/api.w.org\/{rel}","templated":true}]}}