{"id":23111,"date":"2025-06-23T15:05:59","date_gmt":"2025-06-23T22:05:59","guid":{"rendered":"https:\/\/vccf.org\/?p=23111"},"modified":"2025-06-24T09:18:13","modified_gmt":"2025-06-24T16:18:13","slug":"reflections-on-vccf-intern-experience-and-celebrating-vccfs-grads","status":"publish","type":"post","link":"https:\/\/vccf.org\/es\/reflections-on-vccf-intern-experience-and-celebrating-vccfs-grads\/","title":{"rendered":"Reflexiones sobre la experiencia de los becarios de la VCCF y celebraci\u00f3n de los graduados de la VCCF"},"content":{"rendered":"<div class=\"wp-block-image\">\n<figure class=\"alignright size-full is-resized\"><img loading=\"lazy\" decoding=\"async\" width=\"600\" height=\"600\" src=\"https:\/\/vccf.org\/wp-content\/uploads\/2025\/06\/2.png\" alt=\"\" class=\"wp-image-23114\" style=\"width:401px;height:auto\" srcset=\"https:\/\/vccf.org\/wp-content\/uploads\/2025\/06\/2.png 600w, https:\/\/vccf.org\/wp-content\/uploads\/2025\/06\/2-300x300.png 300w, https:\/\/vccf.org\/wp-content\/uploads\/2025\/06\/2-150x150.png 150w, https:\/\/vccf.org\/wp-content\/uploads\/2025\/06\/2-12x12.png 12w\" sizes=\"auto, (max-width: 600px) 100vw, 600px\" \/><figcaption class=\"wp-element-caption\">Jade Barth<\/figcaption><\/figure>\n<\/div>\n\n\n<p>La Fundaci\u00f3n Comunitaria del Condado de Ventura ha tenido el honor continuo de incorporar a nuestro equipo a algunos de los estudiantes m\u00e1s brillantes y dedicados de nuestro condado, desde becarios hasta personal a tiempo completo y voluntarios. A principios de este a\u00f1o, la VCCF dio la bienvenida a las becarias Nailea Gaytan y Carolina D\u00edaz para que colaboraran en los esfuerzos de marketing de la fundaci\u00f3n y del Proyecto Isabella, una iniciativa convocada por la VCCF para garantizar que todos los ni\u00f1os de Santa Paula tengan acceso a una atenci\u00f3n y educaci\u00f3n tempranas de alta calidad y a tiempo completo que favorezcan su desarrollo y satisfagan las necesidades de sus familias. Nailea trabaj\u00f3 como becaria a tiempo parcial para el departamento de marketing de la VCCF, mientras que Carolina centr\u00f3 su proyecto final en la producci\u00f3n de un v\u00eddeo para el Proyecto Isabella que se publicar\u00e1 pr\u00f3ximamente. Lee sobre sus experiencias y los valiosos aprendizajes que obtuvieron de su trabajo.<\/p>\n\n\n\n<p>Estamos muy orgullosos de Nailea y Carolina, as\u00ed como de Aidan Miner, miembro del equipo de la VCCF, y Jade Barth, directora de v\u00eddeo del Proyecto Isabella, que celebran su reciente graduaci\u00f3n en la Universidad Estatal de California, Channel Islands. Estamos impacientes por ver qu\u00e9 les depara la vida.<\/p>\n\n\n\n<div style=\"height:25px\" aria-hidden=\"true\" class=\"wp-block-spacer\"><\/div>\n\n\n\n<h2 class=\"wp-block-heading\">Nailea Gayt\u00e1n<\/h2>\n\n\n<div class=\"wp-block-image\">\n<figure class=\"alignleft size-full is-resized\"><img loading=\"lazy\" decoding=\"async\" width=\"600\" height=\"600\" src=\"https:\/\/vccf.org\/wp-content\/uploads\/2025\/06\/1.png\" alt=\"\" class=\"wp-image-23113\" style=\"width:337px;height:auto\" srcset=\"https:\/\/vccf.org\/wp-content\/uploads\/2025\/06\/1.png 600w, https:\/\/vccf.org\/wp-content\/uploads\/2025\/06\/1-300x300.png 300w, https:\/\/vccf.org\/wp-content\/uploads\/2025\/06\/1-150x150.png 150w, https:\/\/vccf.org\/wp-content\/uploads\/2025\/06\/1-12x12.png 12w\" sizes=\"auto, (max-width: 600px) 100vw, 600px\" \/><figcaption class=\"wp-element-caption\">Aidan Miner (izquierda) con Nailea Gaytan (derecha)<\/figcaption><\/figure>\n<\/div>\n\n\n<p>Mi experiencia de pr\u00e1cticas en la Ventura County Community Foundation ha sido realmente enriquecedora, ya que me ha permitido contribuir a iniciativas de gran impacto en el condado de Ventura. A trav\u00e9s de una oportunidad ofrecida por el Programa de Comunicaci\u00f3n de CSU Channel Islands, que gu\u00eda a los estudiantes a trav\u00e9s de oportunidades de aprendizaje-servicio, pr\u00e1cticas y colaboraci\u00f3n en cursos con organizaciones comunitarias, he tenido el privilegio de apoyar a VCCF a trav\u00e9s del Proyecto Isabella, una iniciativa de educaci\u00f3n infantil dedicada a garantizar una educaci\u00f3n de la m\u00e1s alta calidad para los ni\u00f1os peque\u00f1os, y la Iniciativa de Resiliencia y Preparaci\u00f3n ante Desastres, que proporciona asistencia crucial a las familias afectadas por el Incendio de Monta\u00f1a de 2024 en el condado de Ventura, entre otros desastres. Ser testigo de la resistencia de nuestra comunidad y de la dedicaci\u00f3n de la VCCF en estos esfuerzos ha sido profundamente inspirador.&nbsp;<\/p>\n\n\n\n<p>Apoyo al Proyecto Isabella <em>Todos Juntos Por Los Ni\u00f1os<\/em> en octubre de 2024 junto con mis compa\u00f1eros de grupo Sofia Herron, Laila James, Peter Hernandez y mi mentor Aidan Miner fue la chispa inicial que encendi\u00f3 mi colaboraci\u00f3n con la fundaci\u00f3n. Este compromiso inicial me proporcion\u00f3 una visi\u00f3n de primera mano del compromiso de la VCCF con la comunidad de Santa Paula y, en \u00faltima instancia, allan\u00f3 el camino para mi puesto de becaria, permiti\u00e9ndome apoyar su misi\u00f3n a mayor escala, como destacar el alcance de la VCCF a trav\u00e9s de la creaci\u00f3n de contenidos. Contribu\u00ed activamente a la elaboraci\u00f3n de atractivas entradas de blog y contenido de redes sociales para dar a conocer los eventos e iniciativas de la VCCF. Esto incluy\u00f3 compartir historias de impacto, proporcionar actualizaciones sobre iniciativas y destacar las necesidades cr\u00edticas en el condado de Ventura. Documentar los esfuerzos de las organizaciones sin \u00e1nimo de lucro y los retos a los que se enfrentan las poblaciones infrarrepresentadas del condado de Ventura fue un aspecto clave de mis pr\u00e1cticas.<\/p>\n\n\n\n<p>M\u00e1s all\u00e1 de la creaci\u00f3n de contenidos, mis pr\u00e1cticas tambi\u00e9n inclu\u00edan el contacto con diversas organizaciones y miembros de la comunidad, como la Fundaci\u00f3n Weingart para la <em>Trabajadores agr\u00edcolas<\/em> Bus Tour, as\u00ed como a One Capital Management, LLC para entrevistar profesionalmente a Jos\u00e9 Negrete, un antiguo becario de la VCCF sobre sus esfuerzos en curso en las Naciones Unidas en Ginebra, Suiza. Esta experiencia pr\u00e1ctica en marketing y comunicaciones, con la orientaci\u00f3n de Candice Tang Nyholt y Lauren Graf, me ha proporcionado habilidades inestimables para transmitir mensajes significativos y conectar con un p\u00fablico m\u00e1s amplio.<\/p>\n\n\n\n<p>Estas pr\u00e1cticas han puesto de relieve la importancia de la colaboraci\u00f3n y el papel fundamental que desempe\u00f1an las organizaciones sin \u00e1nimo de lucro a la hora de abordar la desigualdad y crear una comunidad m\u00e1s fuerte y solidaria para todos. Mi comprensi\u00f3n de la equidad y la inclusi\u00f3n y la importancia del apoyo comunitario, valores que son fundamentales para la misi\u00f3n de la VCCF, ha crecido enormemente en los \u00faltimos meses. La VCCF me ha dotado de un conjunto diverso de habilidades y ha reforzado valores preexistentes. Adem\u00e1s, he establecido contactos en el sector de las organizaciones sin \u00e1nimo de lucro y en la comunidad del condado de Ventura, creando una base s\u00f3lida para futuras iniciativas de compromiso con la comunidad y servicio p\u00fablico.&nbsp;<\/p>\n\n\n\n<div style=\"height:25px\" aria-hidden=\"true\" class=\"wp-block-spacer\"><\/div>\n\n\n\n<h2 class=\"wp-block-heading\">Carolina D\u00edaz<\/h2>\n\n\n\n<p>El semestre pasado tuve la incre\u00edble oportunidad de trabajar con la Fundaci\u00f3n Comunitaria del Condado de Ventura en el Proyecto Isabella, una poderosa iniciativa que destaca la importancia de la educaci\u00f3n infantil. Mi papel consisti\u00f3 en ayudar a crear un v\u00eddeo que sensibilizara e inspirara una mayor participaci\u00f3n de la comunidad. Desde el principio hasta el final, la experiencia me hizo apreciar m\u00e1s el trabajo entre bastidores que conlleva la narraci\u00f3n de historias, la promoci\u00f3n y la divulgaci\u00f3n.<\/p>\n\n\n<div class=\"wp-block-image\">\n<figure class=\"alignleft size-full is-resized\"><img loading=\"lazy\" decoding=\"async\" width=\"567\" height=\"425\" src=\"https:\/\/vccf.org\/wp-content\/uploads\/2025\/06\/IMG_0186-edited.jpg\" alt=\"\" class=\"wp-image-23116\" style=\"width:410px;height:auto\" srcset=\"https:\/\/vccf.org\/wp-content\/uploads\/2025\/06\/IMG_0186-edited.jpg 567w, https:\/\/vccf.org\/wp-content\/uploads\/2025\/06\/IMG_0186-edited-300x225.jpg 300w, https:\/\/vccf.org\/wp-content\/uploads\/2025\/06\/IMG_0186-edited-16x12.jpg 16w\" sizes=\"auto, (max-width: 567px) 100vw, 567px\" \/><figcaption class=\"wp-element-caption\">Carolina trabaja en un v\u00eddeo para el Proyecto Isabella<\/figcaption><\/figure>\n<\/div>\n\n\n<p>Una de mis principales responsabilidades era participar en reuniones en las que escuchaba activamente, tomaba notas detalladas y me aseguraba de que todo el mundo estuviera de acuerdo. Tambi\u00e9n me ocup\u00e9 de la comunicaci\u00f3n con las partes interesadas: me puse en contacto por correo electr\u00f3nico para programar sesiones de rodaje, solicitar permisos y obtener formularios de autorizaci\u00f3n para los medios de comunicaci\u00f3n. A veces, la log\u00edstica era complicada, pues hab\u00eda que encontrar una fecha y una hora que vinieran bien a todos, pero aprend\u00ed lo importantes que son la persistencia y una documentaci\u00f3n clara a la hora de coordinarse con miembros de la comunidad muy ocupados.<\/p>\n\n\n\n<p>Uno de los aspectos m\u00e1s gratificantes de estas pr\u00e1cticas fue poder contribuir como hispanohablante. Pude ayudar a salvar las diferencias de comunicaci\u00f3n y asegurarme de que todo el mundo se sintiera escuchado y comprendido. Fue significativo utilizar mis conocimientos ling\u00fc\u00edsticos de una manera que apoyaba directamente el objetivo del proyecto de inclusi\u00f3n y accesibilidad para los miembros de la comunidad.<\/p>\n\n\n\n<p>A lo largo de esta experiencia, recib\u00ed comentarios positivos de la Directora de Marketing y Comunicaciones de la VCCF, Candice Tang Nyholt, que valor\u00f3 mi organizaci\u00f3n y preparaci\u00f3n. Su aliento me hizo sentir m\u00e1s segura de mi capacidad para gestionar tareas complejas y contribuir a una misi\u00f3n de mayor envergadura. Tambi\u00e9n reforz\u00f3 lo importante que es ser un miembro fiable del equipo cuando se trabaja en un proyecto de colaboraci\u00f3n.<\/p>\n\n\n<div class=\"wp-block-image\">\n<figure class=\"alignright size-full is-resized\"><img loading=\"lazy\" decoding=\"async\" width=\"600\" height=\"600\" src=\"https:\/\/vccf.org\/wp-content\/uploads\/2025\/06\/Carolina-Diaz.png\" alt=\"\" class=\"wp-image-23117\" style=\"width:296px;height:auto\" srcset=\"https:\/\/vccf.org\/wp-content\/uploads\/2025\/06\/Carolina-Diaz.png 600w, https:\/\/vccf.org\/wp-content\/uploads\/2025\/06\/Carolina-Diaz-300x300.png 300w, https:\/\/vccf.org\/wp-content\/uploads\/2025\/06\/Carolina-Diaz-150x150.png 150w, https:\/\/vccf.org\/wp-content\/uploads\/2025\/06\/Carolina-Diaz-12x12.png 12w\" sizes=\"auto, (max-width: 600px) 100vw, 600px\" \/><figcaption class=\"wp-element-caption\">Carolina D\u00edaz<\/figcaption><\/figure>\n<\/div>\n\n\n<p>Al final, trabajar en el Proyecto Isabella no s\u00f3lo mejor\u00f3 mis habilidades de comunicaci\u00f3n, coordinaci\u00f3n y gesti\u00f3n del tiempo, sino que tambi\u00e9n me mostr\u00f3 el impacto que una historia bien elaborada puede tener en una comunidad. Estoy orgullosa de haber contribuido a promover la educaci\u00f3n infantil y de haber conocido a personas tan maravillosas como Abril, Perla y Jade. Espero que este v\u00eddeo ayude a suscitar conversaciones, conexiones y acciones en Santa Paula y m\u00e1s all\u00e1. \u00a1Gracias, Proyecto Isabella!<\/p>","protected":false},"excerpt":{"rendered":"<p>The Ventura County Community Foundation has had the ongoing honor of bringing some of our county\u2019s brightest and most dedicated students onto our team, from interns to full-time staff to&hellip;<\/p>","protected":false},"author":8,"featured_media":0,"comment_status":"closed","ping_status":"closed","sticky":false,"template":"","format":"standard","meta":{"_acf_changed":false,"give_campaign_id":0,"footnotes":""},"categories":[27],"tags":[35],"class_list":["post-23111","post","type-post","status-publish","format-standard","hentry","category-blog-posts","tag-isabella-project"],"acf":[],"_links":{"self":[{"href":"https:\/\/vccf.org\/es\/wp-json\/wp\/v2\/posts\/23111","targetHints":{"allow":["GET"]}}],"collection":[{"href":"https:\/\/vccf.org\/es\/wp-json\/wp\/v2\/posts"}],"about":[{"href":"https:\/\/vccf.org\/es\/wp-json\/wp\/v2\/types\/post"}],"author":[{"embeddable":true,"href":"https:\/\/vccf.org\/es\/wp-json\/wp\/v2\/users\/8"}],"replies":[{"embeddable":true,"href":"https:\/\/vccf.org\/es\/wp-json\/wp\/v2\/comments?post=23111"}],"version-history":[{"count":0,"href":"https:\/\/vccf.org\/es\/wp-json\/wp\/v2\/posts\/23111\/revisions"}],"wp:attachment":[{"href":"https:\/\/vccf.org\/es\/wp-json\/wp\/v2\/media?parent=23111"}],"wp:term":[{"taxonomy":"category","embeddable":true,"href":"https:\/\/vccf.org\/es\/wp-json\/wp\/v2\/categories?post=23111"},{"taxonomy":"post_tag","embeddable":true,"href":"https:\/\/vccf.org\/es\/wp-json\/wp\/v2\/tags?post=23111"}],"curies":[{"name":"wp","href":"https:\/\/api.w.org\/{rel}","templated":true}]}}