{"id":24101,"date":"2026-03-27T14:52:00","date_gmt":"2026-03-27T21:52:00","guid":{"rendered":"https:\/\/vccf.org\/?p=24101"},"modified":"2026-04-14T15:01:50","modified_gmt":"2026-04-14T22:01:50","slug":"vanessa-bechtel-and-veronica-quintana-named-top-50-women-in-business-2026","status":"publish","type":"post","link":"https:\/\/vccf.org\/es\/vanessa-bechtel-and-veronica-quintana-named-top-50-women-in-business-2026\/","title":{"rendered":"Vanessa Bechtel and Veronica Quintana Named Top 50 Women in Business 2026"},"content":{"rendered":"<p>El Pacific Coast Business Times ha nominado a Vanessa Bechtel, presidenta y consejera delegada de la VCCF, y a Ver\u00f3nica Quintana, tesorera de la Junta Directiva de la VCCF, para su lista de las 50 mejores mujeres de negocios de 2021. El Business Times distingue a 50 de las principales mujeres l\u00edderes de la regi\u00f3n en diversos sectores empresariales privados, como finanzas, servicios profesionales, CRE, sanidad, tecnolog\u00eda y organizaciones sin \u00e1nimo de lucro. Para leer la lista completa,\u00a0<a href=\"https:\/\/www.pacbiztimes.com\/top-women-in-business-4\/#flipbook-df_97953\/1\/\" target=\"_blank\" rel=\"noreferrer noopener\">you can visit their website<\/a>. Congratulations to all of the incredible leaders and our partners in the community who also received this recognition!<\/p>\n\n\n\n<div class=\"wp-block-columns is-layout-flex wp-container-core-columns-is-layout-9d6595d7 wp-block-columns-is-layout-flex\">\n<div class=\"wp-block-column is-layout-flow wp-block-column-is-layout-flow\">\n<figure class=\"wp-block-image size-full\"><img loading=\"lazy\" decoding=\"async\" width=\"543\" height=\"348\" src=\"https:\/\/vccf.org\/wp-content\/uploads\/2026\/04\/Screenshot-2026-04-14-145957.png\" alt=\"\" class=\"wp-image-24102\" srcset=\"https:\/\/vccf.org\/wp-content\/uploads\/2026\/04\/Screenshot-2026-04-14-145957.png 543w, https:\/\/vccf.org\/wp-content\/uploads\/2026\/04\/Screenshot-2026-04-14-145957-300x192.png 300w, https:\/\/vccf.org\/wp-content\/uploads\/2026\/04\/Screenshot-2026-04-14-145957-18x12.png 18w\" sizes=\"auto, (max-width: 543px) 100vw, 543px\" \/><\/figure>\n<\/div>\n\n\n\n<div class=\"wp-block-column is-layout-flow wp-block-column-is-layout-flow\">\n<figure class=\"wp-block-image size-full\"><img loading=\"lazy\" decoding=\"async\" width=\"542\" height=\"334\" src=\"https:\/\/vccf.org\/wp-content\/uploads\/2026\/04\/Screenshot-2026-04-14-145927.png\" alt=\"\" class=\"wp-image-24103\" srcset=\"https:\/\/vccf.org\/wp-content\/uploads\/2026\/04\/Screenshot-2026-04-14-145927.png 542w, https:\/\/vccf.org\/wp-content\/uploads\/2026\/04\/Screenshot-2026-04-14-145927-300x185.png 300w, https:\/\/vccf.org\/wp-content\/uploads\/2026\/04\/Screenshot-2026-04-14-145927-18x12.png 18w\" sizes=\"auto, (max-width: 542px) 100vw, 542px\" \/><\/figure>\n<\/div>\n<\/div>","protected":false},"excerpt":{"rendered":"<p>Pacific Coast Business Times has nominated VCCF President &amp; CEO Vanessa Bechtel and VCCF Board of Directors Treasurer Veronica Quintana for their 2026 Top 50 Women in Business list. The&hellip;<\/p>","protected":false},"author":8,"featured_media":0,"comment_status":"closed","ping_status":"closed","sticky":false,"template":"","format":"standard","meta":{"_acf_changed":false,"give_campaign_id":0,"footnotes":""},"categories":[22],"tags":[],"class_list":["post-24101","post","type-post","status-publish","format-standard","hentry","category-latest-coverage"],"acf":[],"_links":{"self":[{"href":"https:\/\/vccf.org\/es\/wp-json\/wp\/v2\/posts\/24101","targetHints":{"allow":["GET"]}}],"collection":[{"href":"https:\/\/vccf.org\/es\/wp-json\/wp\/v2\/posts"}],"about":[{"href":"https:\/\/vccf.org\/es\/wp-json\/wp\/v2\/types\/post"}],"author":[{"embeddable":true,"href":"https:\/\/vccf.org\/es\/wp-json\/wp\/v2\/users\/8"}],"replies":[{"embeddable":true,"href":"https:\/\/vccf.org\/es\/wp-json\/wp\/v2\/comments?post=24101"}],"version-history":[{"count":0,"href":"https:\/\/vccf.org\/es\/wp-json\/wp\/v2\/posts\/24101\/revisions"}],"wp:attachment":[{"href":"https:\/\/vccf.org\/es\/wp-json\/wp\/v2\/media?parent=24101"}],"wp:term":[{"taxonomy":"category","embeddable":true,"href":"https:\/\/vccf.org\/es\/wp-json\/wp\/v2\/categories?post=24101"},{"taxonomy":"post_tag","embeddable":true,"href":"https:\/\/vccf.org\/es\/wp-json\/wp\/v2\/tags?post=24101"}],"curies":[{"name":"wp","href":"https:\/\/api.w.org\/{rel}","templated":true}]}}