{"id":2912,"date":"2018-02-04T18:16:21","date_gmt":"2018-02-05T02:16:21","guid":{"rendered":"https:\/\/vccf.org\/?p=2912"},"modified":"2025-01-29T07:48:40","modified_gmt":"2025-01-29T07:48:40","slug":"kevin-costner-others-take-stage-at-ventura-benefit-for-thomas-fire-victims","status":"publish","type":"post","link":"https:\/\/vccf.org\/es\/kevin-costner-others-take-stage-at-ventura-benefit-for-thomas-fire-victims\/","title":{"rendered":"Kevin Costner y otros participan en una gala ben\u00e9fica en Ventura a favor de las v\u00edctimas del incendio Thomas"},"content":{"rendered":"<p class=\"speakable-p-1 p-text\"><!--more--><\/p>\n<p><em>Lea la noticia completa a continuaci\u00f3n o en VC Star <a href=\"http:\/\/www.vcstar.com\/story\/news\/local\/2018\/02\/04\/kevin-costner-super-duper-kyle-colbie-caillat-take-stage-thomas-fire-benefit-festival\/1063038001\/\" target=\"_blank\" rel=\"noopener\">sitio web<\/a>. Echa un vistazo al enlace para ver fotos y v\u00eddeos.\u00a0<\/em><\/p>\n<p class=\"speakable-p-1 p-text\">Miles de personas se congregaron el s\u00e1bado en el Plaza Park del centro de Ventura para disfrutar de una noche de grandes espect\u00e1culos musicales impulsados por un serio prop\u00f3sito.<\/p>\n<p class=\"speakable-p-2 p-text\">Unas 5.000 personas abarrotaron el parque para asistir al Festival Ben\u00e9fico Thomas Fire, con todas las entradas agotadas, en el que actuaron la cantante ganadora de un Grammy Olivia Newton-John, el aclamado actor Kevin Costner y su banda Modern West, la cantante y compositora superestrella Colbie Caillat, la banda de swing revival Big Bad Voodoo Daddy y el artista de hip-hop y rap tres veces platino Super Duper KYLE.<\/p>\n<p class=\"p-text\">Seg\u00fan Kevin Clerici, director ejecutivo de Downtown Ventura Partners, que act\u00faa como receptor fiscal de los fondos, se esperaba que el acto ben\u00e9fico, organizado por miembros y organizaciones de la comunidad local, recaudara al menos medio mill\u00f3n de d\u00f3lares para las v\u00edctimas del reciente incendio Thomas. Los patrocinadores sufragaron el coste total del evento y los artistas actuaron gratuitamente, lo que permiti\u00f3 destinar hasta el \u00faltimo c\u00e9ntimo de la recaudaci\u00f3n a los necesitados.<\/p>\n<p class=\"p-text\">Seg\u00fan los organizadores, todos los artistas actuaron gratuitamente. Muchos de ellos, incluido Costner, hablaron en el escenario de las penurias causadas por el incendio, que destruy\u00f3 cientos de hogares.<\/p>\n<div id=\"module-position-Qo-9EmZyyC0\" class=\"story-asset video-asset\">\n<div class=\"ui-video-wrapper\">\n<div class=\"ui-video-controls story-video inline-story-video\">\n<p class=\"video-desc\">Una entrevista con el actor Kevin Costner, que fue a la escuela en Ventura, en el Concierto Ben\u00e9fico del Incendio Thomas en el Plaza Park de Ventura.\u00a0<span class=\"credit\">Contribuci\u00f3n de Sound Off Films<\/span><\/p>\n<\/div>\n<\/div>\n<\/div>\n<p class=\"p-text\">\"A menudo no sabemos qu\u00e9 hacer cuando esto ocurre, no hay palabras. Pero me gustar\u00eda decir que somos la \u00fanica especie del planeta que cuando pasa algo as\u00ed, puede que no sepamos qu\u00e9 decir, pero sabemos que debemos reunirnos\", dijo Costner, cuyo set incluy\u00f3 canciones tituladas \"The Sun Will Rise Again\" y \"Stand Strong\".<\/p>\n<p class=\"p-text\">\"Estamos aqu\u00ed, y la gente que est\u00e1 magullada, la gente que ha perdido algo, puede mirarlo y saber que estamos aqu\u00ed\", dijo a la enfervorizada multitud. \"Venimos aqu\u00ed para intentar marcar la diferencia y vosotros lo hab\u00e9is hecho. Hab\u00e9is marcado la diferencia para todos los que nos ven, os hab\u00e9is marcado la diferencia a vosotros mismos, hab\u00e9is venido esta noche\".<\/p>\n<p class=\"p-text\">El acto incluy\u00f3 discursos de los jefes de bomberos y polic\u00eda de la ciudad de Ventura, un sombr\u00edo v\u00eddeo sobre el impacto del incendio en la comunidad, una entusiasta actuaci\u00f3n del coro del Banco de la Sierra y un minuto de silencio en honor del bombero de San Diego Cory Iverson, que falleci\u00f3 mientras luchaba contra el fuego.<\/p>\n<p class=\"p-text\">Muchos de los asistentes dijeron que conoc\u00edan a personas afectadas por el incendio y que quer\u00edan ayudar. Toni Grigg, de Oxnard, fue una de ellas. Acudi\u00f3 al acto con su marido Cliff y ambos llevaban camisetas de #VenturaCountyStrong.<\/p>\n<p class=\"p-text\">\"Era s\u00f3lo una peque\u00f1a cosa con la que pod\u00edamos contribuir a lo que est\u00e1 pasando\", dijo.<\/p>\n<p class=\"p-text\">Los Griggs dijeron que ten\u00edan familiares y amigos que se hab\u00edan visto obligados a evacuar durante el incendio o que hab\u00edan perdido sus casas.<\/p>\n<p class=\"p-text\">Al igual que los Griggs, Margaret Murphy, de Ventura, dijo que ella y su amiga Kathleen Whitley, que la acompa\u00f1aba, conoc\u00edan a muchas personas que hab\u00edan perdido sus hogares.<\/p>\n<p class=\"p-text\">\"Quer\u00eda donar a algo en lo que supiera que el 100% iba a ir a las v\u00edctimas y, adem\u00e1s, disfrutar de un bonito espect\u00e1culo\", dijo Murphy.<\/p>\n<div id=\"bx-campaign-666491\" class=\"bxc bx-base bx-custom bx-active-step-1 bx-campaign-666491 bx-brand-2005 bx-width-default bx-type-agilityzone bx-has-close-x-1 bx-fx-blur bx-impress\">\n<div class=\"bx-slab\">\n<div class=\"bx-align\">\n<div id=\"bx-creative-666491\" class=\"bx-creative bx-creative-666491\">\n<div class=\"bx-wrap\">\n<div id=\"bx-step-666491-1\" class=\"bx-step bx-step-1 bx-active-step bx-step-2Rmy0rc bx-step-666491-1 bx-tail-placement-hidden\" data-close-placement=\"\">\n<form id=\"bx-form-666491-step-1\" action=\"https:\/\/api.bounceexchange.com\/capture\/submit\" method=\"post\">\n<div id=\"bx-group-666491-PpzN65B\" class=\"bx-group bx-group-default bx-group-666491-PpzN65B bx-group-PpzN65B\">\n<div id=\"bx-element-666491-TAG2VAs\" class=\"bx-row bx-row-submit bx-row-submit-default bx-row-TAG2VAs bx-element-666491-TAG2VAs\"><\/div>\n<\/div>\n<\/form>\n<\/div>\n<\/div>\n<\/div>\n<\/div>\n<\/div>\n<\/div>\n<p class=\"p-text\">Las personas que perdieron su residencia principal en el incendio pueden inscribirse en\u00a0<a href=\"http:\/\/thomasfirebenefit.com\/\" target=\"_blank\" rel=\"noopener\">thomasfirebenefit.com<\/a>\u00a0para recibir un pago \u00fanico de la recaudaci\u00f3n del evento. El dinero recaudado tambi\u00e9n se distribuir\u00e1 entre las v\u00edctimas del incendio identificadas por el condado, los distritos escolares y las organizaciones locales sin \u00e1nimo de lucro. Entre ellos figuran personas desplazadas de viviendas de alquiler que ahora luchan por encontrar un lugar donde vivir, y quienes perdieron objetos de valor en el incendio, explic\u00f3 Meredith Hart, subdirectora de Downtown Ventura Partners.<\/p>\n<p class=\"p-text\">Dijo que las solicitudes de ayuda ser\u00e1n examinadas a fondo.<\/p>\n<p class=\"p-text\">Vanessa Bechtel, Presidenta y Consejera Delegada de la Fundaci\u00f3n Comunitaria del Condado de Ventura, que colabor\u00f3 en la organizaci\u00f3n de la gala ben\u00e9fica, se mostr\u00f3 impresionada por todas las personas que la hicieron posible, entre ellas cientos de voluntarios.<\/p>\n<p class=\"p-text\">\"S\u00f3lo quiero expresar nuestro agradecimiento a todo el equipo que lo ha organizado. Captur\u00f3 el esp\u00edritu mismo de lo que significa ser un miembro de la comunidad en el condado de Ventura\", dijo. \"No podr\u00edamos estar m\u00e1s orgullosos de la forma en que nuestra comunidad se ha unido para apoyar a nuestros vecinos necesitados\".<\/p>","protected":false},"excerpt":{"rendered":"","protected":false},"author":3,"featured_media":1449,"comment_status":"closed","ping_status":"closed","sticky":false,"template":"","format":"standard","meta":{"_acf_changed":false,"give_campaign_id":0,"footnotes":""},"categories":[22],"tags":[],"class_list":["post-2912","post","type-post","status-publish","format-standard","has-post-thumbnail","hentry","category-latest-coverage"],"acf":[],"_links":{"self":[{"href":"https:\/\/vccf.org\/es\/wp-json\/wp\/v2\/posts\/2912","targetHints":{"allow":["GET"]}}],"collection":[{"href":"https:\/\/vccf.org\/es\/wp-json\/wp\/v2\/posts"}],"about":[{"href":"https:\/\/vccf.org\/es\/wp-json\/wp\/v2\/types\/post"}],"author":[{"embeddable":true,"href":"https:\/\/vccf.org\/es\/wp-json\/wp\/v2\/users\/3"}],"replies":[{"embeddable":true,"href":"https:\/\/vccf.org\/es\/wp-json\/wp\/v2\/comments?post=2912"}],"version-history":[{"count":0,"href":"https:\/\/vccf.org\/es\/wp-json\/wp\/v2\/posts\/2912\/revisions"}],"wp:featuredmedia":[{"embeddable":true,"href":"https:\/\/vccf.org\/es\/wp-json\/wp\/v2\/media\/1449"}],"wp:attachment":[{"href":"https:\/\/vccf.org\/es\/wp-json\/wp\/v2\/media?parent=2912"}],"wp:term":[{"taxonomy":"category","embeddable":true,"href":"https:\/\/vccf.org\/es\/wp-json\/wp\/v2\/categories?post=2912"},{"taxonomy":"post_tag","embeddable":true,"href":"https:\/\/vccf.org\/es\/wp-json\/wp\/v2\/tags?post=2912"}],"curies":[{"name":"wp","href":"https:\/\/api.w.org\/{rel}","templated":true}]}}