{"id":9138,"date":"2019-06-07T16:00:23","date_gmt":"2019-06-07T23:00:23","guid":{"rendered":"https:\/\/vccf.org\/?p=9138"},"modified":"2025-01-29T07:47:51","modified_gmt":"2025-01-29T07:47:51","slug":"chamber-moving-headed-to-vccf-building","status":"publish","type":"post","link":"https:\/\/vccf.org\/es\/chamber-moving-headed-to-vccf-building\/","title":{"rendered":"La C\u00e1mara se traslada al edificio VCCF"},"content":{"rendered":"<p><!--more--><\/p>\n<p><img loading=\"lazy\" decoding=\"async\" class=\"alignnone size-full wp-image-9139\" src=\"https:\/\/vccf.org\/wp-content\/uploads\/2019\/06\/camarillo-chamber.jpg\" alt=\"\" width=\"1024\" height=\"682\" srcset=\"https:\/\/vccf.org\/wp-content\/uploads\/2019\/06\/camarillo-chamber.jpg 1024w, https:\/\/vccf.org\/wp-content\/uploads\/2019\/06\/camarillo-chamber-300x200.jpg 300w, https:\/\/vccf.org\/wp-content\/uploads\/2019\/06\/camarillo-chamber-768x512.jpg 768w, https:\/\/vccf.org\/wp-content\/uploads\/2019\/06\/camarillo-chamber-18x12.jpg 18w\" sizes=\"auto, (max-width: 1024px) 100vw, 1024px\" \/><\/p>\n<p>En una carta de 17 de mayo, el director general de la C\u00e1mara, Gary Cushing, notific\u00f3 a la ciudad que la organizaci\u00f3n sin \u00e1nimo de lucro de redes de negocios y marketing de unos 600 miembros est\u00e1 \"deseando ejercer nuestra terminaci\u00f3n del contrato de arrendamiento\" para el edificio en 2400 E. Ventura Blvd.<\/p>\n<p>\"Nuestro \u00faltimo d\u00eda para ocupar el espacio es el 31 de diciembre de 2019\", escribi\u00f3 Cushing. La C\u00e1mara ha estado en la ubicaci\u00f3n desde 1999.<\/p>\n<p>La C\u00e1mara se trasladar\u00e1 al edificio de la Fundaci\u00f3n Comunitaria del Condado de Ventura, en el 4001 de Mission Oaks Blvd.<\/p>\n<p>Seg\u00fan Cushing, los responsables de la C\u00e1mara han llegado a un acuerdo para alquilar oficinas en la primera planta del edificio, que tambi\u00e9n alberga varias organizaciones sin \u00e1nimo de lucro.<\/p>\n<p>Aunque Cushing no dijo cu\u00e1nto costar\u00e1 el alquiler de la C\u00e1mara en el nuevo edificio, afirm\u00f3 que la nueva ubicaci\u00f3n ser\u00e1 menos cara que el alquiler en el edificio de Ventura Boulevard.<\/p>\n<p>\"Hace un a\u00f1o y medio se nos plante\u00f3 la posibilidad de trasladarnos all\u00ed\", declar\u00f3 el martes. \"La situaci\u00f3n parec\u00eda la adecuada ahora\".<\/p>\n<p>El concejal Shawn Mulchay, que junto con la concejal Charlotte Craven pertenece a un comit\u00e9 de enlace del ayuntamiento con la C\u00e1mara, mencion\u00f3 la rescisi\u00f3n del contrato de arrendamiento de la organizaci\u00f3n en la reuni\u00f3n del consejo del 29 de mayo.<\/p>\n<p>\"No figuraba en el orden del d\u00eda porque no hab\u00eda nada que debatir ni sobre lo que tomar medidas\", explic\u00f3 Mulchay por correo electr\u00f3nico esta semana. \"La C\u00e1mara de Comercio decidi\u00f3 unilateralmente rescindir el contrato de arrendamiento utilizando la cl\u00e1usula de rescisi\u00f3n\".<\/p>\n<p>La C\u00e1mara alquilaba el edificio municipal de Ventura Boulevard por $18.444 al a\u00f1o. Funcionarios de la ciudad dijeron que no tienen planes inmediatos para el edificio.<\/p>\n<p>\"No estamos buscando activamente ofertas para arrendar el edificio en este momento\", dijo el City Manager Dave Norman en un correo electr\u00f3nico. \"El Ayuntamiento tiene que determinar lo que quiere hacer con el edificio\" en relaci\u00f3n con otros planes de Camarillo para el distrito de Old Town.<\/p>\n<p>La rescisi\u00f3n del contrato de arrendamiento de la C\u00e1mara reduce a\u00fan m\u00e1s sus v\u00ednculos con la ciudad, que el mes pasado acord\u00f3 una segunda pr\u00f3rroga de un a\u00f1o del contrato con la C\u00e1mara para seguir prestando servicios de marketing y promoci\u00f3n a la ciudad, pero no sin salvedades.<\/p>\n<p>Los responsables de la C\u00e1mara hab\u00edan solicitado un nuevo acuerdo de cinco a\u00f1os con la ciudad, pero los miembros del consejo aprobaron un contrato de menor duraci\u00f3n, alegando que quer\u00edan m\u00e1s informaci\u00f3n sobre los beneficios que la C\u00e1mara proporciona a la ciudad a cambio de una cuota anual de servicios de $70.000.<\/p>\n<p>Entretanto, la ciudad se dispone a contratar a un nuevo director de desarrollo econ\u00f3mico, a quien se pedir\u00e1 que presente al consejo un an\u00e1lisis del acuerdo contractual con la C\u00e1mara y recomiende cambios.<\/p>\n<p>Entre una lista de los servicios incluidos en el acuerdo: La C\u00e1mara debe dotar de personal y mantener el Centro de Visitantes de Camarillo, distribuir informaci\u00f3n sobre reubicaci\u00f3n a empresas y residentes que deseen instalarse en la ciudad, organizar inauguraciones de nuevas empresas y celebrar un discurso anual sobre el estado de la ciudad.<\/p>\n<p>Los miembros del Consejo dijeron que quer\u00edan tener una idea m\u00e1s clara de cu\u00e1l ser\u00e1 el papel de la C\u00e1mara en el futuro.<\/p>","protected":false},"excerpt":{"rendered":"","protected":false},"author":3,"featured_media":9139,"comment_status":"closed","ping_status":"closed","sticky":false,"template":"","format":"standard","meta":{"_acf_changed":false,"give_campaign_id":0,"footnotes":""},"categories":[22],"tags":[],"class_list":["post-9138","post","type-post","status-publish","format-standard","has-post-thumbnail","hentry","category-latest-coverage"],"acf":[],"_links":{"self":[{"href":"https:\/\/vccf.org\/es\/wp-json\/wp\/v2\/posts\/9138","targetHints":{"allow":["GET"]}}],"collection":[{"href":"https:\/\/vccf.org\/es\/wp-json\/wp\/v2\/posts"}],"about":[{"href":"https:\/\/vccf.org\/es\/wp-json\/wp\/v2\/types\/post"}],"author":[{"embeddable":true,"href":"https:\/\/vccf.org\/es\/wp-json\/wp\/v2\/users\/3"}],"replies":[{"embeddable":true,"href":"https:\/\/vccf.org\/es\/wp-json\/wp\/v2\/comments?post=9138"}],"version-history":[{"count":0,"href":"https:\/\/vccf.org\/es\/wp-json\/wp\/v2\/posts\/9138\/revisions"}],"wp:featuredmedia":[{"embeddable":true,"href":"https:\/\/vccf.org\/es\/wp-json\/wp\/v2\/media\/9139"}],"wp:attachment":[{"href":"https:\/\/vccf.org\/es\/wp-json\/wp\/v2\/media?parent=9138"}],"wp:term":[{"taxonomy":"category","embeddable":true,"href":"https:\/\/vccf.org\/es\/wp-json\/wp\/v2\/categories?post=9138"},{"taxonomy":"post_tag","embeddable":true,"href":"https:\/\/vccf.org\/es\/wp-json\/wp\/v2\/tags?post=9138"}],"curies":[{"name":"wp","href":"https:\/\/api.w.org\/{rel}","templated":true}]}}