{"id":9959,"date":"2020-03-18T14:18:33","date_gmt":"2020-03-18T21:18:33","guid":{"rendered":"https:\/\/vccf.org\/?p=9959"},"modified":"2025-02-27T03:39:52","modified_gmt":"2025-02-27T11:39:52","slug":"vccf-creates-covid-rapid-response-fund-for-ventura-county","status":"publish","type":"post","link":"https:\/\/vccf.org\/es\/vccf-creates-covid-rapid-response-fund-for-ventura-county\/","title":{"rendered":"VCCF: Acceso a la ayuda del Fondo de Respuesta R\u00e1pida del Condado de Ventura (COVID-19)"},"content":{"rendered":"<p><img loading=\"lazy\" decoding=\"async\" class=\"aligncenter wp-image-22609 size-full\" src=\"https:\/\/vccf.org\/wp-content\/uploads\/2020\/03\/vccf-website-sliders-4-1-1024x512-1.jpg\" alt=\"\" width=\"1024\" height=\"512\" srcset=\"https:\/\/vccf.org\/wp-content\/uploads\/2020\/03\/vccf-website-sliders-4-1-1024x512-1.jpg 1024w, https:\/\/vccf.org\/wp-content\/uploads\/2020\/03\/vccf-website-sliders-4-1-1024x512-1-300x150.jpg 300w, https:\/\/vccf.org\/wp-content\/uploads\/2020\/03\/vccf-website-sliders-4-1-1024x512-1-768x384.jpg 768w, https:\/\/vccf.org\/wp-content\/uploads\/2020\/03\/vccf-website-sliders-4-1-1024x512-1-18x9.jpg 18w\" sizes=\"auto, (max-width: 1024px) 100vw, 1024px\" \/><\/p>\n<p>Estimada familia de la Fundaci\u00f3n Comunitaria del Condado de Ventura,<\/p>\n<p>I\u2019m writing to share vital information on how individuals, families, undocumented workers, small businesses, and local nonprofit organizations can register their needs for help.\u00a0Please share.<\/p>\n<p>So many facets of our community are impacted in this current situation. But, as we have come to appreciate more and more over the past several years, we live in a generous and resilient county. I\u2019m witnessing intense acts of kindness. People picking up diapers for housebound families, bringing meals, and donating to provide basic needs and support. Thank you to all that have been responding to help our neighbors, families, small businesses, and local nonprofits during this challenging time.<\/p>\n<p>While our fundraising efforts for the\u00a0<a href=\"https:\/\/vccf.org\/es\/\" data-cke-saved-href=\"https:\/\/vccf.org\/\" data-cke-saved->Fondo de Respuesta R\u00e1pida del Condado de Ventura<\/a>\u00a0began this past Friday, and we are still working hard to generate funding to support our community, we wanted to help people begin to register their needs for assistance.<\/p>\n<p><u><strong>Individuals\/ Families<\/strong><\/u><br \/>\nFunding for individuals and families living in Ventura County will be available through the Southeast Ventura County YMCA. Please visit <a href=\"https:\/\/rapidresponsevc.org\/\" data-cke-saved-href=\"https:\/\/rapidresponsevc.org\/\" data-cke-saved- target=\"_blank\" rel=\"noopener\">https:\/\/rapidresponsevc.org\/<\/a>\u00a0to complete a quick and confidential form to help us direct needs and refer you to the appropriate nonprofit providers.<\/p>\n<p>The website is available in 200 languages based on the user\u2019s browsers language setting.<\/p>\n<p><u><strong>Small Businesses<\/strong><\/u><br \/>\nIf you are a small business owner seeking assistance, please schedule an appointment directly with an\u00a0<a href=\"https:\/\/edcollaborative.com\/covid19\/\" data-cke-saved-href=\"https:\/\/edcollaborative.com\/covid19\/\" data-cke-saved- target=\"_blank\" rel=\"noopener\">EDC SBDC Client Service Specialist<\/a> and click on the \u201cMake An Appointment\u201d box. An EDC SBDC Client Service Specialist will schedule a personal appointment via phone to help walk you through the process.<\/p>\n<p>To access the COVID-19 Business Resource Guide, please click\u00a0<a href=\"https:\/\/edcollaborative.com\/covid19\/\" data-cke-saved-href=\"https:\/\/edcollaborative.com\/covid19\/\" data-cke-saved- target=\"_blank\" rel=\"noopener\">aqu\u00ed<\/a>.<\/p>\n<p><u><strong>Nonprofit Organizations<\/strong><\/u><br \/>\nThe Rapid Response Fund is available to support nonprofit organizations addressing the needs of individuals and families with food and housing support, childcare, wage replacement, mental health care, and more. Please visit our website at <a href=\"https:\/\/vccf.org\/es\/\" data-cke-saved-href=\"https:\/\/vccf.org\/\" data-cke-saved->www.vccf.org<\/a> for more information. To complete a 10 minute brief application to register your needs please visit <a href=\"https:\/\/vccf.spectrumportal.net\/\" data-cke-saved-href=\"https:\/\/vccf.spectrumportal.net\/\" data-cke-saved- target=\"_blank\" rel=\"noopener\">https:\/\/vccf.spectrumportal.net\/<\/a>\u00a0and register.<\/p>\n<p><u><strong>Emotional and Mental Health<\/strong><\/u><br \/>\nGive an Hour ofrece grupos de apoyo para el bienestar emocional y la salud mental a trav\u00e9s de una plataforma en l\u00ednea. Los grupos est\u00e1n disponibles tanto en ingl\u00e9s como en espa\u00f1ol. Estos servicios de apoyo entre pares facilitados tienen como objetivo abordar las necesidades de salud mental y bienestar emocional de nuestra comunidad, ya que todos lidiamos con el estr\u00e9s y las consecuencias relacionadas con la pandemia de COVID-19. <a href=\"https:\/\/giveanhour.org\/initiatives-and-programs\/covid19-ca\/\" data-cke-saved-href=\"https:\/\/giveanhour.org\/initiatives-and-programs\/covid19-ca\/\" data-cke-saved- target=\"_blank\" rel=\"noopener\">aqu\u00ed<\/a>.<\/p>\n<p><u><strong>Undocumented Workers<\/strong><\/u><br \/>\nThe Undocufund is a joint effort of immigrant-serving organizations in Ventura and Santa Barbara Counties to provide disaster relief to local immigrant families. More information will be coming soon. To donate visit\u00a0<a href=\"https:\/\/vccf.org\/es\/\" data-cke-saved-href=\"https:\/\/vccf.org\/\" data-cke-saved->www.vccf.org<\/a>.<\/p>\n<p><strong>Additional Information<\/strong><\/p>\n<ul>\n<li>Please consider donating to support our community at <a href=\"https:\/\/vccf.org\/es\/\" data-cke-saved-href=\"https:\/\/vccf.org\/\" data-cke-saved->www.vccf.org<\/a>. VCCF is not taking any administrative fees so that 100% of contributions can go directly to our community.<\/li>\n<li>For current information on COVID-19 in your community, please text\u00a0211211\u00a0enter\u00a0covid19 and your zipcode when prompted.<\/li>\n<li>Please remember to complete your 2020 Census Form as soon as you receive it. Learn more at <a href=\"http:\/\/census.ventura.org\/\" data-cke-saved-href=\"http:\/\/census.ventura.org\/\" data-cke-saved- target=\"_blank\" rel=\"noopener\">http:\/\/census.ventura.org\/<\/a>.<\/li>\n<\/ul>\n<p>Lo mejor,<br \/>\nVanessa Bechtel<br \/>\nPresidente y Consejero Delegado<\/p>\n<p><\/p>","protected":false},"excerpt":{"rendered":"<p>Dear Ventura County Community Foundation Family, I\u2019m writing to share vital information on how individuals, families, undocumented workers, small businesses, and local nonprofit organizations can register their needs for help.\u00a0Please&hellip;<\/p>","protected":false},"author":3,"featured_media":9960,"comment_status":"closed","ping_status":"closed","sticky":false,"template":"","format":"standard","meta":{"_acf_changed":false,"give_campaign_id":0,"footnotes":""},"categories":[27],"tags":[],"class_list":["post-9959","post","type-post","status-publish","format-standard","has-post-thumbnail","hentry","category-blog-posts"],"acf":[],"_links":{"self":[{"href":"https:\/\/vccf.org\/es\/wp-json\/wp\/v2\/posts\/9959","targetHints":{"allow":["GET"]}}],"collection":[{"href":"https:\/\/vccf.org\/es\/wp-json\/wp\/v2\/posts"}],"about":[{"href":"https:\/\/vccf.org\/es\/wp-json\/wp\/v2\/types\/post"}],"author":[{"embeddable":true,"href":"https:\/\/vccf.org\/es\/wp-json\/wp\/v2\/users\/3"}],"replies":[{"embeddable":true,"href":"https:\/\/vccf.org\/es\/wp-json\/wp\/v2\/comments?post=9959"}],"version-history":[{"count":0,"href":"https:\/\/vccf.org\/es\/wp-json\/wp\/v2\/posts\/9959\/revisions"}],"wp:featuredmedia":[{"embeddable":true,"href":"https:\/\/vccf.org\/es\/wp-json\/wp\/v2\/media\/9960"}],"wp:attachment":[{"href":"https:\/\/vccf.org\/es\/wp-json\/wp\/v2\/media?parent=9959"}],"wp:term":[{"taxonomy":"category","embeddable":true,"href":"https:\/\/vccf.org\/es\/wp-json\/wp\/v2\/categories?post=9959"},{"taxonomy":"post_tag","embeddable":true,"href":"https:\/\/vccf.org\/es\/wp-json\/wp\/v2\/tags?post=9959"}],"curies":[{"name":"wp","href":"https:\/\/api.w.org\/{rel}","templated":true}]}}