{"id":11154,"date":"2020-11-18T15:36:32","date_gmt":"2020-11-18T23:36:32","guid":{"rendered":"https:\/\/vccf.org\/?p=11154"},"modified":"2025-01-29T07:47:45","modified_gmt":"2025-01-29T07:47:45","slug":"power-of-purpose-november-18-2020","status":"publish","type":"post","link":"https:\/\/vccf.org\/fr\/power-of-purpose-november-18-2020\/","title":{"rendered":"La puissance de l'objectif - 18 novembre 2020"},"content":{"rendered":"<p><img loading=\"lazy\" decoding=\"async\" class=\"aligncenter wp-image-10281 size-full\" src=\"https:\/\/vccf.org\/wp-content\/uploads\/2020\/07\/3374e07e-68a3-4088-9c96-4f8cc3d2f4ec.jpg\" alt=\"\" width=\"600\" height=\"301\" srcset=\"https:\/\/vccf.org\/wp-content\/uploads\/2020\/07\/3374e07e-68a3-4088-9c96-4f8cc3d2f4ec.jpg 600w, https:\/\/vccf.org\/wp-content\/uploads\/2020\/07\/3374e07e-68a3-4088-9c96-4f8cc3d2f4ec-300x151.jpg 300w, https:\/\/vccf.org\/wp-content\/uploads\/2020\/07\/3374e07e-68a3-4088-9c96-4f8cc3d2f4ec-18x9.jpg 18w\" sizes=\"auto, (max-width: 600px) 100vw, 600px\" \/>Ch\u00e8re famille de la Ventura County Community Foundation,<\/p>\n<p>Lundi dernier, le VCCF a eu l'honneur d'aider \u00e0 sponsoriser la soir\u00e9e LA RAMS Night for Wishes de Make-A-Wish Tri-Counties. Leur talentueuse PDG, Pattie Mullins, parle toujours du pouvoir des souhaits, et on pouvait certainement le voir ce soir-l\u00e0 sur le visage de ce petit gar\u00e7on tr\u00e8s malade alors qu'on lui accordait son grand souhait.<\/p>\n<p>Apr\u00e8s l'\u00e9v\u00e9nement virtuel, j'ai visit\u00e9 le site web de Make-A-Wish et j'ai souri en d\u00e9couvrant Elizabeth, 6 ans, la petite fashionista, qui ne laisse pas sa leuc\u00e9mie l'emp\u00eacher de s'exprimer par son style. Son v\u0153u consistait \u00e0 travailler avec le bureau de la mode de Macy's pour concevoir une robe avec leur \u00e9quipe INC en janvier. Imaginez un peu !<\/p>\n<p>Et je ne peux m\u00eame pas vous dire \u00e0 quel point Tai, 7 ans, \u00e9tait aux anges lorsqu'il a re\u00e7u son v\u0153u de devenir un ma\u00eetre Pokemon !<\/p>\n<p>Comme vous l'avez certainement compris, c'est gr\u00e2ce \u00e0 vous que la Ventura County Community Foundation peut soutenir des centaines d'organisations locales \u00e0 but non lucratif et des milliers de leurs clients. Les causes que nous pouvons soutenir ensemble comprennent l'\u00e9ducation, les arts, les animaux, l'environnement, les services aux personnes \u00e2g\u00e9es, la justice sociale, la sant\u00e9 et le bien-\u00eatre... et la liste est encore longue !<\/p>\n<p>Du 12 au 18 novembre, nous c\u00e9l\u00e9brons\u00a0<strong>Semaine des fondations communautaires<\/strong>Nous sommes fiers de faire partie d'un r\u00e9seau de plus de 900 fondations communautaires \u00e0 travers le pays qui se consacrent \u00e0 rassembler les donateurs et les r\u00e9sidents pour cr\u00e9er un monde meilleur. Nous sommes fiers de faire partie d'un r\u00e9seau de plus de 900 fondations communautaires \u00e0 travers le pays, dont la mission est de rassembler les donateurs et les habitants pour cr\u00e9er un monde meilleur.<\/p>\n<p>J'esp\u00e8re que vous vous joindrez \u00e0 moi pour reconna\u00eetre notre impact collectif et la diff\u00e9rence que nous pouvons faire tous ensemble. Votre amour et votre g\u00e9n\u00e9rosit\u00e9 r\u00e9chauffent le c\u0153ur de tant de personnes. Je vous remercie !<\/p>\n<p>Je vous souhaite bonne chance,<\/p>\n<p>Vanessa<\/p>\n<h2 style=\"text-align: center;\"><strong>Rencontrez nos nouveaux co\u00e9quipiers de la VCCF !<\/strong><\/h2>\n<p><\/p>\n<p style=\"text-align: center;\">Notre \u00e9quipe s'est enrichie de nouveaux dirigeants - veuillez vous joindre \u00e0 nous pour souhaiter la bienvenue \u00e0 Jeffrey Lambert, notre nouveau directeur des op\u00e9rations (COO) et \u00e0 Tracy Tagawa, notre nouveau directeur de la conformit\u00e9 (CCO). Nous sommes ravis d'ajouter leurs talents, leurs id\u00e9es et leur expertise \u00e0 la famille VCCF !<\/p>\n<p>En savoir plus<\/p>\n<h2 style=\"text-align: center;\"><strong>805 Living Article : Nous sommes tous dans le m\u00eame bateau\u00a0<\/strong><\/h2>\n<p>Nous sommes honor\u00e9s de figurer dans le num\u00e9ro Giving Back du 805 Living Magazine, aux c\u00f4t\u00e9s de nos amis philanthropes, la Santa Barbara Foundation et la Community Foundation of San Luis Obispo, pour discuter du r\u00f4le de la philanthropie et de la collaboration sur la c\u00f4te centrale. Comme l'indique l'article -\u00a0<strong>nous sommes tous dans le m\u00eame bateau !<\/strong>Lire la suite<\/p>\n<h2 style=\"text-align: center;\"><strong>\u00c0 la fin du recensement am\u00e9ricain de 2020, le comt\u00e9 de Ventura se situe dans le peloton de t\u00eate des taux de r\u00e9ponse nationaux<\/strong><\/h2>\n<p><\/p>\n<p style=\"font-weight: 400;\">Comme l'indique le r\u00e9cent article du VC Star, le recensement am\u00e9ricain de 2020 s'est achev\u00e9 le mois dernier et le comt\u00e9 de Ventura a obtenu l'un des taux d'auto-r\u00e9ponse les plus \u00e9lev\u00e9s parmi les 3 215 comt\u00e9s du pays. Cette r\u00e9ussite permettra de maximiser les milliards de dollars de fonds f\u00e9d\u00e9raux dont b\u00e9n\u00e9ficiera le comt\u00e9 de Ventura au cours de la prochaine d\u00e9cennie.<\/p>\n<p>Le gouvernement f\u00e9d\u00e9ral avait initialement pr\u00e9vu que le comt\u00e9 de Ventura se situerait dans les 2% les plus bas des comt\u00e9s du pays pour les taux d'auto-r\u00e9ponse, a d\u00e9clar\u00e9 Vanessa Bechtel. Au lieu de cela, le comt\u00e9 de Ventura s'est retrouv\u00e9 dans les 5% les plus performants.<\/p>\n<p>Selon elle, ce revirement est d\u00fb en grande partie \u00e0 la collaboration des nombreux groupes - dont le comt\u00e9 de Ventura, les entreprises, la communaut\u00e9 religieuse, les organisations \u00e0 but non lucratif et d'autres - qui composent le comit\u00e9 \"Ventura County 2020 Complete Count\" (comte complet du comt\u00e9 de Ventura 2020).<\/p>\n<p>Lire la suite<\/p>\n<h2 style=\"text-align: center;\"><strong>Ouverture de la saison des bourses VCCF 2021 le 25 novembre<\/strong><\/h2>\n<p>Le programme de bourses d'\u00e9tudes de la VCCF ouvre les portes de l'\u00e9ducation aux \u00e9tudiants de tous \u00e2ges. Nous sommes convaincus qu'en permettant aux individus d'acc\u00e9der \u00e0 l'enseignement sup\u00e9rieur, c'est l'ensemble de notre communaut\u00e9 qui est renforc\u00e9e. Une bourse est plus qu'une r\u00e9compense financi\u00e8re - c'est la cl\u00e9 qui ouvre l'avenir des \u00e9tudiants m\u00e9ritants en renfor\u00e7ant leur confiance et en \u00e9liminant les obstacles qui se dressent sur le chemin de la r\u00e9ussite.<\/p>\n<p>La saison 2021 des bourses d'\u00e9tudes de la VCCF est presque arriv\u00e9e !<strong>\u00a0<\/strong>La p\u00e9riode de candidature s'ouvre pour les \u00e9tudiants candidats et les recommandeurs du 25 novembre 2020 au 29 janvier 2021. Visiter le site\u00a0<a href=\"https:\/\/vccf.org\/fr\/scholarships\/\" target=\"_blank\" rel=\"noopener noreferrer\">vccf.org\/bourses d'\u00e9tudes<\/a>\u00a0pour en savoir plus.<\/p>\n<h2 class=\"null\" style=\"text-align: center;\"><strong>Rejoignez l'AFP pour la Journ\u00e9e nationale de la philanthropie 2020<br \/>\nC\u00e9l\u00e9bration interactive<\/strong><\/h2>\n<p><\/p>\n<p style=\"text-align: center;\">En cette ann\u00e9e de changements et de bouleversements sans pr\u00e9c\u00e9dent, il est essentiel de se rassembler pour rendre hommage \u00e0 ceux qui ont soutenu nos communaut\u00e9s et nos causes, et qui ont contribu\u00e9 \u00e0 rendre la lutte plus supportable.<\/p>\n<p style=\"text-align: center;\">Rejoindre le <a href=\"https:\/\/community.afpnet.org\/afpsbv\/home\" target=\"_blank\" rel=\"noopener\">Association for Fundraising Professionals, Santa Barbara\/Ventura Counties Chapter (Association des professionnels de la collecte de fonds, section des comt\u00e9s de Santa Barbara\/Ventura)<\/a> \u00e0 la c\u00e9l\u00e9bration de la Journ\u00e9e nationale de la philanthropie VIRTUELLE de cette ann\u00e9e, au cours de laquelle nous rendrons hommage \u00e0 ces personnes et organisations sp\u00e9ciales !<\/p>\n<p style=\"text-align: center;\"><strong>F\u00e9licitations aux laur\u00e9ats de 2020 !<\/strong><\/p>\n<p style=\"text-align: center;\">Philanthrope de l'ann\u00e9e - Kate McLean<\/p>\n<p style=\"text-align: center;\">B\u00e9n\u00e9vole de l'ann\u00e9e - Karen Allen<\/p>\n<p style=\"text-align: center;\">Les jeunes dans la philanthropie - des Zoomers aux Boomers<\/p>\n<p style=\"text-align: center;\">Collecteur de fonds de l'ann\u00e9e - Claudia Armann<\/p>\n<p style=\"text-align: center;\">Adaptabilit\u00e9 exceptionnelle| Kids &amp; Families Together<\/p>\n<p style=\"text-align: center;\">Champions de la justice sociale| Krystal Farmer Seighart &amp; Simone Akila Ruskamp<\/p>\n<p>Acheter des billets<\/p>\n<h2 style=\"text-align: center;\"><strong>Une soir\u00e9e de l'espoir - Spectacle de vari\u00e9t\u00e9s virtuel<\/strong><\/h2>\n<p>Nous sommes fiers de parrainer ce spectacle de vari\u00e9t\u00e9s virtuel organis\u00e9 par nos amis de l'association\u00a0<a href=\"https:\/\/vcfjc.org\/\" target=\"_blank\" rel=\"noopener noreferrer\">Fondation du centre de justice familiale du comt\u00e9 de Ventura<\/a>.<\/p>\n<p>Le spectacle sera diffus\u00e9 en avant-premi\u00e8re sur leur page Facebook \u00e0 18 h 30 le 19 novembre et mettra en vedette des artistes de renom tels que REO Speedwagon, Tower of Power, Ignition, l'invit\u00e9 sp\u00e9cial Gregg Bissonette et les Reddcoats, et bien d'autres encore. Le visionnage de cet \u00e9v\u00e9nement est GRATUIT.<\/p>\n<h2 style=\"text-align: center;\"><strong>La construction du mouvement<\/strong><br \/>\n<strong>Opportunit\u00e9 d'un programme de bourses<\/strong><\/h2>\n<p><\/p>\n<h4 style=\"text-align: center;\"><strong>Les candidatures doivent \u00eatre d\u00e9pos\u00e9es avant le 11 janvier 2021 \u00e0 17 heures.<\/strong><br \/>\n<strong>Les noms des boursiers seront annonc\u00e9s au d\u00e9but du mois de mars 2021.<\/strong><\/h4>\n<p><a href=\"https:\/\/www.weingartfnd.org\/\" target=\"_blank\" rel=\"noopener\">La Fondation Weingart<\/a> accepte d\u00e9sormais les candidatures pour la deuxi\u00e8me cohorte du programme John W. Mack Movement Building Fellows. Ce programme aide les nouveaux leaders \u00e0 d\u00e9velopper leurs capacit\u00e9s d'adaptation, \u00e0 affiner leur position de leader, \u00e0 am\u00e9liorer leur capacit\u00e9 \u00e0 d\u00e9velopper des strat\u00e9gies de campagne plus efficaces et \u00e0 mieux acc\u00e9der aux ressources qui les soutiennent en tant que leaders dans les organisations et les r\u00e9seaux du mouvement, le tout dans un cadre de justice raciale et d'\u00e9quit\u00e9. Douze leaders \u00e9mergents seront s\u00e9lectionn\u00e9s pour s'engager dans une formation transformatrice au d\u00e9veloppement du leadership, \u00e0 l'apprentissage par les pairs et au coaching sur une p\u00e9riode de 18 mois.<\/p>\n<p>Pour plus d'informations sur le programme John W. Mack Movement Building Fellows, y compris les crit\u00e8res d'\u00e9ligibilit\u00e9 et de s\u00e9lection et les modalit\u00e9s de candidature, cliquez ci-dessous.<\/p>\n<h2 style=\"text-align: center;\"><strong>Le pouvoir de la communaut\u00e9<\/strong><\/h2>\n<p><\/p>\n<h3 style=\"text-align: center;\"><strong>Bonnes nouvelles de VOTRE communaut\u00e9 du comt\u00e9 de Ventura<\/strong><\/h3>\n<p><\/p>\n<h3 style=\"text-align: center;\"><strong>Maison du port<\/strong><\/h3>\n<p>Ce mois-ci, nous sommes fiers de pr\u00e9senter\u00a0<a href=\"http:\/\/www.harborhouseto.org\/\" target=\"_blank\" rel=\"noopener noreferrer\">Maison du port<\/a>. Harbor House est une agence de services sociaux bas\u00e9e \u00e0 Conejo Valley qui se consacre \u00e0 aider les personnes les plus vuln\u00e9rables de nos communaut\u00e9s, notamment celles qui sont confront\u00e9es \u00e0 l'ins\u00e9curit\u00e9 alimentaire et \u00e0 l'ins\u00e9curit\u00e9 du logement, au ch\u00f4mage, \u00e0 la toxicomanie, \u00e0 la maladie mentale et \u00e0 la maltraitance. La Ventura County Community Foundation est fi\u00e8re de soutenir Harbor House : \"\u00c0 Harbor House, nous sommes reconnaissants des subventions que la Ventura County Community Foundation nous a accord\u00e9es pour aider les personnes dans le besoin en raison de la crise du COVID-19. Nous avons aid\u00e9 nos clients de trois mani\u00e8res principales, \u00e0 savoir\u00a0<strong>en proposant des s\u00e9jours en motel, un programme alimentaire de ramassage quotidien et une aide \u00e0 la location.<\/strong><\/p>\n<p>Notre refuge d'hiver a ferm\u00e9 dans la matin\u00e9e du lundi 16 mars. Nous avons imm\u00e9diatement plac\u00e9 nos clients dans des motels locaux afin qu'ils puissent \u00eatre \u00e0 l'abri de Covid-19 pendant que nous recevions l'ordre de mise en place de l'abri. Depuis le 16 mars, nous avons d\u00e9pens\u00e9 $56 964,04 euros en chambres de motel. Certains de nos clients remplissent les conditions requises pour b\u00e9n\u00e9ficier du Project Room Key et du Project Room Key Motel Voucher Program qui en d\u00e9coule, mais d'autres ne remplissent pas ces conditions et doivent s\u00e9journer \u00e0 l'h\u00f4tel pour des raisons de sant\u00e9.<\/p>\n<p>Le 16 mars, nous avons remplac\u00e9 notre programme de d\u00eener nocturne par un programme de repas \u00e0 emporter avec, \u00e0 l'occasion, des repas chauds. \u00c0 ce jour, nous avons servi plus de 13 530 repas. \u00c0 la fin du mois d'ao\u00fbt, nous avons d\u00e9pens\u00e9 $1,438 pour le programme de repas quotidiens \u00e0 emporter. Nous avons \u00e9t\u00e9 b\u00e9nis par la communaut\u00e9 qui a fait don de la quasi-totalit\u00e9 de la nourriture associ\u00e9e au programme.<\/p>\n<p>Harbor House a re\u00e7u de nombreuses demandes d'aide \u00e0 la location. \u00c0 ce jour, depuis que Covid-19 a frapp\u00e9 la communaut\u00e9, nous avons d\u00e9pens\u00e9 $32.570 pour l'aide \u00e0 la location de 49 familles, ce qui \u00e9quivaut \u00e0 127 personnes. Les familles les plus durement touch\u00e9es sont celles qui travaillent dans le secteur de l'h\u00f4tellerie et de la restauration, notamment dans nos restaurants locaux. Nous savons que de nombreuses familles sont menac\u00e9es d'expulsion et nous faisons tout ce qui est en notre pouvoir pour \u00e9viter les expulsions et maintenir les familles dans leur logement.<\/p>\n<p>Nous ne remercierons jamais assez la VCCF de s'\u00eatre associ\u00e9e \u00e0 Harbor House pour aider notre communaut\u00e9, merci !<\/p>","protected":false},"excerpt":{"rendered":"<p>Dear Ventura County Community Foundation Family, This past Monday, VCCF was honored to help sponsor Make-A-Wish Tri-Counties\u2019 LA RAMS Night for Wishes.\u00a0Their talented CEO, Pattie Mullins, always shares about the&hellip;<\/p>","protected":false},"author":3,"featured_media":11035,"comment_status":"closed","ping_status":"closed","sticky":false,"template":"","format":"standard","meta":{"_acf_changed":false,"give_campaign_id":0,"footnotes":""},"categories":[24],"tags":[],"class_list":["post-11154","post","type-post","status-publish","format-standard","has-post-thumbnail","hentry","category-newsletters"],"acf":[],"_links":{"self":[{"href":"https:\/\/vccf.org\/fr\/wp-json\/wp\/v2\/posts\/11154","targetHints":{"allow":["GET"]}}],"collection":[{"href":"https:\/\/vccf.org\/fr\/wp-json\/wp\/v2\/posts"}],"about":[{"href":"https:\/\/vccf.org\/fr\/wp-json\/wp\/v2\/types\/post"}],"author":[{"embeddable":true,"href":"https:\/\/vccf.org\/fr\/wp-json\/wp\/v2\/users\/3"}],"replies":[{"embeddable":true,"href":"https:\/\/vccf.org\/fr\/wp-json\/wp\/v2\/comments?post=11154"}],"version-history":[{"count":0,"href":"https:\/\/vccf.org\/fr\/wp-json\/wp\/v2\/posts\/11154\/revisions"}],"wp:featuredmedia":[{"embeddable":true,"href":"https:\/\/vccf.org\/fr\/wp-json\/wp\/v2\/media\/11035"}],"wp:attachment":[{"href":"https:\/\/vccf.org\/fr\/wp-json\/wp\/v2\/media?parent=11154"}],"wp:term":[{"taxonomy":"category","embeddable":true,"href":"https:\/\/vccf.org\/fr\/wp-json\/wp\/v2\/categories?post=11154"},{"taxonomy":"post_tag","embeddable":true,"href":"https:\/\/vccf.org\/fr\/wp-json\/wp\/v2\/tags?post=11154"}],"curies":[{"name":"wp","href":"https:\/\/api.w.org\/{rel}","templated":true}]}}