{"id":11414,"date":"2019-12-19T17:34:11","date_gmt":"2019-12-20T01:34:11","guid":{"rendered":"https:\/\/vccf.org\/?p=11414"},"modified":"2025-02-27T03:33:35","modified_gmt":"2025-02-27T11:33:35","slug":"power-of-purpose-december-19-2019","status":"publish","type":"post","link":"https:\/\/vccf.org\/fr\/power-of-purpose-december-19-2019\/","title":{"rendered":"Le pouvoir de l'objectif - 19 d\u00e9cembre 2019"},"content":{"rendered":"<p><img loading=\"lazy\" decoding=\"async\" class=\"aligncenter wp-image-10281\" src=\"https:\/\/vccf.org\/wp-content\/uploads\/2020\/07\/3374e07e-68a3-4088-9c96-4f8cc3d2f4ec.jpg\" alt=\"\" width=\"760\" height=\"381\" srcset=\"https:\/\/vccf.org\/wp-content\/uploads\/2020\/07\/3374e07e-68a3-4088-9c96-4f8cc3d2f4ec.jpg 600w, https:\/\/vccf.org\/wp-content\/uploads\/2020\/07\/3374e07e-68a3-4088-9c96-4f8cc3d2f4ec-300x151.jpg 300w, https:\/\/vccf.org\/wp-content\/uploads\/2020\/07\/3374e07e-68a3-4088-9c96-4f8cc3d2f4ec-18x9.jpg 18w\" sizes=\"auto, (max-width: 760px) 100vw, 760px\" \/><\/p>\n<h2 style=\"font-weight: 400; text-align: center;\"><strong>Aider nos voisins<\/strong><\/h2>\n<p><\/p>\n<h3 style=\"font-weight: 400; text-align: center;\"><strong>Mise \u00e0 jour sur la reprise apr\u00e8s sinistre de la VCCF<\/strong><\/h3>\n<p>Ce mois-ci, la VCCF octroie $500 000 euros d'aide financi\u00e8re directe aux familles touch\u00e9es par les incendies de Thomas, Hill et Woolsey. La VCCF collecte \u00e9galement des contributions au Fonds des victimes de la vall\u00e9e de Conejo pour la trag\u00e9die de Borderline. Les ch\u00e8ques seront envoy\u00e9s au d\u00e9but du mois de janvier 2020.<\/p>\n<h2 style=\"text-align: center;\"><strong>Collaboration en mati\u00e8re de soins<\/strong><\/h2>\n<p>\u00catre un aidant familial est un r\u00f4le vital pour les membres vuln\u00e9rables de notre communaut\u00e9. Jamshid Damooei de Cal Lutheran estime que d'ici 2050, une personne sur deux dans le comt\u00e9 de Ventura sera un aidant familial, ce qui repr\u00e9sente une augmentation consid\u00e9rable par rapport \u00e0 aujourd'hui !<\/p>\n<p>Un effort de collaboration a \u00e9t\u00e9 form\u00e9 avec les h\u00f4pitaux locaux pour aider \u00e0 accro\u00eetre le soutien et la formation que re\u00e7oivent ces aidants familiaux, et la VCCF est tr\u00e8s fi\u00e8re d'annoncer un engagement financier de $678,750 \u00e0 trois h\u00f4pitaux locaux qui sera pay\u00e9 sur trois ans pour le projet de navigation des aidants familiaux.En savoir plus<\/p>\n<h4 style=\"text-align: center;\"><strong>Lire le rapport \"L'avenir des soins pour une population vieillissante\" (en anglais)<\/strong><\/h4>\n<p>Jamshid Damooei sur la prestation de soins dans le comt\u00e9 de Ventura, intitul\u00e9 \"The Future of Caregiving for an Aging Population\" (L'avenir de la prestation de soins pour une population vieillissante). Ce rapport fournit de nombreuses informations issues de multiples enqu\u00eates nationales et r\u00e9gionales sur les besoins des aidants et sur la mani\u00e8re dont ils peuvent \u00eatre aid\u00e9s efficacement.<\/p>\n<p>Cliquez sur le lien ci-dessous pour t\u00e9l\u00e9charger le rapport complet.<\/p>\n<h2 style=\"text-align: center;\"><strong>Fondation Martin V. et Martha K. Smith <\/strong><strong>Reconnaissance lors de la c\u00e9r\u00e9monie du Tribunal des anciens combattants<\/strong><\/h2>\n<p><\/p>\n<div>La Fondation Martin V. et Martha K. Smith a r\u00e9cemment \u00e9t\u00e9 reconnue lors d'une c\u00e9r\u00e9monie au cours de laquelle le tribunal d'intervention pour les anciens combattants du comt\u00e9 de Ventura est devenu le \"Judge Colleen Toy White Veterans Court Treatment Program\" (programme de traitement du tribunal pour les anciens combattants du juge Colleen Toy White). Le tribunal entend les affaires p\u00e9nales des anciens combattants qui peuvent souffrir de traumatismes physiques ou psychologiques, tels que le syndrome de stress post-traumatique.<\/div>\n<div><\/div>\n<div>\n<div style=\"text-align: left;\">Depuis de nombreuses ann\u00e9es, la Fondation Martin V. et Martha K. Smith accorde des fonds pour soutenir le poste d'un agent de liaison entre le tribunal des anciens combattants et les programmes de traitement des anciens combattants dans l'ensemble du comt\u00e9.<\/div>\n<\/div>\n<p><\/p>\n<h2 class=\"null\" style=\"text-align: center;\"><strong>Octroi de subventions dans le comt\u00e9 de Ventura Counts\u00a0<\/strong><\/h2>\n<p><\/p>\n<div>Le VCCF et le comt\u00e9 de Ventura ont r\u00e9cemment octroy\u00e9 plus de $500 000 aux organisations communautaires du comt\u00e9. L'objectif de ces subventions est de soutenir et de fournir des activit\u00e9s de sensibilisation aux populations difficiles \u00e0 recenser dans le cadre du recensement de 2020 pour le comt\u00e9 de Ventura.<\/div>\n<p style=\"text-align: center;\"><strong>La date limite pour le prochain cycle de financement est le 15 janvier 2020.<br \/>\nLes candidats peuvent s'inscrire ici\u00a0<a href=\"https:\/\/venturacountycounts.org\/funding\/\" data-saferedirecturl=\"https:\/\/www.google.com\/url?q=https:\/\/venturacountycounts.org\/funding\/&amp;source=gmail&amp;ust=1576706772226000&amp;usg=AFQjCNFF9tUYYxExxRcyUYAKqA6KVjXfJA\" target=\"_blank\" rel=\"noopener\">https:\/\/venturacountycounts.org\/funding\/<\/a><\/strong>Lire la suite<\/p>\n<h2 style=\"text-align: center;\"><strong>Des places sont encore disponibles pour les instituts de 2020<\/strong><\/h2>\n<p>Le Center for Nonprofit Leadership propose deux instituts exceptionnels en 2020. Ces programmes se sont av\u00e9r\u00e9s transformateurs pour de nombreuses organisations du comt\u00e9 de Ventura. Les candidatures sont encore accept\u00e9es pour le <a href=\"https:\/\/www.callutheran.edu\/centers\/nonprofit\/programs\/board-leadership\/\" target=\"_blank\" rel=\"noopener\">Institut de leadership pour les conseils d'administration<\/a> et le <a href=\"https:\/\/www.callutheran.edu\/centers\/nonprofit\/programs\/resiliency-institute\/\" target=\"_blank\" rel=\"noopener\">Institut sur la r\u00e9silience des organisations \u00e0 but non lucratif<\/a>. Si vous \u00eates int\u00e9ress\u00e9(e), <strong>ne tardez pas<\/strong>car les places se remplissent.<\/p>\n<p>Destin\u00e9s aux \u00e9quipes du conseil d'administration et du personnel, ces instituts offrent des exp\u00e9riences d'apprentissage immersives sur les meilleures pratiques des organisations \u00e0 but non lucratif qui am\u00e9lioreront le fonctionnement de votre organisation.<\/p>\n<p>En savoir plus sur la <a href=\"https:\/\/www.callutheran.edu\/centers\/nonprofit\/programs\/board-leadership\/\" target=\"_blank\" rel=\"noopener\">Institut de leadership pour les conseils d'administration<\/a> et le <a href=\"https:\/\/www.callutheran.edu\/centers\/nonprofit\/programs\/resiliency-institute\/\" target=\"_blank\" rel=\"noopener\">Institut sur la r\u00e9silience des organisations \u00e0 but non lucratif<\/a> en cliquant sur les liens suivants.<\/p>\n<h2 style=\"text-align: center;\"><strong>Rencontrez Alyssa Torkelson au VCCF !<\/strong><\/h2>\n<p><img loading=\"lazy\" decoding=\"async\" class=\"alignnone wp-image-22605 size-full\" src=\"https:\/\/vccf.org\/wp-content\/uploads\/2019\/12\/963e2597-d472-40ab-890c-5a8dbe181eb5-238x300-1.jpg\" alt=\"\" width=\"238\" height=\"300\" srcset=\"https:\/\/vccf.org\/wp-content\/uploads\/2019\/12\/963e2597-d472-40ab-890c-5a8dbe181eb5-238x300-1.jpg 238w, https:\/\/vccf.org\/wp-content\/uploads\/2019\/12\/963e2597-d472-40ab-890c-5a8dbe181eb5-238x300-1-10x12.jpg 10w\" sizes=\"auto, (max-width: 238px) 100vw, 238px\" \/><\/p>\n<p>La VCCF est ravie d'accueillir Alyssa Torkelson dans son \u00e9quipe ! Alyssa Torkelson est comptable junior \u00e0 la VCCF, o\u00f9 elle travaille en \u00e9troite collaboration avec l'\u00e9quipe pour accomplir sa mission de promouvoir et de permettre \u00e0 la philanthropie d'am\u00e9liorer notre communaut\u00e9. Si vous avez des questions sur la r\u00e9ception ou l'\u00e9mission de paiements, Alyssa est votre interlocutrice !<\/p>\n<p>En savoir plus sur Alyssa\u00a0<a href=\"https:\/\/vccf.org\/fr\/staff\/\" target=\"_blank\" rel=\"noopener noreferrer\">ici<\/a>.<\/p>\n<p><\/p>\n<h2 class=\"null\" style=\"text-align: center;\"><strong>La saison des bourses d'\u00e9tudes de la VCCF est ouverte ! <\/strong><\/h2>\n<p>La saison des demandes de bourses d'\u00e9tudes de cette ann\u00e9e est maintenant ouverte ! Gr\u00e2ce \u00e0 la g\u00e9n\u00e9rosit\u00e9 des donateurs locaux, la Ventura County Community Foundation est en mesure de s'associer \u00e0 des \u00e9tudiants locaux pour les aider \u00e0 atteindre leurs objectifs professionnels et \u00e9ducatifs. Chaque ann\u00e9e, la VCCF attribue environ $1,3 million de bourses d'\u00e9tudes et propose plus de 80 bourses au choix !<\/p>\n<p><strong>La date limite de d\u00e9p\u00f4t des candidatures est fix\u00e9e au 26 janvier 2020.<\/strong>En savoir plus<\/p>","protected":false},"excerpt":{"rendered":"<p>Helping Our Neighbors VCCF Disaster Recovery Update Ce mois-ci, la VCCF octroie $500,000 en aide financi\u00e8re directe aux familles touch\u00e9es par les incendies de Thomas, Hill et Woolsey. La VCCF collecte \u00e9galement...<\/p>","protected":false},"author":3,"featured_media":11417,"comment_status":"closed","ping_status":"closed","sticky":false,"template":"","format":"standard","meta":{"_acf_changed":false,"give_campaign_id":0,"footnotes":""},"categories":[24],"tags":[],"class_list":["post-11414","post","type-post","status-publish","format-standard","has-post-thumbnail","hentry","category-newsletters"],"acf":[],"_links":{"self":[{"href":"https:\/\/vccf.org\/fr\/wp-json\/wp\/v2\/posts\/11414","targetHints":{"allow":["GET"]}}],"collection":[{"href":"https:\/\/vccf.org\/fr\/wp-json\/wp\/v2\/posts"}],"about":[{"href":"https:\/\/vccf.org\/fr\/wp-json\/wp\/v2\/types\/post"}],"author":[{"embeddable":true,"href":"https:\/\/vccf.org\/fr\/wp-json\/wp\/v2\/users\/3"}],"replies":[{"embeddable":true,"href":"https:\/\/vccf.org\/fr\/wp-json\/wp\/v2\/comments?post=11414"}],"version-history":[{"count":0,"href":"https:\/\/vccf.org\/fr\/wp-json\/wp\/v2\/posts\/11414\/revisions"}],"wp:featuredmedia":[{"embeddable":true,"href":"https:\/\/vccf.org\/fr\/wp-json\/wp\/v2\/media\/11417"}],"wp:attachment":[{"href":"https:\/\/vccf.org\/fr\/wp-json\/wp\/v2\/media?parent=11414"}],"wp:term":[{"taxonomy":"category","embeddable":true,"href":"https:\/\/vccf.org\/fr\/wp-json\/wp\/v2\/categories?post=11414"},{"taxonomy":"post_tag","embeddable":true,"href":"https:\/\/vccf.org\/fr\/wp-json\/wp\/v2\/tags?post=11414"}],"curies":[{"name":"wp","href":"https:\/\/api.w.org\/{rel}","templated":true}]}}