{"id":12285,"date":"2021-03-22T10:16:09","date_gmt":"2021-03-22T17:16:09","guid":{"rendered":"https:\/\/vccf.org\/?p=12285"},"modified":"2025-02-27T03:35:11","modified_gmt":"2025-02-27T11:35:11","slug":"power-of-purpose-march-22-2021","status":"publish","type":"post","link":"https:\/\/vccf.org\/fr\/power-of-purpose-march-22-2021\/","title":{"rendered":"Lettre d'information \"Power of Purpose\" - 22 mars 2021"},"content":{"rendered":"<p><img loading=\"lazy\" decoding=\"async\" class=\"aligncenter wp-image-22607 size-full\" src=\"https:\/\/vccf.org\/wp-content\/uploads\/2021\/03\/power-of-purpose.jpg\" alt=\"\" width=\"600\" height=\"301\" srcset=\"https:\/\/vccf.org\/wp-content\/uploads\/2021\/03\/power-of-purpose.jpg 600w, https:\/\/vccf.org\/wp-content\/uploads\/2021\/03\/power-of-purpose-300x151.jpg 300w, https:\/\/vccf.org\/wp-content\/uploads\/2021\/03\/power-of-purpose-18x9.jpg 18w\" sizes=\"auto, (max-width: 600px) 100vw, 600px\" \/><\/p>\n<p>Ch\u00e8re famille de la Ventura County Community Foundation,<\/p>\n<p>Il y a un peu plus d'un an, le 13 mars 2020 exactement, nous avons publi\u00e9 un communiqu\u00e9 de presse commun annon\u00e7ant que la Ventura County Community Foundation, en coordination avec le comt\u00e9 de Ventura, la Fondation Amgen, Southeast Ventura YMCA, Give An Hour et l'Economic Development Collaborative, avait lanc\u00e9 un Fonds de r\u00e9ponse rapide pour le comt\u00e9 de Ventura afin de r\u00e9pondre aux besoins des individus et des familles en mati\u00e8re d'aide alimentaire et de logement, de garde d'enfants, de remplacement de salaire, de soins de sant\u00e9 mentale, et bien plus encore.<\/p>\n<p>Alors que les responsables locaux de la sant\u00e9 publique travaillaient h\u00e9ro\u00efquement \u00e0 la pr\u00e9paration et \u00e0 la r\u00e9ponse au COVID-19, nous savions qu'un grand nombre de membres de notre communaut\u00e9 conna\u00eetraient des difficult\u00e9s financi\u00e8res extr\u00eames en raison de la pand\u00e9mie et nous voulions nous assurer que nos organisations locales \u00e0 but non lucratif disposeraient du soutien financier n\u00e9cessaire pour maintenir et accro\u00eetre leurs services afin de r\u00e9pondre \u00e0 la demande.<\/p>\n<p>Je me souviens tr\u00e8s bien avoir arpent\u00e9 mon couloir \u00e0 4 heures du matin ce jour-l\u00e0, r\u00e9fl\u00e9chissant \u00e0 la pand\u00e9mie internationale et \u00e0 la volatilit\u00e9 des march\u00e9s mondiaux, sachant qu'il \u00e9tait naturel de ressentir de l'inqui\u00e9tude et une profonde pr\u00e9occupation. Mais j'avais appris au cours des ann\u00e9es pr\u00e9c\u00e9dentes, lorsque notre communaut\u00e9 a r\u00e9agi \u00e0 de nombreux incendies et trag\u00e9dies, que notre communaut\u00e9 est g\u00e9n\u00e9reuse. Je savais que nous ne laisserions jamais la peur nous emp\u00eacher de prendre les mesures urgentes n\u00e9cessaires pour aider le comt\u00e9 de Ventura et les membres de notre communaut\u00e9 qui ne disposent pas d'un filet de s\u00e9curit\u00e9 sociale fiable et coh\u00e9rent.<\/p>\n<p>Et, bien s\u00fbr, c'est ce que nous avons accompli ensemble ! Plus de $14 millions d'euros ont \u00e9t\u00e9 vers\u00e9s \u00e0 des organisations \u00e0 but non lucratif et \u00e0 des familles dans le besoin au cours de l'ann\u00e9e \u00e9coul\u00e9e !<\/p>\n<p>En outre, le comt\u00e9 de Ventura a fourni plus de $20 millions d'euros pour permettre \u00e0 des milliers de petites entreprises de recevoir des subventions de soutien financier. Nos villes ont \u00e9galement apport\u00e9 leur contribution, la ville de Camarillo ouvrant la voie en approuvant $1 million de subventions aux petites entreprises locales par l'interm\u00e9diaire de votre fondation communautaire.<\/p>\n<p>Chacun d'entre vous a fait une diff\u00e9rence significative dans la vie de plus de 100 000 de nos voisins ! Nous vous remercions !<\/p>\n<p><strong>S'il vous pla\u00eet, soutenez-nous encore une fois alors que nous continuons \u00e0 soutenir ceux qui en ont le plus besoin. Un grand merci \u00e0 la Fondation Amgen pour avoir apport\u00e9 une contribution \u00e9quivalente aux fonds collect\u00e9s pendant cette p\u00e9riode critique. Chaque dollar fait la diff\u00e9rence !<\/strong><\/p>\n<p>Je vous souhaite bonne chance,<br \/>\nVanessaFaites un don maintenant<\/p>\n<h2 style=\"text-align: center;\"><strong>La Fondation Amgen fournit des fonds de contrepartie essentiels au Fonds de r\u00e9ponse rapide pour le COVID-19<\/strong><\/h2>\n<p>La VCCF est incroyablement reconnaissante \u00e0 la\u00a0<a href=\"https:\/\/vccf.us19.list-manage.com\/track\/click?u=c9b2623ed494d61a163dd363c&amp;id=24fb728e01&amp;e=1c1a9e6f46\" target=\"_blank\" rel=\"noopener\" data-saferedirecturl=\"https:\/\/www.google.com\/url?q=https:\/\/vccf.us19.list-manage.com\/track\/click?u%3Dc9b2623ed494d61a163dd363c%26id%3D24fb728e01%26e%3D1c1a9e6f46&amp;source=gmail&amp;ust=1616604333959000&amp;usg=AFQjCNHhywT3ZHkGUofYQMHm79IfU5JVwA\"><strong>Amgen<\/strong>\u00a0<strong>Fondation<\/strong><\/a>\u00a0pour sa g\u00e9n\u00e9reuse contribution de\u00a0<strong>$300 000 en fonds de contrepartie pour la VCCF.<\/strong>\u00a0<strong>Fonds de r\u00e9action rapide<\/strong>\u00a0<strong>pour COVID-19<\/strong><strong>.<\/strong><\/p>\n<p>Tous les fonds seront allou\u00e9s \u00e0 des organisations locales \u00e0 but non lucratif qui r\u00e9pondent \u00e0 des besoins essentiels de notre communaut\u00e9. Pour obtenir la liste compl\u00e8te des subventions pr\u00e9c\u00e9demment accord\u00e9es par le Fonds de r\u00e9action rapide pour COVID-19, cliquez sur le lien suivant <a href=\"https:\/\/vccf.us19.list-manage.com\/track\/click?u=c9b2623ed494d61a163dd363c&amp;id=e9a466cec5&amp;e=1c1a9e6f46\" target=\"_blank\" rel=\"noopener\" data-saferedirecturl=\"https:\/\/www.google.com\/url?q=https:\/\/vccf.us19.list-manage.com\/track\/click?u%3Dc9b2623ed494d61a163dd363c%26id%3De9a466cec5%26e%3D1c1a9e6f46&amp;source=gmail&amp;ust=1616604333959000&amp;usg=AFQjCNGuGBO9uclw-z7RYUAEJZjxlcmGhw\">ici<\/a>.<\/p>\n<p>\"Au cours des prochaines semaines, notre objectif est de collecter un total de $600 000 avec l'aide de ces fonds de contrepartie\", a d\u00e9clar\u00e9 Vanessa Bechtel, pr\u00e9sidente-directrice g\u00e9n\u00e9rale. \"Nous sommes profond\u00e9ment reconnaissants \u00e0 la Fondation Amgen pour son partenariat au cours de l'ann\u00e9e \u00e9coul\u00e9e et pour sa g\u00e9n\u00e9rosit\u00e9 continue dans le soutien aux efforts de secours du COVID-19.<\/p>\n<h2 style=\"text-align: center;\"><strong>Cr\u00e9er un impact durable dans notre monde commun :<\/strong><br \/>\n<em><strong>Un rapport d'impact S\u00e9rie de conf\u00e9rences<\/strong><\/em><\/h2>\n<p>Alors que nous venons de franchir le cap d'un an de distanciation sociale et de dons sans pr\u00e9c\u00e9dent, nous avons le plaisir de vous inviter \u00e0 une c\u00e9l\u00e9bration virtuelle sp\u00e9ciale des principales r\u00e9alisations, ouverte \u00e0 tous :\u00a0<strong>Cr\u00e9er un impact durable dans notre monde commun : S\u00e9rie de conf\u00e9rences sur le rapport d'impact<\/strong><\/p>\n<p>Chaque rapport d'impact pr\u00e9sentera une mise \u00e0 jour d'une initiative sp\u00e9cifique, des histoires personnelles de notre communaut\u00e9, et comprendra des pr\u00e9sentations sp\u00e9ciales par des leaders cl\u00e9s de la communaut\u00e9.<\/p>\n<p><strong>Inscrivez-vous d\u00e8s maintenant \u00e0 nos prochains \u00e9v\u00e9nements ou regardez les enregistrements de nos \u00e9v\u00e9nements pr\u00e9c\u00e9dents.<\/strong><\/p>\n<ul>\n<li>Programme d'aide aux m\u00e9nages de travailleurs agricoles\u00a0<a href=\"https:\/\/vccf.us19.list-manage.com\/track\/click?u=c9b2623ed494d61a163dd363c&amp;id=b7eff8e12f&amp;e=1c1a9e6f46\" target=\"_blank\" rel=\"noopener\" data-saferedirecturl=\"https:\/\/www.google.com\/url?q=https:\/\/vccf.us19.list-manage.com\/track\/click?u%3Dc9b2623ed494d61a163dd363c%26id%3Db7eff8e12f%26e%3D1c1a9e6f46&amp;source=gmail&amp;ust=1616604333959000&amp;usg=AFQjCNEi9DTC6_h7UKisL_R7lohmQDppKA\"><strong>Regarder l'enregistrement<\/strong><\/a><\/li>\n<li>COVID-19 Fonds de r\u00e9action rapide\u00a0<a href=\"https:\/\/vccf.us19.list-manage.com\/track\/click?u=c9b2623ed494d61a163dd363c&amp;id=76d5749de8&amp;e=1c1a9e6f46\" target=\"_blank\" rel=\"noopener\" data-saferedirecturl=\"https:\/\/www.google.com\/url?q=https:\/\/vccf.us19.list-manage.com\/track\/click?u%3Dc9b2623ed494d61a163dd363c%26id%3D76d5749de8%26e%3D1c1a9e6f46&amp;source=gmail&amp;ust=1616604333959000&amp;usg=AFQjCNEuRkESuPP9dvCLuEv92dHnS89DiA\"><strong>Regarder l'enregistrement<\/strong><\/a><\/li>\n<li>26 mars : 805 UndocuFund |\u00a0<a href=\"https:\/\/vccf.us19.list-manage.com\/track\/click?u=c9b2623ed494d61a163dd363c&amp;id=dbaa47ce1a&amp;e=1c1a9e6f46\" target=\"_blank\" rel=\"noopener\" data-saferedirecturl=\"https:\/\/www.google.com\/url?q=https:\/\/vccf.us19.list-manage.com\/track\/click?u%3Dc9b2623ed494d61a163dd363c%26id%3Ddbaa47ce1a%26e%3D1c1a9e6f46&amp;source=gmail&amp;ust=1616604333959000&amp;usg=AFQjCNGZ6FljMabPEKLKVoms4UXo2RCTFA\"><strong>S'inscrire<\/strong><\/a><\/li>\n<li>9 avril : Fonds de r\u00e9tablissement pour les incendies de for\u00eat de Thomas, Hill et Woolsey\u00a0<a href=\"https:\/\/vccf.us19.list-manage.com\/track\/click?u=c9b2623ed494d61a163dd363c&amp;id=4290ea8826&amp;e=1c1a9e6f46\" target=\"_blank\" rel=\"noopener\" data-saferedirecturl=\"https:\/\/www.google.com\/url?q=https:\/\/vccf.us19.list-manage.com\/track\/click?u%3Dc9b2623ed494d61a163dd363c%26id%3D4290ea8826%26e%3D1c1a9e6f46&amp;source=gmail&amp;ust=1616604333959000&amp;usg=AFQjCNEIzGqpFB2kbpb9oArfYbaCqjYm7g\"><strong>S'inscrire<\/strong><\/a><\/li>\n<\/ul>\n<p style=\"text-align: center;\"><strong>Nous esp\u00e9rons que vous pourrez vous joindre \u00e0 nous !<\/strong><\/p>\n<p><\/p>\n<h2 style=\"text-align: center;\"><strong>T\u00e9moignages sur le Fonds de r\u00e9ponse rapide<\/strong><\/h2>\n<p><\/p>\n<p dir=\"ltr\">\"Safe Passage \u00e9tait en mesure, en f\u00e9vrier 2020, de r\u00e9pondre imm\u00e9diatement aux besoins des micro-communaut\u00e9s vuln\u00e9rables qui \u00e9taient encore plus expos\u00e9es \u00e0 la pand\u00e9mie en raison de leur acc\u00e8s limit\u00e9 aux services. Nous avions le personnel, les b\u00e9n\u00e9voles et les capacit\u00e9s, mais nous avions besoin d'un soutien financier et c'est l\u00e0 que la Ventura County Community Foundation est intervenue.<\/p>\n<p dir=\"ltr\">Gr\u00e2ce au Fonds de r\u00e9ponse rapide, nous avons pu.. :<\/p>\n<ul dir=\"ltr\">\n<li>Fournir une aide alimentaire d'urgence aux familles qui ont \u00e9t\u00e9 frapp\u00e9es par le COVID-19 et\/ou qui se sont retrouv\u00e9es soudainement au ch\u00f4mage en raison de la fermeture de l'\u00e9conomie.<\/li>\n<li>Livrer plus de 140 000 repas \u00e0 des enfants<\/li>\n<li>Distribuer plus de 60 000 couches aux familles<\/li>\n<li>Livrer plus de 100 000 livres de produits alimentaires pour maintenir les familles en bonne sant\u00e9<\/li>\n<li>Octroi de plus de 300 subventions d'urgence pour les services publics \u00e0 des personnes de couleur qui ont des enfants dans leur foyer et qui n'ont pas pu payer leurs services publics en raison de l'impact du COVID.<\/li>\n<li>Assurer un d\u00e9pistage hebdomadaire du COVID dans les micro-communaut\u00e9s de couleur<\/li>\n<\/ul>\n<p dir=\"ltr\">Le Fonds de secours rapide, au sens propre, est le moteur qui permet aux organisations \u00e0 but non lucratif de r\u00e9agir plus rapidement que le gouvernement dans les situations d'urgence\".<\/p>\n<p dir=\"ltr\" style=\"text-align: right;\">- Tim Hagel, Directeur<br \/>\n<a href=\"https:\/\/vccf.us19.list-manage.com\/track\/click?u=c9b2623ed494d61a163dd363c&amp;id=2d3dcfd04d&amp;e=1c1a9e6f46\" target=\"_blank\" rel=\"noopener\" data-saferedirecturl=\"https:\/\/www.google.com\/url?q=https:\/\/vccf.us19.list-manage.com\/track\/click?u%3Dc9b2623ed494d61a163dd363c%26id%3D2d3dcfd04d%26e%3D1c1a9e6f46&amp;source=gmail&amp;ust=1616604333960000&amp;usg=AFQjCNGXNJViJVCSPRLP1gHwdsB09Ep-Kg\">Fondation pour la jeunesse Safe Passages<\/a><strong>&#8220;<\/strong>Lorsque le COVID-19 a frapp\u00e9 notre communaut\u00e9 l'ann\u00e9e derni\u00e8re, Habitat for Humanity Ventura County a pr\u00e9dit que les emplois de nombreux propri\u00e9taires seraient touch\u00e9s et que beaucoup auraient besoin d'une aide financi\u00e8re directe. En r\u00e9ponse, le personnel a men\u00e9 une enqu\u00eate d'\u00e9valuation des besoins COVID-19 aupr\u00e8s de tous les propri\u00e9taires de HFHVC \u00e0 travers le comt\u00e9 et a effectivement constat\u00e9 que beaucoup avaient perdu leur emploi ou avaient des horaires r\u00e9duits et que certains craignaient de ne pas \u00eatre en mesure d'effectuer leurs paiements hypoth\u00e9caires mensuels.<\/p>\n<p>Gr\u00e2ce \u00e0 une subvention du Fonds de r\u00e9ponse rapide au COVID-19, Habitat for Humanity Ventura County a pu fournir une aide hypoth\u00e9caire directe \u00e0 neuf de ses propri\u00e9taires. Ce sont donc neuf familles qui ont pu rester \u00e0 jour dans le remboursement de leur pr\u00eat hypoth\u00e9caire, rester dans les maisons qu'elles ont travaill\u00e9 si dur \u00e0 construire et \u00e0 acheter, et surmonter les difficult\u00e9s financi\u00e8res r\u00e9sultant de la pand\u00e9mie de COVID-19\".<\/p>\n<div style=\"text-align: right;\">- Katie Norris, directrice du d\u00e9veloppement et de la communication<br \/>\n<a href=\"https:\/\/vccf.us19.list-manage.com\/track\/click?u=c9b2623ed494d61a163dd363c&amp;id=18eb091d33&amp;e=1c1a9e6f46\" target=\"_blank\" rel=\"noopener\" data-saferedirecturl=\"https:\/\/www.google.com\/url?q=https:\/\/vccf.us19.list-manage.com\/track\/click?u%3Dc9b2623ed494d61a163dd363c%26id%3D18eb091d33%26e%3D1c1a9e6f46&amp;source=gmail&amp;ust=1616604333960000&amp;usg=AFQjCNESB5MSsXuBqX-AoUi9HUzc8j87BA\">Habitat pour l'humanit\u00e9 du comt\u00e9 de Ventura<\/a><\/div>\n<p><\/p>\n<h2 style=\"text-align: center;\"><strong>Prix de l'engagement communautaire de Thousand Oaks<\/strong><\/h2>\n<p>Claudia Bill-de la Pe\u00f1a, maire de Thousand Oaks, a lanc\u00e9 un programme de r\u00e9compenses mensuelles pour reconna\u00eetre les b\u00e9n\u00e9voles de la ville. Le prix de l'engagement communautaire r\u00e9compense les personnes qui font du b\u00e9n\u00e9volat dans la communaut\u00e9, sans \u00eatre reconnues, et qui font des progr\u00e8s pour aider les personnes dans le besoin.<\/p>\n<p>Regardez cette vid\u00e9o \u00e9difiante de Luis Tun, 20 ans, qui a re\u00e7u le prix pour ses efforts de b\u00e9n\u00e9volat \u00e0 la clinique gratuite de Westminster et dans toute la vall\u00e9e de Conejo !<\/p>\n<p>\"Le soutien de la VCCF \u00e0 la clinique Westminster a eu un impact sur ce jeune homme et sa famille au fil des ans et a rendu sa r\u00e9ussite possible.<\/p>\n<p style=\"text-align: right;\">- Lisa Safaeinili, MPH, Directrice ex\u00e9cutive<br \/>\n<a href=\"https:\/\/vccf.us19.list-manage.com\/track\/click?u=c9b2623ed494d61a163dd363c&amp;id=115cf695d3&amp;e=1c1a9e6f46\" target=\"_blank\" rel=\"noopener\" data-saferedirecturl=\"https:\/\/www.google.com\/url?q=https:\/\/vccf.us19.list-manage.com\/track\/click?u%3Dc9b2623ed494d61a163dd363c%26id%3D115cf695d3%26e%3D1c1a9e6f46&amp;source=gmail&amp;ust=1616604333960000&amp;usg=AFQjCNFJtItuUB2MWOdwo8_hp_V6-ej65g\">Clinique gratuite de Westminster<\/a><\/p>\n<h2 style=\"text-align: center;\"><strong>Subvention d'urgence CA : Programme artistique et culturel<\/strong><\/h2>\n<p>L'\u00c9tat de Californie et le California Office of the Small Business Advocate ont annonc\u00e9 la mise en place d'un programme artistique et culturel destin\u00e9 \u00e0 soutenir les institutions culturelles \u00e0 but non lucratif \u00e9ligibles, enregistr\u00e9es sous le num\u00e9ro 501(c)(3), dans le cadre de leur programme global d'aide d'urgence. Les fonds de cette subvention peuvent \u00eatre utilis\u00e9s pour couvrir les co\u00fbts encourus en raison de la pand\u00e9mie de COVID-19 et des restrictions en mati\u00e8re de sant\u00e9 et de s\u00e9curit\u00e9, telles que les interruptions ou les fermetures d'entreprises r\u00e9sultant de la pand\u00e9mie de COVID-19.<\/p>\n<p style=\"text-align: center;\"><strong><u>La date limite de d\u00e9p\u00f4t des candidatures est fix\u00e9e au 23 mars 2021.<\/u><\/strong><\/p>\n<p style=\"text-align: center;\">Cliquez ci-dessous pour en savoir plus et poser votre candidature.<\/p>\n<p>Postuler<\/p>\n<h2 style=\"text-align: center;\"><strong>La Dignity Health St. John's Healthcare Foundation lance un d\u00e9fi aux PDG pour la sant\u00e9 comportementale<\/strong><\/h2>\n<p>John's Healthcare Foundation de Dignity Health collecte des fonds pour \u00e9largir l'acc\u00e8s aux services de sant\u00e9 comportementale dans le comt\u00e9 de Ventura. Pour soutenir cette initiative, Lloyd H. Dean, PDG de CommonSpirit Health, a lanc\u00e9 un d\u00e9fi \u00e0 Darren W. Lee, pr\u00e9sident-directeur g\u00e9n\u00e9ral de l'h\u00f4pital St. John's Pleasant Valley et du centre m\u00e9dical r\u00e9gional St. <strong>Mercredi 7 avril<\/strong>.\u00a0<em>Chaque PDG s'efforcera de faire le plus grand nombre de redressements assis et de collecter le plus d'argent pour soutenir l'expansion de la sant\u00e9 comportementale dans le comt\u00e9 de Ventura !<\/em><\/p>\n<p>Les normes nationales de soins stipulent qu'un minimum de 50 lits d'hospitalisation en sant\u00e9 mentale est recommand\u00e9 pour desservir 100 000 personnes ; actuellement, le comt\u00e9 de Ventura n'en compte que 10 pour 100 000 personnes. Le besoin d'\u00e9largir l'acc\u00e8s et les services est immense. John's et aidez \u00e0 collecter des fonds pour les programmes de sant\u00e9 comportementale en faisant un don.\u00a0<a href=\"https:\/\/vccf.us19.list-manage.com\/track\/click?u=c9b2623ed494d61a163dd363c&amp;id=172d255c76&amp;e=1c1a9e6f46\" target=\"_blank\" rel=\"noopener\" data-saferedirecturl=\"https:\/\/www.google.com\/url?q=https:\/\/vccf.us19.list-manage.com\/track\/click?u%3Dc9b2623ed494d61a163dd363c%26id%3D172d255c76%26e%3D1c1a9e6f46&amp;source=gmail&amp;ust=1616604333960000&amp;usg=AFQjCNHzxcF40WEPEo50xsSiN6qIEEUIig\">ici<\/a>En savoir plus<\/p>\n<h2 style=\"text-align: center;\"><strong>Le pouvoir de la communaut\u00e9<\/strong><\/h2>\n<h3 style=\"text-align: center;\"><strong>Bonnes nouvelles de VOTRE communaut\u00e9 du comt\u00e9 de Ventura<\/strong><\/h3>\n<p>Ce mois-ci, nous sommes fiers de pr\u00e9senter\u00a0<a href=\"https:\/\/vccf.us19.list-manage.com\/track\/click?u=c9b2623ed494d61a163dd363c&amp;id=5783636c6a&amp;e=1c1a9e6f46\" target=\"_blank\" rel=\"noopener\" data-saferedirecturl=\"https:\/\/www.google.com\/url?q=https:\/\/vccf.us19.list-manage.com\/track\/click?u%3Dc9b2623ed494d61a163dd363c%26id%3D5783636c6a%26e%3D1c1a9e6f46&amp;source=gmail&amp;ust=1616604333961000&amp;usg=AFQjCNES1SVBgwJ-LwuSGajKrR_L44X0Nw\">TOArts<\/a>L'association est un partenaire \u00e0 but non lucratif du Bank of America Performing Arts Center au Thousand Oaks Civic Arts Plaza pour la collecte de fonds et la pr\u00e9sentation de spectacles. Sa mission est d'enrichir les vies et de renforcer le tissu de la communaut\u00e9 gr\u00e2ce \u00e0 l'\u00e9ducation artistique et \u00e0 la pr\u00e9sentation et au soutien des arts visuels et du spectacle au Bank of America Performing Arts Center et au-del\u00e0. La VCCF a r\u00e9cemment sponsoris\u00e9 le TOArts Road Show : Concerts in Your Car Series.<\/p>\n<p>En r\u00e9ponse \u00e0 la pand\u00e9mie, TOArts a relev\u00e9 le d\u00e9fi de maintenir les arts vivants dans notre communaut\u00e9 :<\/p>\n<ul>\n<li>En septembre 2020, ils ont lanc\u00e9 la\u00a0<a href=\"https:\/\/vccf.us19.list-manage.com\/track\/click?u=c9b2623ed494d61a163dd363c&amp;id=332626566a&amp;e=1c1a9e6f46\" target=\"_blank\" rel=\"noopener\" data-saferedirecturl=\"https:\/\/www.google.com\/url?q=https:\/\/vccf.us19.list-manage.com\/track\/click?u%3Dc9b2623ed494d61a163dd363c%26id%3D332626566a%26e%3D1c1a9e6f46&amp;source=gmail&amp;ust=1616604333961000&amp;usg=AFQjCNEdrUH2e90cdj7afKflNUYgniJ7nA\">TOArts Road Show<\/a>Le programme de l'Union europ\u00e9enne (UE) est une s\u00e9rie de films et de concerts en direct qui r\u00e9unissent en moyenne une cinquantaine de voitures par repr\u00e9sentation.<\/li>\n<li>En octobre 2020, ils ont lanc\u00e9\u00a0<a href=\"https:\/\/vccf.us19.list-manage.com\/track\/click?u=c9b2623ed494d61a163dd363c&amp;id=2bbfa730fd&amp;e=1c1a9e6f46\" target=\"_blank\" rel=\"noopener\" data-saferedirecturl=\"https:\/\/www.google.com\/url?q=https:\/\/vccf.us19.list-manage.com\/track\/click?u%3Dc9b2623ed494d61a163dd363c%26id%3D2bbfa730fd%26e%3D1c1a9e6f46&amp;source=gmail&amp;ust=1616604333961000&amp;usg=AFQjCNEr5OOx6W-LYOTVJHOP1ZfxqZwJVw\">Acc\u00e8sArts<\/a>\u00a0avec pour objectif d'offrir un acc\u00e8s \u00e9gal \u00e0 une \u00e9ducation artistique s\u00e9quentielle de haute qualit\u00e9 dans les \u00e9coles \u00e9l\u00e9mentaires. Elle s'est associ\u00e9e \u00e0 la Conejo Schools Foundation et au Conejo Valley Unified School District pour proposer un enseignement artistique virtuel hebdomadaire aux 16 \u00e9coles \u00e9l\u00e9mentaires du CVUSD, ce qui repr\u00e9sente pr\u00e8s de 7 000 \u00e9l\u00e8ves. Ces le\u00e7ons sont disponibles sur\u00a0<a href=\"https:\/\/vccf.us19.list-manage.com\/track\/click?u=c9b2623ed494d61a163dd363c&amp;id=d6d4c14720&amp;e=1c1a9e6f46\" target=\"_blank\" rel=\"noopener\" data-saferedirecturl=\"https:\/\/www.google.com\/url?q=https:\/\/vccf.us19.list-manage.com\/track\/click?u%3Dc9b2623ed494d61a163dd363c%26id%3Dd6d4c14720%26e%3D1c1a9e6f46&amp;source=gmail&amp;ust=1616604333961000&amp;usg=AFQjCNG0xMGTYV01_xxDgcKmTie00Rlj3Q\">YouTube<\/a>\u00a0accessible \u00e0 tous !<\/li>\n<li>En d\u00e9cembre 2020, en r\u00e9ponse \u00e0 une demande d'excursions virtuelles de la part des \u00e9coles de notre comt\u00e9, ils ont lanc\u00e9\u00a0<a href=\"https:\/\/vccf.us19.list-manage.com\/track\/click?u=c9b2623ed494d61a163dd363c&amp;id=8e419e8eff&amp;e=1c1a9e6f46\" target=\"_blank\" rel=\"noopener\" data-saferedirecturl=\"https:\/\/www.google.com\/url?q=https:\/\/vccf.us19.list-manage.com\/track\/click?u%3Dc9b2623ed494d61a163dd363c%26id%3D8e419e8eff%26e%3D1c1a9e6f46&amp;source=gmail&amp;ust=1616604333961000&amp;usg=AFQjCNHf0rs4-LH8gVS4X-VSPZguA_nkzA\">Les enfants virtuels et les arts<\/a>\u00a0offrant un acc\u00e8s gratuit \u00e0 des spectacles diversifi\u00e9s de grande qualit\u00e9 et \u00e0 des conf\u00e9renciers de National Geographic provenant de tout le pays et m\u00eame de l'\u00e9tranger.\u00a0<strong>Inscrivez-vous d\u00e8s aujourd'hui pour d\u00e9couvrir ces sorties et spectacles virtuels !<\/strong><\/li>\n<li>En janvier 2020, dans l'esprit de \"TOUS\", le conseil d'administration de TOArts a adopt\u00e9 un plan d'action.\u00a0<a href=\"https:\/\/vccf.us19.list-manage.com\/track\/click?u=c9b2623ed494d61a163dd363c&amp;id=26922c5f27&amp;e=1c1a9e6f46\" target=\"_blank\" rel=\"noopener\" data-saferedirecturl=\"https:\/\/www.google.com\/url?q=https:\/\/vccf.us19.list-manage.com\/track\/click?u%3Dc9b2623ed494d61a163dd363c%26id%3D26922c5f27%26e%3D1c1a9e6f46&amp;source=gmail&amp;ust=1616604333961000&amp;usg=AFQjCNE_C2-4t0KPJ_Sc7vN_2T93dLCljw\">D\u00e9claration d'engagement en faveur de la diversit\u00e9, de l'\u00e9quit\u00e9 et de l'inclusion<\/a>\u00a0et a nomm\u00e9 un groupe de travail du conseil d'administration pour entamer une relation avec un consultant en \u00e9quit\u00e9 qui aidera \u00e0 donner vie \u00e0 cette d\u00e9claration par le biais de son public, de ses spectacles et de son engagement en faveur de l'\u00e9ducation artistique.<\/li>\n<\/ul>\n<div style=\"text-align: center;\">Cliquez ci-dessous pour en savoir plus sur leurs programmes et sur la mani\u00e8re dont vous pouvez vous impliquer !<\/div>\n<p>En savoir plus<\/p>","protected":false},"excerpt":{"rendered":"<p>Dear Ventura County Community Foundation Family, Just over a year ago, March 13, 2020 to be exact, we released a joint press release announcing that the Ventura County Community Foundation,&hellip;<\/p>","protected":false},"author":3,"featured_media":12289,"comment_status":"closed","ping_status":"closed","sticky":false,"template":"","format":"standard","meta":{"_acf_changed":false,"give_campaign_id":0,"footnotes":""},"categories":[24],"tags":[],"class_list":["post-12285","post","type-post","status-publish","format-standard","has-post-thumbnail","hentry","category-newsletters"],"acf":[],"_links":{"self":[{"href":"https:\/\/vccf.org\/fr\/wp-json\/wp\/v2\/posts\/12285","targetHints":{"allow":["GET"]}}],"collection":[{"href":"https:\/\/vccf.org\/fr\/wp-json\/wp\/v2\/posts"}],"about":[{"href":"https:\/\/vccf.org\/fr\/wp-json\/wp\/v2\/types\/post"}],"author":[{"embeddable":true,"href":"https:\/\/vccf.org\/fr\/wp-json\/wp\/v2\/users\/3"}],"replies":[{"embeddable":true,"href":"https:\/\/vccf.org\/fr\/wp-json\/wp\/v2\/comments?post=12285"}],"version-history":[{"count":0,"href":"https:\/\/vccf.org\/fr\/wp-json\/wp\/v2\/posts\/12285\/revisions"}],"wp:featuredmedia":[{"embeddable":true,"href":"https:\/\/vccf.org\/fr\/wp-json\/wp\/v2\/media\/12289"}],"wp:attachment":[{"href":"https:\/\/vccf.org\/fr\/wp-json\/wp\/v2\/media?parent=12285"}],"wp:term":[{"taxonomy":"category","embeddable":true,"href":"https:\/\/vccf.org\/fr\/wp-json\/wp\/v2\/categories?post=12285"},{"taxonomy":"post_tag","embeddable":true,"href":"https:\/\/vccf.org\/fr\/wp-json\/wp\/v2\/tags?post=12285"}],"curies":[{"name":"wp","href":"https:\/\/api.w.org\/{rel}","templated":true}]}}