{"id":12576,"date":"2021-04-09T15:25:59","date_gmt":"2021-04-09T22:25:59","guid":{"rendered":"https:\/\/vccf.org\/?p=12576"},"modified":"2025-01-29T07:47:43","modified_gmt":"2025-01-29T07:47:43","slug":"eye-on-the-environment-earth-day-events-return-to-ventura-county-this-month","status":"publish","type":"post","link":"https:\/\/vccf.org\/fr\/eye-on-the-environment-earth-day-events-return-to-ventura-county-this-month\/","title":{"rendered":"Eye on the Environment | Les \u00e9v\u00e9nements de la Journ\u00e9e de la Terre reviennent dans le comt\u00e9 de Ventura ce mois-ci"},"content":{"rendered":"<p>Le 22 avril est la Journ\u00e9e de la Terre, et les \u00e9v\u00e9nements pr\u00e9vus tout au long du mois aideront les gens \u00e0 c\u00e9l\u00e9brer et \u00e0 se consacrer \u00e0 nouveau aux causes environnementales. Earthday.org, le plus grand organisme international de coordination des comm\u00e9morations de la Journ\u00e9e de la Terre, a choisi comme th\u00e8me de cette ann\u00e9e \"Restore Our Earth\" (Restaurer notre Terre), en insistant sur la n\u00e9cessit\u00e9 de \"restaurer les \u00e9cosyst\u00e8mes de la plan\u00e8te\".<\/p>\n<p>Voici les \u00e9v\u00e9nements locaux \u00e0 venir :<\/p>\n<p><strong>DOMAINE DE LA COMT\u00c9<\/strong><br \/>\nPendant tout le Mois de la Terre, et peut-\u00eatre jusqu'au mois prochain, la Ventura County Community Foundation organisera une \"tourn\u00e9e d'\u00e9coute environnementale\". Selon Jeff Lambert, directeur des op\u00e9rations, \"lors d'une r\u00e9cente s\u00e9rie d'entretiens confidentiels avec les donateurs-clients de la VCCF, environ 75 % d'entre eux ont indiqu\u00e9 que les questions environnementales constituaient l'une de leurs principales priorit\u00e9s en mati\u00e8re de dons\". En r\u00e9ponse, la fondation organise des r\u00e9unions avec des groupes \u00e0 but non lucratif actifs dans le domaine de l'environnement.<\/p>\n<p>Gr\u00e2ce \u00e0 des \"s\u00e9ances d'\u00e9coute\" avec des groupes d'environ cinq personnes \u00e0 la fois, le personnel de la VCCF d\u00e9terminera \"les lacunes en mati\u00e8re de financement et de services que la philanthropie peut combler\", selon Mme Lambert. La fondation fournira des conseils professionnels aux organisations \u00e0 but non lucratif et des informations sur ces derni\u00e8res \u00e0 leurs clients donateurs.<\/p>\n<p>Mme Lambert note que les donateurs appr\u00e9cient que la VCCF agisse en tant qu'interm\u00e9diaire, assurant la confidentialit\u00e9 des donateurs et veillant \u00e0 ce que les organisations \u00e0 but non lucratif soient g\u00e9r\u00e9es de mani\u00e8re durable et fassent un bon usage des fonds. La fondation aide \u00e9galement les organisations \u00e0 but non lucratif \u00e0 obtenir des financements aupr\u00e8s d'organisations nationales et des subventions f\u00e9d\u00e9rales et nationales. Les organisations environnementales souhaitant participer au programme doivent contacter l'assistante ex\u00e9cutive Calleen O'Neall au 805-330-6987.<\/p>\n<p>Toujours \u00e0 l'\u00e9chelle du comt\u00e9, la Ventura County Regional Energy Alliance et l'Electric Vehicle Advocates of Ventura County organisent, \u00e0 l'occasion de la Journ\u00e9e de la Terre, une campagne de promotion des voitures \u00e9lectriques. Il s'agira probablement d'un concours en ligne auquel participera la mascotte Evie McWheelie, r\u00e9cemment r\u00e9vis\u00e9e. De plus amples informations seront disponibles sur le site VCenergy.org.<\/p>\n<p><strong>OJAI<\/strong><br \/>\nLors de la Journ\u00e9e de la Terre, le 22 avril, \u00e0 10h30 dans le parc Libbey d'Ojai, l'Ojai Land Conservancy et l'Ojai Valley Green Coalition organiseront une c\u00e9r\u00e9monie de plantation d'arbres. Des repr\u00e9sentants de ces organisations pr\u00e9senteront les possibilit\u00e9s de b\u00e9n\u00e9volat, allant de la sensibilisation du public \u00e0 la restauration des habitats. Pour plus d'informations, contactez Alma Quezada, directrice adjointe des travaux publics, au 805-646-5581, poste 209.<\/p>\n<p><strong>OXNARD<\/strong><br \/>\nLa ville d'Oxnard c\u00e9l\u00e8bre la Journ\u00e9e de la Terre ce mois-ci en menant une campagne de sensibilisation pour promouvoir les kits de recyclage d'huile de moteur gratuits, les bo\u00eetes de recyclage de bureau gratuites et les sacs de compost Agromin gratuits disponibles tout au long de l'ann\u00e9e \u00e0 la station r\u00e9gionale de recyclage et de transfert Del Norte de la ville. Les deux premiers articles sont r\u00e9serv\u00e9s aux habitants d'Oxnard, et un sac de compost par jour est offert \u00e0 toute personne utilisant le centre de rachat.<\/p>\n<p><strong>MOORPARK<\/strong><br \/>\nLa ville de Moorpark et plusieurs entreprises sponsors coordonnent un vide-grenier communautaire. Les vide-greniers sont un excellent moyen de promouvoir la r\u00e9utilisation et d'\u00e9viter les d\u00e9chets. Le samedi 1er mai, de 9 h \u00e0 13 h, sur le parking D du parc communautaire Arroyo Vista (4550 Tierra Rejada Road), selon le mat\u00e9riel promotionnel de la ville, \"nous c\u00e9l\u00e9brerons notre belle Terre avec un vide-grenier communautaire, de l'artisanat, des d\u00e9monstrations, des cadeaux, et bien plus encore !<\/p>\n<p>L'\u00e9v\u00e9nement, qui se d\u00e9roulera conform\u00e9ment aux directives en vigueur en mati\u00e8re de sant\u00e9 et de s\u00e9curit\u00e9, sera gratuit pour les acheteurs. Jusqu'au 23 avril, les vendeurs peuvent r\u00e9server un espace de stand de la taille de deux places de parking adjacentes pour $15 et des espaces de stand double pour $25 sur le site web de la ville pour l'\u00e9v\u00e9nement. Le parking pour l'\u00e9v\u00e9nement sera disponible dans le lot C. Pour plus d'informations, contactez la division des loisirs de la ville au 805-517-6300.<\/p>\n<p><strong>THOUSAND OAKS<\/strong><br \/>\nLa ville de Thousand Oaks invite \u00e0 participer \u00e0 une r\u00e9union des parties prenantes du plan d'action pour le climat et l'environnement via Zoom le 28 avril. Les parties prenantes discuteront de l'eau, des d\u00e9chets solides, du recyclage et de la qualit\u00e9 de vie. Inscrivez-vous sur www.toaks.org\/departments\/public-works\/sustainability\/climate-action-planning. En outre, la proclamation annuelle de la ville \u00e0 l'occasion de la Journ\u00e9e de la Terre portera cette ann\u00e9e sur le plan d'action pour le climat.<\/p>\n<p><strong>VENTURA<\/strong><br \/>\nL'Office of Environmental Sustainability de la ville enverra des prix aux habitants de la ville qui enverront, avant le 18 avril, une photo ou une vid\u00e9o montrant comment ils c\u00e9l\u00e8brent la Journ\u00e9e de la Terre ou illustrant des actions durables. T\u00e9l\u00e9charger sur https:\/\/bit.ly\/3rNg7C5. Sous r\u00e9serve de disponibilit\u00e9, les prix comprennent des gobelets et des ustensiles r\u00e9utilisables. D'autres concours seront propos\u00e9s sur les pages Facebook ou Instagram du bureau, @SustainableVentura.<\/p>\n<p>David Goldstein est analyste environnemental au service des travaux publics du comt\u00e9 de Ventura. Il peut \u00eatre joint au 805-658-4312 ou \u00e0 l'adresse david.goldstein@ventura.org.<\/p>\n<p><a href=\"https:\/\/vcreporter.com\/2021\/04\/eye-on-the-environment-earth-day-events-return-to-ventura-county-this-month\/\" target=\"_blank\" rel=\"noopener\"><em>Cet article a \u00e9t\u00e9 publi\u00e9 \u00e0 l'origine par VCReporter.<\/em><\/a><\/p>","protected":false},"excerpt":{"rendered":"<p>April 22 is Earth Day, and events scheduled all this month help people celebrate and rededicate to environmental causes. Earthday.org, the largest international coordinating body for Earth Day commemorations, chose&hellip;<\/p>","protected":false},"author":3,"featured_media":12577,"comment_status":"closed","ping_status":"closed","sticky":false,"template":"","format":"standard","meta":{"_acf_changed":false,"give_campaign_id":0,"footnotes":""},"categories":[22],"tags":[],"class_list":["post-12576","post","type-post","status-publish","format-standard","has-post-thumbnail","hentry","category-latest-coverage"],"acf":[],"_links":{"self":[{"href":"https:\/\/vccf.org\/fr\/wp-json\/wp\/v2\/posts\/12576","targetHints":{"allow":["GET"]}}],"collection":[{"href":"https:\/\/vccf.org\/fr\/wp-json\/wp\/v2\/posts"}],"about":[{"href":"https:\/\/vccf.org\/fr\/wp-json\/wp\/v2\/types\/post"}],"author":[{"embeddable":true,"href":"https:\/\/vccf.org\/fr\/wp-json\/wp\/v2\/users\/3"}],"replies":[{"embeddable":true,"href":"https:\/\/vccf.org\/fr\/wp-json\/wp\/v2\/comments?post=12576"}],"version-history":[{"count":0,"href":"https:\/\/vccf.org\/fr\/wp-json\/wp\/v2\/posts\/12576\/revisions"}],"wp:featuredmedia":[{"embeddable":true,"href":"https:\/\/vccf.org\/fr\/wp-json\/wp\/v2\/media\/12577"}],"wp:attachment":[{"href":"https:\/\/vccf.org\/fr\/wp-json\/wp\/v2\/media?parent=12576"}],"wp:term":[{"taxonomy":"category","embeddable":true,"href":"https:\/\/vccf.org\/fr\/wp-json\/wp\/v2\/categories?post=12576"},{"taxonomy":"post_tag","embeddable":true,"href":"https:\/\/vccf.org\/fr\/wp-json\/wp\/v2\/tags?post=12576"}],"curies":[{"name":"wp","href":"https:\/\/api.w.org\/{rel}","templated":true}]}}