{"id":14085,"date":"2021-10-28T22:54:04","date_gmt":"2021-10-29T05:54:04","guid":{"rendered":"https:\/\/vccf.org\/?p=14085"},"modified":"2025-03-03T04:58:42","modified_gmt":"2025-03-03T12:58:42","slug":"power-of-purpose-newsletter-october-2021","status":"publish","type":"post","link":"https:\/\/vccf.org\/fr\/power-of-purpose-newsletter-october-2021\/","title":{"rendered":"Lettre d'information \"Power of Purpose\" - 28 octobre 2021"},"content":{"rendered":"<p><img loading=\"lazy\" decoding=\"async\" class=\"aligncenter size-full wp-image-13590\" src=\"https:\/\/vccf.org\/wp-content\/uploads\/2021\/09\/power-of-purpose-newsletter-2.jpg\" alt=\"\" width=\"600\" height=\"301\" srcset=\"https:\/\/vccf.org\/wp-content\/uploads\/2021\/09\/power-of-purpose-newsletter-2.jpg 600w, https:\/\/vccf.org\/wp-content\/uploads\/2021\/09\/power-of-purpose-newsletter-2-300x151.jpg 300w, https:\/\/vccf.org\/wp-content\/uploads\/2021\/09\/power-of-purpose-newsletter-2-18x9.jpg 18w\" sizes=\"auto, (max-width: 600px) 100vw, 600px\" \/><\/p>\n<p>Ch\u00e8re famille de la Ventura County Community Foundation,<\/p>\n<p>Lors de notre r\u00e9union annuelle, des membres du personnel et du conseil d'administration se sont port\u00e9s candidats pour ensemencer le site web de la Commission europ\u00e9enne. <strong>Bourse \"Keeper of the Dream\" en l'honneur de Scott Hansen, pr\u00e9sident du conseil d'administration de la VCCF (2015-2021)<\/strong>. Cette bourse annuelle est destin\u00e9e aux r\u00e9sidents du comt\u00e9 de Ventura qui sont actuellement inscrits \u00e0 l'universit\u00e9 en tant que deuxi\u00e8me, troisi\u00e8me ou quatri\u00e8me ann\u00e9e et qui fr\u00e9quentent une \u00e9cole professionnelle agr\u00e9\u00e9e, un coll\u00e8ge communautaire ou une universit\u00e9 de quatre ans. La principale condition est que l'\u00e9tudiant fasse preuve de pers\u00e9v\u00e9rance face \u00e0 l'adversit\u00e9 et qu'il s'engage \u00e0 respecter nos valeurs fondamentales, \u00e0 savoir <strong>confiance, transparence, compassion, \u00e9quit\u00e9, t\u00e9nacit\u00e9, excellence,<\/strong> <strong>et une connexion authentique<\/strong>Scott poss\u00e8de ces qualit\u00e9s \u00e0 la pelle.<\/p>\n<p>Je n'ai pas souvent l'occasion de vous faire part de ma gratitude personnelle pour les services rendus par Scott \u00e0 notre communaut\u00e9, et je ne peux pas laisser passer ce moment sans vous en dire un peu plus.<\/p>\n<p>Tout d'abord, Scott incarne ce qu'est un fiduciaire, c'est-\u00e0-dire qu'il fait passer nos clients et notre communaut\u00e9 en premier, toujours ! Je ne l'ai jamais vu h\u00e9siter \u00e0 faire ce qui est juste, m\u00eame si c'est difficile, et il est guid\u00e9 par un profond sens de l'int\u00e9grit\u00e9 et de l'engagement.<\/p>\n<p>Le matin qui a suivi l'incendie Thomas en est l'un des nombreux exemples. Apr\u00e8s avoir perdu sa propre maison la premi\u00e8re nuit, Scott \u00e9tait au t\u00e9l\u00e9phone avec moi avant l'aube le lendemain matin pour aider votre fondation communautaire \u00e0 r\u00e9agir imm\u00e9diatement et \u00e0 collecter des fonds pour aider les personnes les plus touch\u00e9es. Sous sa direction, la VCCF a octroy\u00e9 plus de $1 million au cours des trois premi\u00e8res semaines pour soutenir des organisations \u00e0 but non lucratif au service des plus d\u00e9munis, notamment en fournissant une aide d'urgence aux familles, un acc\u00e8s \u00e0 la garde d'enfants et une aide d'urgence aux ouvriers agricoles et aux travailleurs des services de notre communaut\u00e9.<\/p>\n<p>Moins d'un an plus tard, lorsque la fusillade de masse au Borderline Bar and Grill a co\u00fbt\u00e9 la vie \u00e0 douze de nos voisins et en a affect\u00e9 des centaines d'autres, Scott a \u00e9t\u00e9 mon partenaire de r\u00e9flexion le plus strat\u00e9gique pour nous aider \u00e0 g\u00e9rer une situation extr\u00eamement d\u00e9licate et complexe. Avec son aide, plus de $4,135 millions ont \u00e9t\u00e9 accord\u00e9s aux familles dont les proches leur ont \u00e9t\u00e9 enlev\u00e9s et \u00e0 celles qui \u00e9taient pr\u00e9sentes au moment de la fusillade. Bien entendu, au cours de la m\u00eame p\u00e9riode de 24 heures, la VCCF s'est \u00e0 nouveau trouv\u00e9e confront\u00e9e \u00e0 deux autres incendies de for\u00eat, accordant \u00e0 ce jour plus de $3,71 millions (sans compter les subventions des fonds conseill\u00e9s par les donateurs) en r\u00e9ponse aux catastrophes li\u00e9es \u00e0 Hill et \u00e0 Woolsey.<\/p>\n<p>Scott a r\u00e9fl\u00e9chi avec moi \u00e0 des centaines d'aspects logistiques tout au long du recensement de 2020, a soutenu le lancement de notre initiative en faveur des aidants, a plaid\u00e9 en faveur du soutien \u00e0 notre communaut\u00e9 de petites entreprises et aux travailleurs agricoles, et a pr\u00eat\u00e9 son cerveau financier \u00e0 chaque fois que nous en avons eu besoin. Tout au long du COVID-19, il a aid\u00e9 \u00e0 g\u00e9rer plus de $60 millions de dollars pour notre communaut\u00e9. Alors que Scott passe le flambeau \u00e0 notre nouveau pr\u00e9sident du COVID-19, nous sommes ravis de pouvoir compter sur lui pour mener \u00e0 bien cette mission. <strong>Pr\u00e9sident du conseil d'administration, Sean Leonard<\/strong>Je lui suis reconnaissant de continuer \u00e0 si\u00e9ger au conseil d'administration et je suis fier d'avoir pu servir \u00e0 ses c\u00f4t\u00e9s pendant toutes ces ann\u00e9es.<\/p>\n<p>Soyez assur\u00e9s que Scott a pris grand soin de travailler avec le conseil d'administration de la VCCF pour nommer Sean Leonard comme son successeur. Pour ceux qui n'ont pas encore rencontr\u00e9 Sean, vous allez adorer travailler avec lui ! J'ai h\u00e2te de vous pr\u00e9senter Sean dans notre prochain bulletin d'information et d'apprendre \u00e0 le conna\u00eetre en m\u00eame temps que nous.<\/p>\n<p>Enfin, au cours du mois dernier, gr\u00e2ce \u00e0 la g\u00e9n\u00e9rosit\u00e9 de notre communaut\u00e9, la Ventura County Community Foundation a accord\u00e9 plus de $729 000 \u00e0 des organisations locales. Notre plus grande priorit\u00e9 est maintenant d'aider \u00e0 collecter les fonds restants n\u00e9cessaires pour la <strong>Programme d'aide aux m\u00e9nages agricoles<\/strong>. J'esp\u00e8re que vous envisagerez de vous joindre \u00e0 moi pour soutenir nos voisins qui travaillent dur pendant cette p\u00e9riode tr\u00e8s difficile en faisant un don aujourd'hui.<\/p>\n<p>Je vous souhaite bonne chance,<br \/>\nVanessa<\/p>\n<p>Vanessa Bechtel, pr\u00e9sidente-directrice g\u00e9n\u00e9rale<\/p>\n<h3 style=\"text-align: center;\"><strong>Scott Hansen passe le flambeau de la pr\u00e9sidence du conseil d'administration<br \/>\n\u00e0 Sean Leonard<\/strong><\/h3>\n<p><a href=\"https:\/\/vccf.org\/wp-content\/uploads\/2021\/11\/de0c7748-ebe0-e468-eff6-239aa42d57ca.jpg\"><img loading=\"lazy\" decoding=\"async\" class=\"alignright size-medium wp-image-14087\" src=\"https:\/\/vccf.org\/wp-content\/uploads\/2021\/11\/de0c7748-ebe0-e468-eff6-239aa42d57ca-268x300.jpg\" alt=\"\" width=\"268\" height=\"300\" srcset=\"https:\/\/vccf.org\/wp-content\/uploads\/2021\/11\/de0c7748-ebe0-e468-eff6-239aa42d57ca-268x300.jpg 268w, https:\/\/vccf.org\/wp-content\/uploads\/2021\/11\/de0c7748-ebe0-e468-eff6-239aa42d57ca-915x1024.jpg 915w, https:\/\/vccf.org\/wp-content\/uploads\/2021\/11\/de0c7748-ebe0-e468-eff6-239aa42d57ca-768x859.jpg 768w, https:\/\/vccf.org\/wp-content\/uploads\/2021\/11\/de0c7748-ebe0-e468-eff6-239aa42d57ca-11x12.jpg 11w, https:\/\/vccf.org\/wp-content\/uploads\/2021\/11\/de0c7748-ebe0-e468-eff6-239aa42d57ca.jpg 919w\" sizes=\"auto, (max-width: 268px) 100vw, 268px\" \/><\/a>Apr\u00e8s six ann\u00e9es pass\u00e9es \u00e0 la t\u00eate de la\u00a0<strong>Pr\u00e9sident du conseil d'administration de la Ventura County Community Foundation (VCCF), Scott Hansen<\/strong>Directeur g\u00e9n\u00e9ral r\u00e9gional pour le march\u00e9 de la vall\u00e9e de Wells Fargo Private Wealth Management,\u00a0<strong>passe le relais au nouveau pr\u00e9sident du conseil d'administration de la VCCF, Sean Leonard<\/strong>.<\/p>\n<p>Au cours de son mandat de pr\u00e9sident, Scott Hansen a supervis\u00e9 pr\u00e8s de\u00a0<strong>$100 millions d'euros de subventions<\/strong>\u00a0\u00e0 la communaut\u00e9 du comt\u00e9 de Ventura, y compris les efforts de r\u00e9ponse aux catastrophes de la VCCF pour aider les personnes touch\u00e9es par les incendies de for\u00eat de Thomas, Hill et Woolsey et la fusillade de Borderline, ainsi que les efforts de secours de la COVID-19. Mme Hansen a \u00e9galement soutenu les efforts de sensibilisation au recensement de 2020 de la fondation communautaire, l'initiative Caregiving, le programme d'assistance aux m\u00e9nages de travailleurs agricoles, la sensibilisation et l'\u00e9ducation aux vaccins, les bourses d'\u00e9tudes accord\u00e9es \u00e0 plus de 1 000 \u00e9tudiants et les subventions accord\u00e9es \u00e0 plus de 500 organisations locales \u00e0 but non lucratif.Lire la suite<\/p>\n<h4 style=\"text-align: center;\"><strong>Rencontre avec le pr\u00e9sident Sean Leonard<\/strong><\/h4>\n<p><strong><img loading=\"lazy\" decoding=\"async\" class=\"wp-image-22669 size-medium alignright\" src=\"https:\/\/vccf.org\/wp-content\/uploads\/2021\/10\/8df9a6c9-7a45-2624-d821-2c12faa0e2e1-scaled-1-240x300.jpg\" alt=\"\" width=\"240\" height=\"300\" srcset=\"https:\/\/vccf.org\/wp-content\/uploads\/2021\/10\/8df9a6c9-7a45-2624-d821-2c12faa0e2e1-scaled-1-240x300.jpg 240w, https:\/\/vccf.org\/wp-content\/uploads\/2021\/10\/8df9a6c9-7a45-2624-d821-2c12faa0e2e1-scaled-1-819x1024.jpg 819w, https:\/\/vccf.org\/wp-content\/uploads\/2021\/10\/8df9a6c9-7a45-2624-d821-2c12faa0e2e1-scaled-1-768x960.jpg 768w, https:\/\/vccf.org\/wp-content\/uploads\/2021\/10\/8df9a6c9-7a45-2624-d821-2c12faa0e2e1-scaled-1-1229x1536.jpg 1229w, https:\/\/vccf.org\/wp-content\/uploads\/2021\/10\/8df9a6c9-7a45-2624-d821-2c12faa0e2e1-scaled-1-10x12.jpg 10w, https:\/\/vccf.org\/wp-content\/uploads\/2021\/10\/8df9a6c9-7a45-2624-d821-2c12faa0e2e1-scaled-1.jpg 1536w\" sizes=\"auto, (max-width: 240px) 100vw, 240px\" \/>Sean Leonard est le nouveau pr\u00e9sident du conseil d'administration de la VCCF<\/strong>. Il a rejoint le conseil d'administration en 2019 et a pr\u00e9c\u00e9demment occup\u00e9 le poste de secr\u00e9taire. Sean est pr\u00e9sident-directeur g\u00e9n\u00e9ral de S. L. Leonard &amp; Associates, Inc. qu'il a fond\u00e9 en 2004. S.L. Leonard est une entreprise commerciale minoritaire certifi\u00e9e qui fournit une repr\u00e9sentation du propri\u00e9taire, une gestion de projet et de construction pour les organisations \u00e0 but non lucratif, les agences publiques, les d\u00e9veloppeurs, les entreprises et les investisseurs.<\/p>\n<p>Parmi les projets les plus remarquables de Sean, citons le Disney Concert Hall, la biblioth\u00e8que de Camarillo et plus de 5 500 unit\u00e9s de logements abordables dans toute la Californie centrale et m\u00e9ridionale. Il a \u00e9galement enseign\u00e9 la gestion de la construction \u00e0 l'UCLA Extension et \u00e0 la Graduate School of Civil &amp; Environmental Engineering de l'USC.<\/p>\n<p>Sean est un immigrant de premi\u00e8re g\u00e9n\u00e9ration n\u00e9 et \u00e9lev\u00e9 \u00e0 Hong Kong. Il vit dans le comt\u00e9 de Ventura depuis plus de 30 ans. Sean et sa femme Gwen r\u00e9sident actuellement \u00e0 Oxnard. Il si\u00e8ge au conseil d'administration de A Community of Friends (qui d\u00e9veloppe et g\u00e8re des logements abordables pour les personnes souffrant de maladies mentales) et de Casa Pacifica Centers for Children &amp; Families, et fait du b\u00e9n\u00e9volat pour de nombreuses autres organisations \u00e0 but non lucratif.<\/p>\n<h3 style=\"text-align: center;\">Programme d'aide aux m\u00e9nages agricoles<\/h3>\n<p><a href=\"https:\/\/vccf.org\/wp-content\/uploads\/2021\/11\/93e78d7f-982f-524a-71f1-8e39d670c982.jpg\"><img loading=\"lazy\" decoding=\"async\" class=\"alignright size-medium wp-image-14090\" src=\"https:\/\/vccf.org\/wp-content\/uploads\/2021\/11\/93e78d7f-982f-524a-71f1-8e39d670c982-300x150.jpg\" alt=\"\" width=\"300\" height=\"150\" srcset=\"https:\/\/vccf.org\/wp-content\/uploads\/2021\/11\/93e78d7f-982f-524a-71f1-8e39d670c982-300x150.jpg 300w, https:\/\/vccf.org\/wp-content\/uploads\/2021\/11\/93e78d7f-982f-524a-71f1-8e39d670c982-768x384.jpg 768w, https:\/\/vccf.org\/wp-content\/uploads\/2021\/11\/93e78d7f-982f-524a-71f1-8e39d670c982-18x9.jpg 18w, https:\/\/vccf.org\/wp-content\/uploads\/2021\/11\/93e78d7f-982f-524a-71f1-8e39d670c982.jpg 1024w\" sizes=\"auto, (max-width: 300px) 100vw, 300px\" \/><\/a>En mars 2020, le\u00a0<strong>Programme d'aide aux m\u00e9nages agricoles (Farmworker Household Assistance Program - FHAP)<\/strong>\u00a0a \u00e9t\u00e9 cr\u00e9\u00e9 pour apporter une aide d'urgence aux milliers de travailleurs agricoles du comt\u00e9 de Ventura confront\u00e9s \u00e0 des difficult\u00e9s \u00e9conomiques d\u00e9vastatrices en raison de la pand\u00e9mie de COVID-19. Depuis sa cr\u00e9ation, le programme a permis de fournir une assistance directe aux familles de travailleurs agricoles pour les aider \u00e0 r\u00e9pondre \u00e0 leurs besoins fondamentaux dans le comt\u00e9 de Ventura, qui compte plus de 40 000 m\u00e9nages de travailleurs agricoles.<\/p>\n<p>Gr\u00e2ce \u00e0 la g\u00e9n\u00e9rosit\u00e9 des donateurs et au travail acharn\u00e9 de l'\u00e9quipe de la FHAP,\u00a0<strong>3 465 familles de travailleurs agricoles en difficult\u00e9 ont re\u00e7u des subventions de $1 000 en 2020.<\/strong>\u00a0Jusqu'\u00e0 pr\u00e9sent, en 2021, 172 familles de travailleurs agricoles ont re\u00e7u des subventions en esp\u00e8ces, et 15 autres familles devraient recevoir des subventions en octobre. En outre, le conseil des superviseurs, inspir\u00e9 par les nombreux donateurs du FHAP, a allou\u00e9 plus de $3 millions.<\/p>\n<p>Alors que les ravages de la pand\u00e9mie se poursuivent, les difficult\u00e9s des travailleurs agricoles ne cessent de s'aggraver : les dettes s'accumulent, les loyers restent impay\u00e9s et les familles sont de plus en plus d\u00e9sesp\u00e9r\u00e9es. Les demandes d'aide financi\u00e8re continuent d'affluer, et une aide suppl\u00e9mentaire de 1,5 million d'euros a \u00e9t\u00e9 accord\u00e9e aux travailleurs agricoles.\u00a0<strong>2 800 familles de travailleurs agricoles suppl\u00e9mentaires ayant besoin d'une aide financi\u00e8re<\/strong>\u00a0ont \u00e9t\u00e9 enregistr\u00e9s et qualifi\u00e9s. Avec l'augmentation des demandes, nous avons plus que jamais besoin de votre aide ! Merci de donner ce que vous pouvez, d\u00e8s que vous le pouvez.<strong>\u00a0Chaque dollar fait la diff\u00e9rence.<\/strong>Faire un don<\/p>\n<h3 style=\"text-align: center;\">Ouverture des bourses d'\u00e9tudes de la VCCF<\/h3>\n<p><img loading=\"lazy\" decoding=\"async\" class=\"wp-image-22670 size-medium alignright\" src=\"https:\/\/vccf.org\/wp-content\/uploads\/2021\/10\/beb21ceb-cb87-2b5b-2d34-6d42b757d1bf-300x200.jpg\" alt=\"\" width=\"300\" height=\"200\" srcset=\"https:\/\/vccf.org\/wp-content\/uploads\/2021\/10\/beb21ceb-cb87-2b5b-2d34-6d42b757d1bf-300x200.jpg 300w, https:\/\/vccf.org\/wp-content\/uploads\/2021\/10\/beb21ceb-cb87-2b5b-2d34-6d42b757d1bf-768x512.jpg 768w, https:\/\/vccf.org\/wp-content\/uploads\/2021\/10\/beb21ceb-cb87-2b5b-2d34-6d42b757d1bf-18x12.jpg 18w, https:\/\/vccf.org\/wp-content\/uploads\/2021\/10\/beb21ceb-cb87-2b5b-2d34-6d42b757d1bf.jpg 1024w\" sizes=\"auto, (max-width: 300px) 100vw, 300px\" \/>Nous sommes heureux d'annoncer que la <strong>2022 VCCF Scholarship Application is now open !<\/strong> Nous offrons plus de 85 possibilit\u00e9s de bourses d'\u00e9tudes aux \u00e9tudiants et sommes en mesure d'octroyer plus de <strong>1,3 million de dollars de bourses d'\u00e9tudes<\/strong> aux \u00e9l\u00e8ves du comt\u00e9 de Ventura ! Cette ann\u00e9e, nous mettons en \u0153uvre un <strong>date limite de d\u00e9p\u00f4t des candidatures : 10 d\u00e9cembre 2021<\/strong>. Le personnel de la VCCF examinera la candidature de tout \u00e9tudiant qui la soumet dans les d\u00e9lais impartis afin d'y d\u00e9celer d'\u00e9ventuelles erreurs. Les \u00e9tudiants auront alors la possibilit\u00e9 de corriger les erreurs \u00e9ventuelles avant la date limite de d\u00e9p\u00f4t des candidatures. <strong>date limite du 21 janvier 2022<\/strong>. Nous organisons \u00e9galement des r\u00e9unions et des s\u00e9ances de soutien pour les \u00e9tudiants qui ont besoin d'aide. Ces r\u00e9unions auront lieu chaque semaine jusqu'\u00e0 la date limite du 21 janvier 2022. Si vous avez des questions sur le programme de bourses du VCCF, veuillez consulter notre page web ou contacter Malena McKaba par courrier \u00e9lectronique \u00e0 l'adresse suivante <a href=\"mailto:mmckaba@vccf.org\">mmckaba@vccf.org<\/a>Appliquer maintenant<\/p>\n<h3 style=\"text-align: center;\">Le VCCF visite une p\u00e9pini\u00e8re de plantes indig\u00e8nes<br \/>\net Ojai Raptor Center<\/h3>\n<p>En octobre, le VCCF a visit\u00e9 deux associations locales, la p\u00e9pini\u00e8re de plantes indig\u00e8nes du Santa Monica Mountains Fund et l'Ojai Raptor Center, dans le cadre de notre tourn\u00e9e d'\u00e9coute environnementale pour les associations locales ax\u00e9es sur la nature, le climat et la vie sauvage.<\/p>\n<p style=\"text-align: center;\"><a href=\"https:\/\/vccf.org\/wp-content\/uploads\/2021\/11\/b557fa92-c4db-fd14-5c33-b2ecef6dd8ed.jpg\"><img loading=\"lazy\" decoding=\"async\" class=\"aligncenter wp-image-14091\" src=\"https:\/\/vccf.org\/wp-content\/uploads\/2021\/11\/b557fa92-c4db-fd14-5c33-b2ecef6dd8ed.jpg\" alt=\"\" width=\"600\" height=\"600\" srcset=\"https:\/\/vccf.org\/wp-content\/uploads\/2021\/11\/b557fa92-c4db-fd14-5c33-b2ecef6dd8ed.jpg 900w, https:\/\/vccf.org\/wp-content\/uploads\/2021\/11\/b557fa92-c4db-fd14-5c33-b2ecef6dd8ed-300x300.jpg 300w, https:\/\/vccf.org\/wp-content\/uploads\/2021\/11\/b557fa92-c4db-fd14-5c33-b2ecef6dd8ed-150x150.jpg 150w, https:\/\/vccf.org\/wp-content\/uploads\/2021\/11\/b557fa92-c4db-fd14-5c33-b2ecef6dd8ed-768x768.jpg 768w, https:\/\/vccf.org\/wp-content\/uploads\/2021\/11\/b557fa92-c4db-fd14-5c33-b2ecef6dd8ed-12x12.jpg 12w\" sizes=\"auto, (max-width: 600px) 100vw, 600px\" \/><\/a><a href=\"https:\/\/vccf.org\/wp-content\/uploads\/2021\/11\/78c575db-945a-52b7-5449-1d93dc76eaa0.jpg\"><img loading=\"lazy\" decoding=\"async\" class=\"alignnone size-medium wp-image-14092\" src=\"https:\/\/vccf.org\/wp-content\/uploads\/2021\/11\/78c575db-945a-52b7-5449-1d93dc76eaa0-300x225.jpg\" alt=\"\" width=\"300\" height=\"225\" srcset=\"https:\/\/vccf.org\/wp-content\/uploads\/2021\/11\/78c575db-945a-52b7-5449-1d93dc76eaa0-300x225.jpg 300w, https:\/\/vccf.org\/wp-content\/uploads\/2021\/11\/78c575db-945a-52b7-5449-1d93dc76eaa0-1024x768.jpg 1024w, https:\/\/vccf.org\/wp-content\/uploads\/2021\/11\/78c575db-945a-52b7-5449-1d93dc76eaa0-768x576.jpg 768w, https:\/\/vccf.org\/wp-content\/uploads\/2021\/11\/78c575db-945a-52b7-5449-1d93dc76eaa0-16x12.jpg 16w, https:\/\/vccf.org\/wp-content\/uploads\/2021\/11\/78c575db-945a-52b7-5449-1d93dc76eaa0.jpg 1200w\" sizes=\"auto, (max-width: 300px) 100vw, 300px\" \/><\/a> <a href=\"https:\/\/vccf.org\/wp-content\/uploads\/2021\/11\/a39d728f-4016-cb89-1eb6-5fed3eb44be8.jpg\"><img loading=\"lazy\" decoding=\"async\" class=\"alignnone size-medium wp-image-14093\" src=\"https:\/\/vccf.org\/wp-content\/uploads\/2021\/11\/a39d728f-4016-cb89-1eb6-5fed3eb44be8-300x225.jpg\" alt=\"\" width=\"300\" height=\"225\" srcset=\"https:\/\/vccf.org\/wp-content\/uploads\/2021\/11\/a39d728f-4016-cb89-1eb6-5fed3eb44be8-300x225.jpg 300w, https:\/\/vccf.org\/wp-content\/uploads\/2021\/11\/a39d728f-4016-cb89-1eb6-5fed3eb44be8-1024x768.jpg 1024w, https:\/\/vccf.org\/wp-content\/uploads\/2021\/11\/a39d728f-4016-cb89-1eb6-5fed3eb44be8-768x576.jpg 768w, https:\/\/vccf.org\/wp-content\/uploads\/2021\/11\/a39d728f-4016-cb89-1eb6-5fed3eb44be8-16x12.jpg 16w, https:\/\/vccf.org\/wp-content\/uploads\/2021\/11\/a39d728f-4016-cb89-1eb6-5fed3eb44be8.jpg 1200w\" sizes=\"auto, (max-width: 300px) 100vw, 300px\" \/><\/a><br \/>\n<a href=\"https:\/\/www.samofund.org\/native-plant-nursery\" target=\"_blank\" rel=\"noopener\">The Native Plant Nursery, Santa Monica Mountains Fund<\/a><br \/>\n401 W Hillcrest Dr, Thousand Oaks, CA 91360<\/p>\n<hr \/>\n<p style=\"text-align: center;\"><a href=\"https:\/\/vccf.org\/wp-content\/uploads\/2021\/11\/a14b5617-87fd-2129-5a92-d73014b97e90.jpg\"><img loading=\"lazy\" decoding=\"async\" class=\"aligncenter wp-image-14094\" src=\"https:\/\/vccf.org\/wp-content\/uploads\/2021\/11\/a14b5617-87fd-2129-5a92-d73014b97e90-1024x768.jpg\" alt=\"\" width=\"600\" height=\"450\" srcset=\"https:\/\/vccf.org\/wp-content\/uploads\/2021\/11\/a14b5617-87fd-2129-5a92-d73014b97e90-1024x768.jpg 1024w, https:\/\/vccf.org\/wp-content\/uploads\/2021\/11\/a14b5617-87fd-2129-5a92-d73014b97e90-300x225.jpg 300w, https:\/\/vccf.org\/wp-content\/uploads\/2021\/11\/a14b5617-87fd-2129-5a92-d73014b97e90-768x576.jpg 768w, https:\/\/vccf.org\/wp-content\/uploads\/2021\/11\/a14b5617-87fd-2129-5a92-d73014b97e90-16x12.jpg 16w, https:\/\/vccf.org\/wp-content\/uploads\/2021\/11\/a14b5617-87fd-2129-5a92-d73014b97e90.jpg 1200w\" sizes=\"auto, (max-width: 600px) 100vw, 600px\" \/><\/a><\/p>\n<p style=\"text-align: center;\"><a href=\"https:\/\/vccf.org\/wp-content\/uploads\/2021\/11\/47171d17-9aa0-9dca-5255-f001ffff2ce6.jpg\"><img loading=\"lazy\" decoding=\"async\" class=\"alignnone size-medium wp-image-14095\" src=\"https:\/\/vccf.org\/wp-content\/uploads\/2021\/11\/47171d17-9aa0-9dca-5255-f001ffff2ce6-239x300.jpg\" alt=\"\" width=\"239\" height=\"300\" srcset=\"https:\/\/vccf.org\/wp-content\/uploads\/2021\/11\/47171d17-9aa0-9dca-5255-f001ffff2ce6-239x300.jpg 239w, https:\/\/vccf.org\/wp-content\/uploads\/2021\/11\/47171d17-9aa0-9dca-5255-f001ffff2ce6-814x1024.jpg 814w, https:\/\/vccf.org\/wp-content\/uploads\/2021\/11\/47171d17-9aa0-9dca-5255-f001ffff2ce6-768x966.jpg 768w, https:\/\/vccf.org\/wp-content\/uploads\/2021\/11\/47171d17-9aa0-9dca-5255-f001ffff2ce6-10x12.jpg 10w, https:\/\/vccf.org\/wp-content\/uploads\/2021\/11\/47171d17-9aa0-9dca-5255-f001ffff2ce6.jpg 900w\" sizes=\"auto, (max-width: 239px) 100vw, 239px\" \/><\/a> <img loading=\"lazy\" decoding=\"async\" class=\"alignnone wp-image-22671 size-medium\" src=\"https:\/\/vccf.org\/wp-content\/uploads\/2021\/10\/a8ec4fef-68f5-5b34-fe80-52998b4f79a0-scaled-1-239x300.jpg\" alt=\"\" width=\"239\" height=\"300\" srcset=\"https:\/\/vccf.org\/wp-content\/uploads\/2021\/10\/a8ec4fef-68f5-5b34-fe80-52998b4f79a0-scaled-1-239x300.jpg 239w, https:\/\/vccf.org\/wp-content\/uploads\/2021\/10\/a8ec4fef-68f5-5b34-fe80-52998b4f79a0-scaled-1-814x1024.jpg 814w, https:\/\/vccf.org\/wp-content\/uploads\/2021\/10\/a8ec4fef-68f5-5b34-fe80-52998b4f79a0-scaled-1-768x966.jpg 768w, https:\/\/vccf.org\/wp-content\/uploads\/2021\/10\/a8ec4fef-68f5-5b34-fe80-52998b4f79a0-scaled-1-1222x1536.jpg 1222w, https:\/\/vccf.org\/wp-content\/uploads\/2021\/10\/a8ec4fef-68f5-5b34-fe80-52998b4f79a0-scaled-1-10x12.jpg 10w, https:\/\/vccf.org\/wp-content\/uploads\/2021\/10\/a8ec4fef-68f5-5b34-fe80-52998b4f79a0-scaled-1.jpg 1527w\" sizes=\"auto, (max-width: 239px) 100vw, 239px\" \/><\/p>\n<p style=\"text-align: center;\"><a href=\"https:\/\/www.ojairaptorcenter.org\/\" target=\"_blank\" rel=\"noopener\">Centre des rapaces d'Ojai<\/a><br \/>\n370 Baldwin Rd, Ojai, CA 93023<\/p>\n<p><\/p>\n<h3 style=\"text-align: center;\">Bonnie Gilles figure dans<br \/>\nPacific Coast Business Times<\/h3>\n<p><strong><a href=\"https:\/\/vccf.org\/wp-content\/uploads\/2021\/11\/1396ef61-a6d5-a680-0a29-6bf3d97d5994.jpg\"><img loading=\"lazy\" decoding=\"async\" class=\"alignright size-medium wp-image-14097\" src=\"https:\/\/vccf.org\/wp-content\/uploads\/2021\/11\/1396ef61-a6d5-a680-0a29-6bf3d97d5994-240x300.jpg\" alt=\"\" width=\"240\" height=\"300\" srcset=\"https:\/\/vccf.org\/wp-content\/uploads\/2021\/11\/1396ef61-a6d5-a680-0a29-6bf3d97d5994-240x300.jpg 240w, https:\/\/vccf.org\/wp-content\/uploads\/2021\/11\/1396ef61-a6d5-a680-0a29-6bf3d97d5994-819x1024.jpg 819w, https:\/\/vccf.org\/wp-content\/uploads\/2021\/11\/1396ef61-a6d5-a680-0a29-6bf3d97d5994-768x960.jpg 768w, https:\/\/vccf.org\/wp-content\/uploads\/2021\/11\/1396ef61-a6d5-a680-0a29-6bf3d97d5994-10x12.jpg 10w, https:\/\/vccf.org\/wp-content\/uploads\/2021\/11\/1396ef61-a6d5-a680-0a29-6bf3d97d5994.jpg 960w\" sizes=\"auto, (max-width: 240px) 100vw, 240px\" \/><\/a>Bonnie Gilles, directeur financier de la VCCF<\/strong> a fait l'objet d'un article dans le Pacific Coast Business Times pour son rapport sp\u00e9cial sur les <strong>Les meilleurs directeurs financiers de la r\u00e9gion<\/strong>. Ce rapport mettait \u00e0 l'honneur 25 directeurs financiers de haut niveau qui \"ont un impact sur la r\u00e9gion\", tant dans les entreprises que dans les organisations \u00e0 but non lucratif situ\u00e9es dans la r\u00e9gion des trois comt\u00e9s. F\u00e9licitations, Bonnie !<\/p>\n<h3 style=\"text-align: center;\">Le pouvoir de la communaut\u00e9<\/h3>\n<h4 style=\"text-align: center;\">Bonnes nouvelles de VOTRE communaut\u00e9 du comt\u00e9 de Ventura<\/h4>\n<p><img loading=\"lazy\" decoding=\"async\" class=\"aligncenter size-full wp-image-14098\" src=\"https:\/\/vccf.org\/wp-content\/uploads\/2021\/11\/a8a7a15d-201e-3e08-418e-101ef2dbf09d.png\" alt=\"\" width=\"820\" height=\"312\" srcset=\"https:\/\/vccf.org\/wp-content\/uploads\/2021\/11\/a8a7a15d-201e-3e08-418e-101ef2dbf09d.png 820w, https:\/\/vccf.org\/wp-content\/uploads\/2021\/11\/a8a7a15d-201e-3e08-418e-101ef2dbf09d-300x114.png 300w, https:\/\/vccf.org\/wp-content\/uploads\/2021\/11\/a8a7a15d-201e-3e08-418e-101ef2dbf09d-768x292.png 768w, https:\/\/vccf.org\/wp-content\/uploads\/2021\/11\/a8a7a15d-201e-3e08-418e-101ef2dbf09d-18x7.png 18w\" sizes=\"auto, (max-width: 820px) 100vw, 820px\" \/><\/p>\n<h3><\/h3>\n<h3 style=\"text-align: center;\">L'importance du red\u00e9coupage \u00e9lectoral<\/h3>\n<p><strong>Qu'est-ce que le red\u00e9coupage \u00e9lectoral ?<\/strong><br \/>\nTous les dix ans, les circonscriptions doivent \u00eatre redessin\u00e9es de mani\u00e8re \u00e0 ce que leur population soit sensiblement \u00e9gale. Ce processus, appel\u00e9 red\u00e9coupage, est important pour <strong>veiller \u00e0 ce que chaque membre du conseil d'administration repr\u00e9sente \u00e0 peu pr\u00e8s le m\u00eame nombre d'\u00e9lecteurs<\/strong>. Le conseil des autorit\u00e9s de surveillance souhaite conna\u00eetre votre avis sur le trac\u00e9 de ces fronti\u00e8res. <strong>La l\u00e9gislation de l'\u00c9tat exige que les villes et les comt\u00e9s fassent participer les communaut\u00e9s au processus de red\u00e9coupage en organisant des auditions publiques et en menant des actions de sensibilisation.<\/strong>La ville de Ventura a besoin de votre aide pour planifier, dessiner et red\u00e9couper les nouveaux districts de la ville. Ventura sollicite votre aide pour planifier, dessiner et red\u00e9couper les nouveaux districts de la ville. Les cartes finales que vous nous aiderez \u00e0 cr\u00e9er d\u00e9finiront les sept fronti\u00e8res des districts de Ventura, et ces nouveaux districts auront un impact sur la fa\u00e7on dont vous \u00e9lirez les membres de votre conseil pour les 10 prochaines ann\u00e9es.<\/p>\n<p><strong>Pourquoi le red\u00e9coupage \u00e9lectoral est-il important pour moi ?<\/strong><br \/>\nLe red\u00e9coupage d\u00e9termine quels quartiers et communaut\u00e9s sont regroup\u00e9s dans une circonscription pour l'\u00e9lection d'un membre du conseil d'administration. <strong>Vous avez la possibilit\u00e9 de faire part au Conseil des Superviseurs de la mani\u00e8re dont vous pensez que les limites des districts devraient \u00eatre \u00e9tablies pour repr\u00e9senter au mieux votre communaut\u00e9.<\/strong>. Le maintien des communaut\u00e9s d'int\u00e9r\u00eat est un crit\u00e8re de premier ordre dans le processus de red\u00e9coupage.<\/p>\n<p><strong>Comment participer ?<\/strong><\/p>\n<ul>\n<li>Partagez vos id\u00e9es, dessinez une carte ou participez \u00e0 un atelier pour vous impliquer !<\/li>\n<li>Soumettre un t\u00e9moignage \u00e9crit sur le processus ou sur une carte sp\u00e9cifique<\/li>\n<li><a href=\"https:\/\/www.cityofventura.ca.gov\/2145\/REDISTRICTING-SCHEDULE---PUBLIC-MEETINGS\" target=\"_blank\" rel=\"noopener\">Voir le calendrier des auditions publiques<\/a> o\u00f9 vous pouvez parler du processus ou d'une carte sp\u00e9cifique<\/li>\n<li>D\u00e9finir son quartier ou sa communaut\u00e9 d'int\u00e9r\u00eat<\/li>\n<li>Expliquez pourquoi le red\u00e9coupage est pertinent pour votre communaut\u00e9<\/li>\n<li>Parlez \u00e0 vos voisins et aux organisations locales<\/li>\n<\/ul>\n<p>En savoir plus<\/p>","protected":false},"excerpt":{"rendered":"<p>Dear Ventura County Community Foundation Family, At our annual meeting, both staff and board members stepped forward to seed the Keeper of the Dream Scholarship in Honor of Scott Hansen,&hellip;<\/p>","protected":false},"author":3,"featured_media":13590,"comment_status":"closed","ping_status":"closed","sticky":false,"template":"","format":"standard","meta":{"_acf_changed":false,"give_campaign_id":0,"footnotes":""},"categories":[24],"tags":[],"class_list":["post-14085","post","type-post","status-publish","format-standard","has-post-thumbnail","hentry","category-newsletters"],"acf":[],"_links":{"self":[{"href":"https:\/\/vccf.org\/fr\/wp-json\/wp\/v2\/posts\/14085","targetHints":{"allow":["GET"]}}],"collection":[{"href":"https:\/\/vccf.org\/fr\/wp-json\/wp\/v2\/posts"}],"about":[{"href":"https:\/\/vccf.org\/fr\/wp-json\/wp\/v2\/types\/post"}],"author":[{"embeddable":true,"href":"https:\/\/vccf.org\/fr\/wp-json\/wp\/v2\/users\/3"}],"replies":[{"embeddable":true,"href":"https:\/\/vccf.org\/fr\/wp-json\/wp\/v2\/comments?post=14085"}],"version-history":[{"count":0,"href":"https:\/\/vccf.org\/fr\/wp-json\/wp\/v2\/posts\/14085\/revisions"}],"wp:featuredmedia":[{"embeddable":true,"href":"https:\/\/vccf.org\/fr\/wp-json\/wp\/v2\/media\/13590"}],"wp:attachment":[{"href":"https:\/\/vccf.org\/fr\/wp-json\/wp\/v2\/media?parent=14085"}],"wp:term":[{"taxonomy":"category","embeddable":true,"href":"https:\/\/vccf.org\/fr\/wp-json\/wp\/v2\/categories?post=14085"},{"taxonomy":"post_tag","embeddable":true,"href":"https:\/\/vccf.org\/fr\/wp-json\/wp\/v2\/tags?post=14085"}],"curies":[{"name":"wp","href":"https:\/\/api.w.org\/{rel}","templated":true}]}}