{"id":14301,"date":"2021-11-30T12:08:11","date_gmt":"2021-11-30T20:08:11","guid":{"rendered":"https:\/\/vccf.org\/?p=14301"},"modified":"2025-03-05T01:04:25","modified_gmt":"2025-03-05T09:04:25","slug":"power-of-purpose-newsletter-november-30-2021","status":"publish","type":"post","link":"https:\/\/vccf.org\/fr\/power-of-purpose-newsletter-november-30-2021\/","title":{"rendered":"Lettre d'information \"Power of Purpose\" - 30 novembre 2021"},"content":{"rendered":"<p><img loading=\"lazy\" decoding=\"async\" class=\"aligncenter wp-image-14303 size-full\" src=\"https:\/\/vccf.org\/wp-content\/uploads\/2021\/12\/0ea2f070-926c-4b9e-fc28-bf93f02f9fe2.png\" alt=\"\" width=\"600\" height=\"301\" srcset=\"https:\/\/vccf.org\/wp-content\/uploads\/2021\/12\/0ea2f070-926c-4b9e-fc28-bf93f02f9fe2.png 600w, https:\/\/vccf.org\/wp-content\/uploads\/2021\/12\/0ea2f070-926c-4b9e-fc28-bf93f02f9fe2-300x151.png 300w, https:\/\/vccf.org\/wp-content\/uploads\/2021\/12\/0ea2f070-926c-4b9e-fc28-bf93f02f9fe2-18x9.png 18w\" sizes=\"auto, (max-width: 600px) 100vw, 600px\" \/><\/p>\n<p>Ch\u00e8re famille de la Ventura County Community Foundation,<\/p>\n<p>J'ai r\u00eav\u00e9 de ce moment pendant les douze derniers mois et je ne pourrais pas \u00eatre plus enthousiaste \u00e0 l'id\u00e9e de partager la nouvelle de notre changement de marque avec chacun d'entre vous ! Mon c\u0153ur est rempli de gratitude envers tous ceux qui ont particip\u00e9 \u00e0 ce processus de collaboration et qui ont honor\u00e9 nos 34 ans d'histoire au service de notre communaut\u00e9 en prenant au s\u00e9rieux ce processus de renforcement et de clarification de notre identit\u00e9. Je tiens tout particuli\u00e8rement \u00e0 remercier\u00a0<strong>Meryl Chase, membre du conseil d'administration de la VCCF,\u00a0<\/strong>et<strong>\u00a0Tim Gallagher, membre sortant du conseil d'administration de la VCCF<\/strong>pour avoir co-dirig\u00e9 cet effort, et\u00a0<strong>notre fantastique \u00e9quipe de marketing chez Loacom<\/strong>. Nous sommes tr\u00e8s reconnaissants et absolument ravis des r\u00e9sultats de votre travail acharn\u00e9 et de votre d\u00e9vouement !<\/p>\n<p>La prochaine phase de notre changement de marque consistera \u00e0 mettre \u00e0 jour notre site web en y ajoutant du contenu et des informations essentielles qui nous aideront \u00e0 remplir notre mission.\u00a0<strong>notre mission : relier les personnes, les ressources et les solutions pour cr\u00e9er un impact durable dans notre monde commun<\/strong>. Nous vous invitons \u00e0 nous faire part de vos r\u00e9flexions et de vos id\u00e9es tout au long de notre parcours. Si vous remarquez des moyens d'am\u00e9liorer notre communication et de vous aider au mieux \u00e0 r\u00e9aliser vos r\u00eaves philanthropiques, n'h\u00e9sitez pas \u00e0 nous contacter ! Nous sommes impatients de vous entendre ! Calleen Pardinas est notre chef de projet pour cet effort et elle esp\u00e8re que vous lui enverrez \u00e0 tout moment vos id\u00e9es et suggestions \u00e0 l'adresse suivante\u00a0<a href=\"mailto:cpardinas@vccf.org\">cpardinas@vccf.org<\/a>.<\/p>\n<p>Bien s\u00fbr, vous ne serez sans doute pas surpris d'apprendre que j'adore cette p\u00e9riode de l'ann\u00e9e - une p\u00e9riode o\u00f9 l'on donne et o\u00f9 l'on sert les autres. Une fois de plus, chaque jour me rappelle que le comt\u00e9 de Ventura est une communaut\u00e9 g\u00e9n\u00e9reuse ! Au cours des deux derni\u00e8res semaines, nos clients ont accord\u00e9 plus de $783 000 \u00e0 des dizaines d'organisations locales \u00e0 but non lucratif. Votre passion collective nous inspire et nous sommes \u00e9mus par la diff\u00e9rence que vous faites - qu'il s'agisse de soutenir l'\u00e9ducation, l'environnement, les arts et la musique, de fournir un logement aux familles ou de redonner aux anciens combattants de notre communaut\u00e9 qui ont servi notre nation avec tant d'abn\u00e9gation - nous sommes tr\u00e8s reconnaissants envers chacun d'entre vous !<\/p>\n<p>Enfin, j'esp\u00e8re que vous nous aiderez tous \u00e0 atteindre les \u00e9tudiants de votre entourage qui poursuivent des \u00e9tudes sup\u00e9rieures ou une formation professionnelle et que vous leur ferez conna\u00eetre la\u00a0<strong>Programme de bourses d'\u00e9tudes de la VCCF<\/strong>. Gr\u00e2ce \u00e0 la g\u00e9n\u00e9rosit\u00e9 de milliers de donateurs, nous pr\u00e9voyons d'attribuer cette ann\u00e9e plus de $1,5 million \u00e0 des \u00e9tudiants locaux. Candidatures soumises\u00a0<strong>avant le 10 d\u00e9cembre\u00a0<\/strong>Les \u00e9tudiants auront la possibilit\u00e9 de corriger les erreurs \u00e9ventuelles et de soumettre \u00e0 nouveau leur candidature avant la date limite de janvier, date \u00e0 laquelle leur candidature sera examin\u00e9e par le comit\u00e9 de s\u00e9lection des bourses d'\u00e9tudes du VCCF.<\/p>\n<p>Merci beaucoup \u00e0 tous,<br \/>\nJe vous souhaite bonne chance,<br \/>\nVanessa<\/p>\n<p>Vanessa Bechtel, pr\u00e9sidente-directrice g\u00e9n\u00e9rale<\/p>\n<h3 style=\"text-align: center;\">Nous avons chang\u00e9 de nom ! Rencontrez votre fondation communautaire du comt\u00e9 de Ventura<\/h3>\n<h3 style=\"text-align: center;\"><img loading=\"lazy\" decoding=\"async\" class=\"aligncenter wp-image-14304\" src=\"https:\/\/vccf.org\/wp-content\/uploads\/2021\/12\/cfedf732-c4d6-21e3-83a5-32ebec92182e.png\" alt=\"\" width=\"700\" height=\"447\" srcset=\"https:\/\/vccf.org\/wp-content\/uploads\/2021\/12\/cfedf732-c4d6-21e3-83a5-32ebec92182e.png 940w, https:\/\/vccf.org\/wp-content\/uploads\/2021\/12\/cfedf732-c4d6-21e3-83a5-32ebec92182e-300x191.png 300w, https:\/\/vccf.org\/wp-content\/uploads\/2021\/12\/cfedf732-c4d6-21e3-83a5-32ebec92182e-768x490.png 768w, https:\/\/vccf.org\/wp-content\/uploads\/2021\/12\/cfedf732-c4d6-21e3-83a5-32ebec92182e-18x12.png 18w\" sizes=\"auto, (max-width: 700px) 100vw, 700px\" \/><\/h3>\n<p data-uw-styling-context=\"true\">Depuis 1987, la VCCF d\u00e9veloppe la philanthropie dans la r\u00e9gion du comt\u00e9 de Ventura et au-del\u00e0. Nous avons servi la communaut\u00e9 en prot\u00e9geant et en conseillant les investissements des donateurs, en travaillant en partenariat avec les organisations \u00e0 but non lucratif de la r\u00e9gion et en reliant les ressources aux besoins de la communaut\u00e9 pour un impact maximal.<\/p>\n<p data-uw-styling-context=\"true\">Au cours de nos 34 ann\u00e9es d'existence, nous avons vu de nombreuses it\u00e9rations de ce service communiqu\u00e9 par le biais de notre marque - les logos, les couleurs, les d\u00e9clarations et les autres \u00e9l\u00e9ments de la marque ont tous \u00e9volu\u00e9 en m\u00eame temps que la fondation.\u00a0<strong>Le choix de changer de marque a \u00e9t\u00e9 per\u00e7u comme une opportunit\u00e9 de renforcer et de clarifier notre identit\u00e9.<\/strong>\u00a0- \u00e0 la fois en interne et publiquement - afin d'\u00e9tendre notre port\u00e9e \u00e0 d'autres g\u00e9n\u00e9rations de philanthropes et de cr\u00e9er un sentiment plus profond d'appartenance, d'inclusion et de communaut\u00e9.<\/p>\n<p>Lire la suite<\/p>\n<h3 style=\"text-align: center;\">Entretien avec le pr\u00e9sident du conseil d'administration Sean Leonard<\/h3>\n<p style=\"text-align: center;\"><em><img loading=\"lazy\" decoding=\"async\" class=\"aligncenter wp-image-14192\" src=\"https:\/\/vccf.org\/wp-content\/uploads\/2021\/11\/2017-sean-4.jpg\" alt=\"Sean Leonard smiles standing in front of trees and a building\" width=\"600\" height=\"400\" srcset=\"https:\/\/vccf.org\/wp-content\/uploads\/2021\/11\/2017-sean-4.jpg 1800w, https:\/\/vccf.org\/wp-content\/uploads\/2021\/11\/2017-sean-4-300x200.jpg 300w, https:\/\/vccf.org\/wp-content\/uploads\/2021\/11\/2017-sean-4-1024x683.jpg 1024w, https:\/\/vccf.org\/wp-content\/uploads\/2021\/11\/2017-sean-4-768x512.jpg 768w, https:\/\/vccf.org\/wp-content\/uploads\/2021\/11\/2017-sean-4-1536x1024.jpg 1536w, https:\/\/vccf.org\/wp-content\/uploads\/2021\/11\/2017-sean-4-18x12.jpg 18w\" sizes=\"auto, (max-width: 600px) 100vw, 600px\" \/>\"La communaut\u00e9 est extr\u00eamement g\u00e9n\u00e9reuse et la philanthropie \u00e9volue et prosp\u00e8re dans le comt\u00e9 de Ventura. Je suis tr\u00e8s enthousiaste \u00e0 l'id\u00e9e de participer \u00e0 la promotion de cette passion\".<\/em><\/p>\n<p>Le nouveau pr\u00e9sident du conseil d'administration de la VCCF s'est r\u00e9cemment entretenu avec Lauren Graf de la VCCF au sujet de son nouveau poste de direction, de son parcours philanthropique et de sa vision de la VCCF et de l'avenir du comt\u00e9 de Ventura.<\/p>\n<h3 style=\"text-align: center;\">Coffee &amp; Connections - R\u00e9seautage pour les professionnels des organisations \u00e0 but non lucratif du comt\u00e9 de Ventura<\/h3>\n<p><a href=\"https:\/\/vccf.org\/fr\/events\/virtual-coffee-and-connections\/\"><img loading=\"lazy\" decoding=\"async\" class=\"aligncenter wp-image-14307\" src=\"https:\/\/vccf.org\/wp-content\/uploads\/2021\/12\/a1240753-86de-a372-b590-ee1c5a5297ae-1024x574.jpeg\" alt=\"\" width=\"800\" height=\"448\" srcset=\"https:\/\/vccf.org\/wp-content\/uploads\/2021\/12\/a1240753-86de-a372-b590-ee1c5a5297ae-1024x574.jpeg 1024w, https:\/\/vccf.org\/wp-content\/uploads\/2021\/12\/a1240753-86de-a372-b590-ee1c5a5297ae-300x168.jpeg 300w, https:\/\/vccf.org\/wp-content\/uploads\/2021\/12\/a1240753-86de-a372-b590-ee1c5a5297ae-768x431.jpeg 768w, https:\/\/vccf.org\/wp-content\/uploads\/2021\/12\/a1240753-86de-a372-b590-ee1c5a5297ae-1536x861.jpeg 1536w, https:\/\/vccf.org\/wp-content\/uploads\/2021\/12\/a1240753-86de-a372-b590-ee1c5a5297ae-18x10.jpeg 18w, https:\/\/vccf.org\/wp-content\/uploads\/2021\/12\/a1240753-86de-a372-b590-ee1c5a5297ae.jpeg 1791w\" sizes=\"auto, (max-width: 800px) 100vw, 800px\" \/><\/a>La VCCF et le Center for Nonprofit Leadership vous invitent \u00e0 prendre une tasse de caf\u00e9 et \u00e0 vous joindre \u00e0 nous pour\u00a0<strong>Caf\u00e9 &amp; Connexions<\/strong>! Coffee &amp; Connections est un programme pilote de mise en r\u00e9seau pour les professionnels du secteur \u00e0 but non lucratif, con\u00e7u pour\u00a0<strong>cultiver des relations communautaires mutuellement b\u00e9n\u00e9fiques autour d'objectifs et de missions communs<\/strong>.<\/p>\n<p>Ces \u00e9v\u00e9nements virtuels mensuels commenceront par une br\u00e8ve pr\u00e9sentation de la Ventura County Community Foundation et du Center for Nonprofit Leadership, et se poursuivront par des conversations anim\u00e9es avec des organisations locales \u00e0 but non lucratif afin de partager les missions, de discuter des d\u00e9fis et des r\u00e9ussites, et d'approfondir la compr\u00e9hension de notre communaut\u00e9 et de ses besoins.<\/p>\n<p>Notre premi\u00e8re session aura lieu le\u00a0<strong>Jeudi 9 d\u00e9cembre de 9 \u00e0 10h30<\/strong>\u00a0Il s'agit d'une session d'information virtuelle qui permettra d'en savoir plus sur le format et l'objectif de ces \u00e9v\u00e9nements. Cliquez sur le bouton ci-dessous pour vous inscrire (formulaires disponibles en anglais et en espagnol).<\/p>\n<h3 style=\"text-align: center;\">Interview du Dr. Cristina Miranda sur les bourses d'\u00e9tudes de la VCCF<\/h3>\n<p><\/p>\n<p style=\"text-align: center;\"><em>Cristina Miranda s'entretient avec Sandra Siepak au sujet du programme de bourses de la Ventura County Community Foundation.<\/em><\/p>\n<p><strong>Cristina Miranda, directrice des bourses d'\u00e9tudes de la VCCF, a \u00e9t\u00e9 interview\u00e9e par Our Ventura TV au sujet du programme de bourses d'\u00e9tudes de la VCCF.<\/strong>Le programme de bourses d'\u00e9tudes de l'Union europ\u00e9enne accepte actuellement les candidatures de tous les \u00e9tudiants du comt\u00e9 de Ventura jusqu'au 21 janvier 2022. Cristina a parl\u00e9 des diff\u00e9rentes bourses disponibles pour les \u00e9tudiants, du lyc\u00e9e aux \u00e9tudiants en droit et en m\u00e9decine, quel que soit leur \u00e2ge. Si vous souhaitez d\u00e9poser une demande de bourse, participer \u00e0 un atelier sur les bourses d'\u00e9tudes ou faire un don, regardez la vid\u00e9o ou cliquez sur le bouton ci-dessous pour visiter notre site web.<\/p>\n<h3 style=\"text-align: center;\">Programme d'aide aux m\u00e9nages agricoles<\/h3>\n<p><img loading=\"lazy\" decoding=\"async\" class=\"alignright wp-image-14308 size-medium\" src=\"https:\/\/vccf.org\/wp-content\/uploads\/2021\/12\/93e78d7f-982f-524a-71f1-8e39d670c982-300x150.jpeg\" alt=\"\" width=\"300\" height=\"150\" srcset=\"https:\/\/vccf.org\/wp-content\/uploads\/2021\/12\/93e78d7f-982f-524a-71f1-8e39d670c982-300x150.jpeg 300w, https:\/\/vccf.org\/wp-content\/uploads\/2021\/12\/93e78d7f-982f-524a-71f1-8e39d670c982-768x384.jpeg 768w, https:\/\/vccf.org\/wp-content\/uploads\/2021\/12\/93e78d7f-982f-524a-71f1-8e39d670c982-18x9.jpeg 18w, https:\/\/vccf.org\/wp-content\/uploads\/2021\/12\/93e78d7f-982f-524a-71f1-8e39d670c982.jpeg 1024w\" sizes=\"auto, (max-width: 300px) 100vw, 300px\" \/><br \/>\nEn mars 2020, le\u00a0<strong>Programme d'aide aux m\u00e9nages agricoles (Farmworker Household Assistance Program - FHAP)<\/strong>\u00a0a \u00e9t\u00e9 cr\u00e9\u00e9e pour apporter une aide d'urgence aux milliers de travailleurs agricoles du comt\u00e9 de Ventura confront\u00e9s \u00e0 des difficult\u00e9s \u00e9conomiques d\u00e9vastatrices en raison de la pand\u00e9mie de COVID-19. Gr\u00e2ce \u00e0 la g\u00e9n\u00e9rosit\u00e9 des donateurs et au travail acharn\u00e9 de l'\u00e9quipe du FHAP,\u00a0<strong>3 465 familles de travailleurs agricoles en difficult\u00e9 ont re\u00e7u des subventions de $1 000 en 2020.<\/strong>\u00a0En 2021, plus de 187 familles de travailleurs agricoles ont re\u00e7u des subventions en esp\u00e8ces.<\/p>\n<p><strong><a href=\"https:\/\/www.dropbox.com\/s\/dm42gtqtqw7o8am\/FHAP2%20Final.mp4?dl=0\" target=\"_blank\" rel=\"noopener\">Cliquez ici pour regarder une vid\u00e9o des travailleurs agricoles dont les vies et les familles ont \u00e9t\u00e9 directement soutenues gr\u00e2ce \u00e0 votre g\u00e9n\u00e9rosit\u00e9.<\/a>\u00a0<\/strong>Les travailleurs agricoles qui apparaissent dans la vid\u00e9o racontent comment ce fonds les a aid\u00e9s dans tous les domaines, qu'il s'agisse de payer les factures d'h\u00f4pital li\u00e9es \u00e0 Covid, de payer le loyer ou d'acheter des couches pour leurs enfants.<\/p>\n<p>Alors que les ravages de la pand\u00e9mie se poursuivent, les difficult\u00e9s des travailleurs agricoles se sont aggrav\u00e9es, les dettes s'accumulant et les familles devenant de plus en plus d\u00e9sesp\u00e9r\u00e9es. En outre, les travailleurs agricoles sont de plus en plus confront\u00e9s \u00e0 des probl\u00e8mes de sant\u00e9 publique.\u00a0<strong>2 800 familles de travailleurs agricoles suppl\u00e9mentaires se sont inscrites et ont rempli les conditions requises pour b\u00e9n\u00e9ficier d'une aide financi\u00e8re.<\/strong>. Avec l'augmentation des demandes, nous avons plus que jamais besoin de votre aide ! Merci de donner ce que vous pouvez, d\u00e8s que vous le pouvez.<strong>\u00a0Chaque dollar fait la diff\u00e9rence.<\/strong>Faire un don<\/p>\n<h3 style=\"text-align: center;\">2021 \u00c9tat de la r\u00e9gion<\/h3>\n<p><img loading=\"lazy\" decoding=\"async\" class=\"aligncenter wp-image-14309\" src=\"https:\/\/vccf.org\/wp-content\/uploads\/2021\/12\/4758230e-1d1f-97f2-9f90-caea8c7b9807-1024x698.jpeg\" alt=\"\" width=\"800\" height=\"545\" srcset=\"https:\/\/vccf.org\/wp-content\/uploads\/2021\/12\/4758230e-1d1f-97f2-9f90-caea8c7b9807-1024x698.jpeg 1024w, https:\/\/vccf.org\/wp-content\/uploads\/2021\/12\/4758230e-1d1f-97f2-9f90-caea8c7b9807-300x205.jpeg 300w, https:\/\/vccf.org\/wp-content\/uploads\/2021\/12\/4758230e-1d1f-97f2-9f90-caea8c7b9807-768x524.jpeg 768w, https:\/\/vccf.org\/wp-content\/uploads\/2021\/12\/4758230e-1d1f-97f2-9f90-caea8c7b9807-18x12.jpeg 18w, https:\/\/vccf.org\/wp-content\/uploads\/2021\/12\/4758230e-1d1f-97f2-9f90-caea8c7b9807.jpeg 1200w\" sizes=\"auto, (max-width: 800px) 100vw, 800px\" \/><\/p>\n<p>Les<strong>\u00a0L'\u00e9tat de la r\u00e9gion 2021 a \u00e9t\u00e9 publi\u00e9 le 15 novembre.<\/strong>Le rapport annuel du comt\u00e9 de Ventura fournit des statistiques actualis\u00e9es sur des sujets tels que l'emploi, l'\u00e9ducation, le tourisme, l'agriculture, le logement, etc. Le rapport de cette ann\u00e9e est particuli\u00e8rement important compte tenu de l'impact de la pand\u00e9mie de Covid-19 sur presque tous les aspects de la vie locale, ainsi que d'une section approfondie sur la sant\u00e9 locale qui se d\u00e9marque des ann\u00e9es pr\u00e9c\u00e9dentes.\u00a0<strong>La VCCF a \u00e9t\u00e9 le principal sponsor de la recherche cette ann\u00e9e.<\/strong>Vanessa Bechtel, pr\u00e9sidente et directrice g\u00e9n\u00e9rale de la VCCF, s'est exprim\u00e9e lors de la c\u00e9r\u00e9monie de publication sur la n\u00e9cessit\u00e9 des efforts de recensement dans le comt\u00e9 de Ventura pour contribuer \u00e0 la r\u00e9alisation d'une \u00e9tude aussi importante que celle-ci.<\/p>\n<p><strong>La VCCF tient \u00e0 f\u00e9liciter tous ceux qui ont particip\u00e9 \u00e0 l'\u00e9laboration de l'\u00e9tude de cette ann\u00e9e !<\/strong>\u00a0Si vous souhaitez obtenir une copie physique, veuillez envoyer un courriel \u00e0 Lauren Graf \u00e0 l'adresse suivante\u00a0<a href=\"mailto:\" target=\"_blank\" rel=\"noopener\">lgraf@vccf.org<\/a>ou vous pouvez\u00a0<a href=\"https:\/\/civicalliance.org\/2021-state-of-the-region-report\/\" target=\"_blank\" rel=\"noopener\" data-t-l=\":b|e|inline click|${u}\">demander une copie num\u00e9rique gratuite du rapport 2021\u00a0<\/a>\u00a0de l'Alliance civique du comt\u00e9 de Ventura (Ventura County Civic Alliance)\u00a0<a href=\"https:\/\/civicalliance.org\/\" target=\"_blank\" rel=\"noopener\" data-t-l=\":b|e|inline click|${u}\">civicalliance.org<\/a>.<\/p>\n<h3 style=\"text-align: center;\">Asm. Irwin &amp; DA Nasarenko Annoncer $1M en<br \/>\nFinancement du centre de justice familiale d'Oxnard<\/h3>\n<p style=\"text-align: center;\"><img loading=\"lazy\" decoding=\"async\" class=\"wp-image-14310 size-medium alignnone\" src=\"https:\/\/vccf.org\/wp-content\/uploads\/2021\/12\/b7d3ad95-1d0c-56cb-8e96-501c4c90d4f0-300x225.jpeg\" alt=\"\" width=\"300\" height=\"225\" srcset=\"https:\/\/vccf.org\/wp-content\/uploads\/2021\/12\/b7d3ad95-1d0c-56cb-8e96-501c4c90d4f0-300x225.jpeg 300w, https:\/\/vccf.org\/wp-content\/uploads\/2021\/12\/b7d3ad95-1d0c-56cb-8e96-501c4c90d4f0-1024x768.jpeg 1024w, https:\/\/vccf.org\/wp-content\/uploads\/2021\/12\/b7d3ad95-1d0c-56cb-8e96-501c4c90d4f0-768x576.jpeg 768w, https:\/\/vccf.org\/wp-content\/uploads\/2021\/12\/b7d3ad95-1d0c-56cb-8e96-501c4c90d4f0-16x12.jpeg 16w, https:\/\/vccf.org\/wp-content\/uploads\/2021\/12\/b7d3ad95-1d0c-56cb-8e96-501c4c90d4f0.jpeg 1200w\" sizes=\"auto, (max-width: 300px) 100vw, 300px\" \/> <img loading=\"lazy\" decoding=\"async\" class=\"wp-image-14311 size-medium alignnone\" src=\"https:\/\/vccf.org\/wp-content\/uploads\/2021\/12\/e6f94bf9-f795-ac97-e199-b2d124e97e9d-300x225.jpeg\" alt=\"\" width=\"300\" height=\"225\" srcset=\"https:\/\/vccf.org\/wp-content\/uploads\/2021\/12\/e6f94bf9-f795-ac97-e199-b2d124e97e9d-300x225.jpeg 300w, https:\/\/vccf.org\/wp-content\/uploads\/2021\/12\/e6f94bf9-f795-ac97-e199-b2d124e97e9d-1024x768.jpeg 1024w, https:\/\/vccf.org\/wp-content\/uploads\/2021\/12\/e6f94bf9-f795-ac97-e199-b2d124e97e9d-768x576.jpeg 768w, https:\/\/vccf.org\/wp-content\/uploads\/2021\/12\/e6f94bf9-f795-ac97-e199-b2d124e97e9d-16x12.jpeg 16w, https:\/\/vccf.org\/wp-content\/uploads\/2021\/12\/e6f94bf9-f795-ac97-e199-b2d124e97e9d.jpeg 1200w\" sizes=\"auto, (max-width: 300px) 100vw, 300px\" \/><\/p>\n<p>Lorsque les victimes de violence domestique et d'autres causes de traumatisme d'Oxnard cherchent de l'aide, beaucoup d'entre elles doivent utiliser les transports publics pour se rendre au centre de soins.\u00a0<strong>Centre de justice familiale du comt\u00e9 de Ventura<\/strong>\u00a0\u00e0 Ventura.<\/p>\n<p><strong>Un financement de l'\u00c9tat de $1 million aidera le centre de justice \u00e0 \u00e9tablir un bureau satellite \u00e0 Oxnard.<\/strong>a d\u00e9clar\u00e9 Jacqui Irwin, membre de l'Assembl\u00e9e, lors d'une pr\u00e9sentation le vendredi 5 novembre au bureau du centre situ\u00e9 au 3170 Loma Vista Road \u00e0 Ventura, devant une cinquantaine de personnes.<\/p>\n<p>Le procureur du comt\u00e9 de Ventura, Eric Nasarenko, a d\u00e9clar\u00e9 que sur les 4 000 victimes que le centre de justice a aid\u00e9es depuis sa cr\u00e9ation en janvier 2020, 38% \u00e9taient des r\u00e9sidents d'Oxnard. En outre, environ un quart de ces victimes ne parlaient que l'espagnol ou s'identifiaient comme des Mixt\u00e8ques, a d\u00e9clar\u00e9 Irwin.<\/p>\n<p>Le centre de justice aide les victimes \u00e0 s'orienter dans les multiples ressources et organisations \u00e0 leur disposition. Les victimes peuvent demander de l'aide pour obtenir des mesures restrictives, obtenir des r\u00e9ponses \u00e0 des questions sur le droit de la famille et demander le remboursement de factures d'h\u00f4pital, a d\u00e9clar\u00e9 Mme Nasarenko. Le centre de justice peut \u00e9galement mettre les victimes en contact avec des services de th\u00e9rapie, de conseil et d'intervention.<\/p>\n<h3 style=\"text-align: center;\">La VCCF visite l'Ojai Valley Land Conservancy<br \/>\net Greyfoot Cat Rescue Shelter<\/h3>\n<p>La VCCF a r\u00e9cemment rendu visite \u00e0 deux organisations locales \u00e0 but non lucratif ax\u00e9es sur l'environnement et le bien-\u00eatre des animaux, la\u00a0<strong>Ojai Valley Land Conservancy (Association pour la conservation des terres de la vall\u00e9e d'Ojai)<\/strong>\u00a0et\u00a0<strong>Refuge pour chats Greyfoot<\/strong>.\u00a0<a href=\"https:\/\/vccf.org\/fr\/vccf-visits-ojai-valley-land-conservancy-and-greyfoot-cat-rescue-and-sanctuary\/\" target=\"_blank\" rel=\"noopener\">Alyssa Torkelson, charg\u00e9e d'impact, a racont\u00e9 son exp\u00e9rience<\/a>\u00a0et ce qu'elle a appris au cours de ces visites.<\/p>\n<p style=\"text-align: center;\"><img loading=\"lazy\" decoding=\"async\" class=\"alignnone wp-image-14319 size-medium\" src=\"https:\/\/vccf.org\/wp-content\/uploads\/2021\/12\/08fb4a06-d5b4-9c44-507c-7eb9ee641637-1-300x225.jpeg\" alt=\"\" width=\"300\" height=\"225\" srcset=\"https:\/\/vccf.org\/wp-content\/uploads\/2021\/12\/08fb4a06-d5b4-9c44-507c-7eb9ee641637-1-300x225.jpeg 300w, https:\/\/vccf.org\/wp-content\/uploads\/2021\/12\/08fb4a06-d5b4-9c44-507c-7eb9ee641637-1-16x12.jpeg 16w, https:\/\/vccf.org\/wp-content\/uploads\/2021\/12\/08fb4a06-d5b4-9c44-507c-7eb9ee641637-1.jpeg 730w\" sizes=\"auto, (max-width: 300px) 100vw, 300px\" \/> <img loading=\"lazy\" decoding=\"async\" class=\"wp-image-14321 size-medium alignnone\" src=\"https:\/\/vccf.org\/wp-content\/uploads\/2021\/12\/12bf4790-ab07-56e0-f307-cffeeb4c9d6c-1-300x226.jpeg\" alt=\"\" width=\"300\" height=\"226\" srcset=\"https:\/\/vccf.org\/wp-content\/uploads\/2021\/12\/12bf4790-ab07-56e0-f307-cffeeb4c9d6c-1-300x226.jpeg 300w, https:\/\/vccf.org\/wp-content\/uploads\/2021\/12\/12bf4790-ab07-56e0-f307-cffeeb4c9d6c-1-16x12.jpeg 16w, https:\/\/vccf.org\/wp-content\/uploads\/2021\/12\/12bf4790-ab07-56e0-f307-cffeeb4c9d6c-1.jpeg 730w\" sizes=\"auto, (max-width: 300px) 100vw, 300px\" \/><\/p>\n<p style=\"text-align: center;\"><img loading=\"lazy\" decoding=\"async\" class=\"alignnone wp-image-14325\" src=\"https:\/\/vccf.org\/wp-content\/uploads\/2021\/12\/38f6b20f-a497-97b1-cd75-855b698e7cd6-1-300x225.jpeg\" alt=\"\" width=\"274\" height=\"206\" srcset=\"https:\/\/vccf.org\/wp-content\/uploads\/2021\/12\/38f6b20f-a497-97b1-cd75-855b698e7cd6-1-300x225.jpeg 300w, https:\/\/vccf.org\/wp-content\/uploads\/2021\/12\/38f6b20f-a497-97b1-cd75-855b698e7cd6-1-16x12.jpeg 16w, https:\/\/vccf.org\/wp-content\/uploads\/2021\/12\/38f6b20f-a497-97b1-cd75-855b698e7cd6-1.jpeg 550w\" sizes=\"auto, (max-width: 274px) 100vw, 274px\" \/><img loading=\"lazy\" decoding=\"async\" class=\"wp-image-14326 size-medium alignnone\" src=\"https:\/\/vccf.org\/wp-content\/uploads\/2021\/12\/5fbedfc4-dc04-3661-91bf-2a0560c9d46f-1-300x206.jpeg\" alt=\"\" width=\"300\" height=\"206\" srcset=\"https:\/\/vccf.org\/wp-content\/uploads\/2021\/12\/5fbedfc4-dc04-3661-91bf-2a0560c9d46f-1-300x206.jpeg 300w, https:\/\/vccf.org\/wp-content\/uploads\/2021\/12\/5fbedfc4-dc04-3661-91bf-2a0560c9d46f-1-1024x702.jpeg 1024w, https:\/\/vccf.org\/wp-content\/uploads\/2021\/12\/5fbedfc4-dc04-3661-91bf-2a0560c9d46f-1-768x527.jpeg 768w, https:\/\/vccf.org\/wp-content\/uploads\/2021\/12\/5fbedfc4-dc04-3661-91bf-2a0560c9d46f-1-18x12.jpeg 18w, https:\/\/vccf.org\/wp-content\/uploads\/2021\/12\/5fbedfc4-dc04-3661-91bf-2a0560c9d46f-1.jpeg 1168w\" sizes=\"auto, (max-width: 300px) 100vw, 300px\" \/><\/p>\n<p>Lire la suite<\/p>\n<h3 style=\"text-align: center;\">Veronica Quintana et Vanessa Bechtel class\u00e9es dans le Top 50 des femmes d'affaires<\/h3>\n<p>Le Pacific Coast Business Times a d\u00e9sign\u00e9\u00a0<strong>Veronica Quintana, tr\u00e9sori\u00e8re du conseil d'administration de la VCCF, et Vanessa Bechtel, pr\u00e9sidente-directrice g\u00e9n\u00e9rale de la VCCF, pour leur liste des 50 meilleures femmes d'affaires de 2021.<\/strong>. Le Business Times r\u00e9compense 50 des meilleures femmes dirigeantes de la r\u00e9gion dans un certain nombre de secteurs d'employeurs priv\u00e9s, notamment la finance, les services professionnels, le CRE, les soins de sant\u00e9, la technologie et les organisations \u00e0 but non lucratif. Pour lire la liste compl\u00e8te,\u00a0<a href=\"https:\/\/www.pacbiztimes.com\/tw-view\/\" data-uw-styling-context=\"true\" target=\"_blank\" rel=\"noopener\">cliquez ici<\/a>. F\u00e9licitations, Vanessa et Veronica !<\/p>\n<p><img loading=\"lazy\" decoding=\"async\" class=\"aligncenter wp-image-14327\" src=\"https:\/\/vccf.org\/wp-content\/uploads\/2021\/12\/0bc9aed8-b84e-1776-0ee5-5f9b5d9d2c34-1024x624.jpeg\" alt=\"\" width=\"600\" height=\"366\" srcset=\"https:\/\/vccf.org\/wp-content\/uploads\/2021\/12\/0bc9aed8-b84e-1776-0ee5-5f9b5d9d2c34-1024x624.jpeg 1024w, https:\/\/vccf.org\/wp-content\/uploads\/2021\/12\/0bc9aed8-b84e-1776-0ee5-5f9b5d9d2c34-300x183.jpeg 300w, https:\/\/vccf.org\/wp-content\/uploads\/2021\/12\/0bc9aed8-b84e-1776-0ee5-5f9b5d9d2c34-768x468.jpeg 768w, https:\/\/vccf.org\/wp-content\/uploads\/2021\/12\/0bc9aed8-b84e-1776-0ee5-5f9b5d9d2c34-18x12.jpeg 18w, https:\/\/vccf.org\/wp-content\/uploads\/2021\/12\/0bc9aed8-b84e-1776-0ee5-5f9b5d9d2c34.jpeg 1062w\" sizes=\"auto, (max-width: 600px) 100vw, 600px\" \/><img loading=\"lazy\" decoding=\"async\" class=\"aligncenter wp-image-14328\" src=\"https:\/\/vccf.org\/wp-content\/uploads\/2021\/12\/705368a3-e5e3-df2a-c471-88065dfb64be-1024x612.jpeg\" alt=\"\" width=\"600\" height=\"359\" srcset=\"https:\/\/vccf.org\/wp-content\/uploads\/2021\/12\/705368a3-e5e3-df2a-c471-88065dfb64be-1024x612.jpeg 1024w, https:\/\/vccf.org\/wp-content\/uploads\/2021\/12\/705368a3-e5e3-df2a-c471-88065dfb64be-300x179.jpeg 300w, https:\/\/vccf.org\/wp-content\/uploads\/2021\/12\/705368a3-e5e3-df2a-c471-88065dfb64be-768x459.jpeg 768w, https:\/\/vccf.org\/wp-content\/uploads\/2021\/12\/705368a3-e5e3-df2a-c471-88065dfb64be-18x12.jpeg 18w, https:\/\/vccf.org\/wp-content\/uploads\/2021\/12\/705368a3-e5e3-df2a-c471-88065dfb64be.jpeg 1089w\" sizes=\"auto, (max-width: 600px) 100vw, 600px\" \/><\/p>\n<h3 style=\"text-align: center;\">Le pouvoir de la communaut\u00e9<\/h3>\n<h4 style=\"text-align: center;\">Bonnes nouvelles de VOTRE communaut\u00e9 du comt\u00e9 de Ventura<\/h4>\n<p><img loading=\"lazy\" decoding=\"async\" class=\"aligncenter size-full wp-image-14098\" src=\"https:\/\/vccf.org\/wp-content\/uploads\/2021\/11\/a8a7a15d-201e-3e08-418e-101ef2dbf09d.png\" alt=\"\" width=\"820\" height=\"312\" srcset=\"https:\/\/vccf.org\/wp-content\/uploads\/2021\/11\/a8a7a15d-201e-3e08-418e-101ef2dbf09d.png 820w, https:\/\/vccf.org\/wp-content\/uploads\/2021\/11\/a8a7a15d-201e-3e08-418e-101ef2dbf09d-300x114.png 300w, https:\/\/vccf.org\/wp-content\/uploads\/2021\/11\/a8a7a15d-201e-3e08-418e-101ef2dbf09d-768x292.png 768w, https:\/\/vccf.org\/wp-content\/uploads\/2021\/11\/a8a7a15d-201e-3e08-418e-101ef2dbf09d-18x7.png 18w\" sizes=\"auto, (max-width: 820px) 100vw, 820px\" \/><\/p>\n<h3><\/h3>\n<h3 style=\"text-align: center;\">En souvenir des incendies de Thomas, Woolsey et Hill<\/h3>\n<p style=\"text-align: center;\"><strong><br \/>\nUn chemin vers la gu\u00e9rison<\/strong><\/p>\n<p>Lorsque l'incendie Woolsey a frapp\u00e9 l'est du comt\u00e9 de Ventura en novembre 2018, il a br\u00fbl\u00e9 un peu moins de 100 000 acres de terres, d\u00e9truit 1 643 structures et endommag\u00e9 des centaines d'autres. Lina, veuve et r\u00e9sidente du comt\u00e9 de Ventura depuis 27 ans, s'est retrouv\u00e9e sans maison \u00e0 l'\u00e2ge de 81 ans. Bien qu'elle n'ait pas \u00e9t\u00e9 bless\u00e9e, Lina a d\u00fb suivre une longue convalescence. Elle a v\u00e9cu dans un h\u00f4tel pendant un certain temps, puis a lou\u00e9 une chambre \u00e0 un ami pendant qu'elle s'effor\u00e7ait de reconstruire sa vie.<\/p>\n<p>Avec l'aide de son gestionnaire de dossier, Lina a fait appel \u00e0 la FEMA \u00e0 neuf reprises et a finalement pu recevoir une indemnisation, un processus stressant qu'elle dit qu'elle n'aurait jamais pu mener \u00e0 bien sans toute cette aide. Gr\u00e2ce \u00e0 l'ensemble des fonds qu'elle a re\u00e7us, Lina a pu acheter une maison pr\u00e9fabriqu\u00e9e et, avec l'aide de la FEMA, elle a pu acheter un appartement.\u00a0<strong>L'aide directe de la VCCF<\/strong>\u00a0elle a pu r\u00e9pondre \u00e0 plusieurs besoins importants restants. Le soutien financier lui a permis de construire une rampe d'acc\u00e8s pour l'aider \u00e0 entrer et sortir de sa nouvelle maison. Lina a \u00e9galement pu acheter un lit r\u00e9glable, qui soulage son dos, mis \u00e0 rude \u00e9preuve pendant les ann\u00e9es o\u00f9 elle s'est occup\u00e9e de son enfant \u00e0 besoins sp\u00e9cifiques.<\/p>\n<p>Bien que Lina ait connu de nombreux chagrins d'amour au cours de sa vie, elle reste optimiste et heureuse. Elle aime jardiner dans sa maison et trouve la paix en s'assurant que toutes ses plantes prosp\u00e8rent. Lina esp\u00e8re pouvoir un jour dire merci personnellement si l'occasion se pr\u00e9sente.<\/p>\n<p style=\"text-align: center;\"><img loading=\"lazy\" decoding=\"async\" class=\"alignnone wp-image-14330\" src=\"https:\/\/vccf.org\/wp-content\/uploads\/2021\/12\/dc7319cb-516e-cd55-129f-34c730d794b8-237x300.jpeg\" alt=\"\" width=\"300\" height=\"380\" srcset=\"https:\/\/vccf.org\/wp-content\/uploads\/2021\/12\/dc7319cb-516e-cd55-129f-34c730d794b8-237x300.jpeg 237w, https:\/\/vccf.org\/wp-content\/uploads\/2021\/12\/dc7319cb-516e-cd55-129f-34c730d794b8-9x12.jpeg 9w, https:\/\/vccf.org\/wp-content\/uploads\/2021\/12\/dc7319cb-516e-cd55-129f-34c730d794b8.jpeg 546w\" sizes=\"auto, (max-width: 300px) 100vw, 300px\" \/><img loading=\"lazy\" decoding=\"async\" class=\"alignnone wp-image-14331\" src=\"https:\/\/vccf.org\/wp-content\/uploads\/2021\/12\/e043658c-c6ff-695d-af57-145a5c1dd451-238x300.jpeg\" alt=\"\" width=\"300\" height=\"378\" srcset=\"https:\/\/vccf.org\/wp-content\/uploads\/2021\/12\/e043658c-c6ff-695d-af57-145a5c1dd451-238x300.jpeg 238w, https:\/\/vccf.org\/wp-content\/uploads\/2021\/12\/e043658c-c6ff-695d-af57-145a5c1dd451-10x12.jpeg 10w, https:\/\/vccf.org\/wp-content\/uploads\/2021\/12\/e043658c-c6ff-695d-af57-145a5c1dd451.jpeg 623w\" sizes=\"auto, (max-width: 300px) 100vw, 300px\" \/><\/p>\n<p><\/p>","protected":false},"excerpt":{"rendered":"<p>Ch\u00e8re famille de la Ventura County Community Foundation, J'ai r\u00eav\u00e9 de ce moment pendant les douze derniers mois, et je ne pourrais pas \u00eatre plus enthousiaste \u00e0 l'id\u00e9e de partager la nouvelle de notre rebranding avec chaque...<\/p>","protected":false},"author":3,"featured_media":14304,"comment_status":"closed","ping_status":"closed","sticky":false,"template":"","format":"standard","meta":{"_acf_changed":false,"give_campaign_id":0,"footnotes":""},"categories":[24],"tags":[],"class_list":["post-14301","post","type-post","status-publish","format-standard","has-post-thumbnail","hentry","category-newsletters"],"acf":[],"_links":{"self":[{"href":"https:\/\/vccf.org\/fr\/wp-json\/wp\/v2\/posts\/14301","targetHints":{"allow":["GET"]}}],"collection":[{"href":"https:\/\/vccf.org\/fr\/wp-json\/wp\/v2\/posts"}],"about":[{"href":"https:\/\/vccf.org\/fr\/wp-json\/wp\/v2\/types\/post"}],"author":[{"embeddable":true,"href":"https:\/\/vccf.org\/fr\/wp-json\/wp\/v2\/users\/3"}],"replies":[{"embeddable":true,"href":"https:\/\/vccf.org\/fr\/wp-json\/wp\/v2\/comments?post=14301"}],"version-history":[{"count":0,"href":"https:\/\/vccf.org\/fr\/wp-json\/wp\/v2\/posts\/14301\/revisions"}],"wp:featuredmedia":[{"embeddable":true,"href":"https:\/\/vccf.org\/fr\/wp-json\/wp\/v2\/media\/14304"}],"wp:attachment":[{"href":"https:\/\/vccf.org\/fr\/wp-json\/wp\/v2\/media?parent=14301"}],"wp:term":[{"taxonomy":"category","embeddable":true,"href":"https:\/\/vccf.org\/fr\/wp-json\/wp\/v2\/categories?post=14301"},{"taxonomy":"post_tag","embeddable":true,"href":"https:\/\/vccf.org\/fr\/wp-json\/wp\/v2\/tags?post=14301"}],"curies":[{"name":"wp","href":"https:\/\/api.w.org\/{rel}","templated":true}]}}