{"id":14651,"date":"2022-01-31T17:01:42","date_gmt":"2022-02-01T01:01:42","guid":{"rendered":"https:\/\/vccf.org\/?p=14651"},"modified":"2025-03-05T01:05:46","modified_gmt":"2025-03-05T09:05:46","slug":"power-of-purpose-newsletter-january-31-2022","status":"publish","type":"post","link":"https:\/\/vccf.org\/fr\/power-of-purpose-newsletter-january-31-2022\/","title":{"rendered":"Lettre d'information sur le pouvoir de la raison d'\u00eatre - 31 janvier 2022"},"content":{"rendered":"<p><img loading=\"lazy\" decoding=\"async\" class=\"aligncenter size-full wp-image-14303\" src=\"https:\/\/vccf.org\/wp-content\/uploads\/2021\/12\/0ea2f070-926c-4b9e-fc28-bf93f02f9fe2.png\" alt=\"\" width=\"600\" height=\"301\" srcset=\"https:\/\/vccf.org\/wp-content\/uploads\/2021\/12\/0ea2f070-926c-4b9e-fc28-bf93f02f9fe2.png 600w, https:\/\/vccf.org\/wp-content\/uploads\/2021\/12\/0ea2f070-926c-4b9e-fc28-bf93f02f9fe2-300x151.png 300w, https:\/\/vccf.org\/wp-content\/uploads\/2021\/12\/0ea2f070-926c-4b9e-fc28-bf93f02f9fe2-18x9.png 18w\" sizes=\"auto, (max-width: 600px) 100vw, 600px\" \/><\/p>\n<p class=\"already_translated\" data-uw-styling-context=\"true\">Ch\u00e8re famille de la Ventura County Community Foundation,<\/p>\n<p>J'ai du mal \u00e0 croire que nous entamons une nouvelle ann\u00e9e et la troisi\u00e8me ann\u00e9e au cours de laquelle notre communaut\u00e9 se d\u00e9brouille avec la pand\u00e9mie de grippe aviaire. Aujourd'hui plus que jamais, il est essentiel que nous prenions le temps de nous rapprocher les uns des autres, de rester en contact et d'avoir un impact positif sur notre communaut\u00e9 collective du comt\u00e9 de Ventura. \u00c0 cette fin, nous avons le plaisir d'entamer notre\u00a0<strong>La prochaine session est pr\u00e9vue pour le 9 f\u00e9vrier.<\/strong>. Plus de 80 organisations \u00e0 but non lucratif se sont d\u00e9j\u00e0 inscrites ; nous avons pu constater, lors de notre premier \u00e9v\u00e9nement en d\u00e9cembre, \u00e0 quel point nos liens sont importants et \u00e0 quel point nous devons \u00eatre d\u00e9termin\u00e9s \u00e0 maintenir et \u00e0 renforcer ces collaborations.<\/p>\n<p>Je tiens \u00e9galement \u00e0 attirer votre attention sur l'extraordinaire gouvernement du comt\u00e9 de Ventura. Nous avons tous travaill\u00e9 en \u00e9troite collaboration pour r\u00e9duire l'impact de cette pand\u00e9mie sur notre communaut\u00e9 et le comt\u00e9 a fait le gros du travail. En fait, il est si impressionnant que\u00a0<strong>Le comt\u00e9 de Ventura est le quatri\u00e8me comt\u00e9 du pays \u00e0 avoir obtenu un financement de la FEMA.<\/strong>\u00a0pour notre r\u00e9ponse \u00e0 la pand\u00e9mie, ce qui est remarquable puisque le comt\u00e9 se classe au 75e rang national en termes de population. Cette r\u00e9ussite est le fruit de partenariats et du leadership du comt\u00e9, et nous sommes tr\u00e8s reconnaissants \u00e0 toute l'\u00e9quipe qui a permis d'y parvenir. Ces fonds soutiennent l'assistance locale, les tests, le d\u00e9ploiement des vaccins et les op\u00e9rations du centre m\u00e9dical du comt\u00e9 de Ventura.<\/p>\n<p>Enfin, je souhaite marquer le\u00a0<strong>cl\u00f4ture de la p\u00e9riode de candidature \u00e0 la bourse d'\u00e9tudes de la VCCF de cette ann\u00e9e<\/strong>. Cette ann\u00e9e, nous avons re\u00e7u 4 267 candidatures, soit 1 200 de plus que l'ann\u00e9e derni\u00e8re et, soit dit en passant, pr\u00e8s de 1 500 d'entre elles ont \u00e9t\u00e9 soumises le dernier soir du processus de candidature. Cristina Miranda et Malena McKaba) pour leur travail inlassable en faveur de nos jeunes et je me r\u00e9jouis de c\u00e9l\u00e9brer \u00e0 nouveau nos bourses d'\u00e9tudes avec notre vid\u00e9o \"Because You Gave\" (Parce que vous avez donn\u00e9).<\/p>\n<p>Au nom du conseil d'administration et de l'\u00e9quipe de la VCCF, soyez prudents et continuez \u00e0 soutenir notre communaut\u00e9,<\/p>\n<p>Je vous prie d'agr\u00e9er, Monsieur le Pr\u00e9sident, l'expression de mes sentiments distingu\u00e9s,<br \/>\nJeffrey Lambert<br \/>\nChef des op\u00e9rations de la VCCF<\/p>\n<h2 style=\"text-align: center;\">D\u00e9jeuner et apprentissage virtuels -<br \/>\nSanta Monica Mountains Fund et National Parks Service<\/h2>\n<p><\/p>\n<p>Les donateurs et le conseil d'administration de la VCCF ont \u00e9t\u00e9 rejoints ce mois-ci pour une c\u00e9r\u00e9monie de remise des prix.\u00a0<strong>D\u00e9jeuner et formation virtuels pour les donateurs<\/strong>\u00a0par Charlotte Parry, directrice ex\u00e9cutive du\u00a0<strong>Fonds pour les montagnes de Santa Monica (SAMO)<\/strong>et David Szymanski, directeur de la Santa Monica Mountains National Recreation Area au sein de l'Agence nationale de l'environnement, de la sant\u00e9 et de la s\u00e9curit\u00e9.\u00a0<strong>Service des parcs nationaux<\/strong>. Vous pouvez visionner l'enregistrement de leur pr\u00e9sentation en cliquant sur la vid\u00e9o ci-dessus. Pour devenir membre du Fonds SAMO, veuillez consulter le site suivant\u00a0<a href=\"https:\/\/www.samofund.org\/\" target=\"_blank\" rel=\"noopener\">https:\/\/www.samofund.org\/<\/a>.<\/p>\n<p>Pour plus d'informations sur les modalit\u00e9s de participation aux prochains d\u00e9jeuners-conf\u00e9rences sur le don virtuel, veuillez contacter Calleen Pardinas \u00e0 l'adresse suivante\u00a0<a href=\"mailto:cpardinas@vccf.org\">cpardinas@vccf.org<\/a>.<\/p>\n<h2 style=\"text-align: center;\">Caf\u00e9 &amp; Connexions - 9 f\u00e9vrier<\/h2>\n<p><img loading=\"lazy\" decoding=\"async\" class=\"aligncenter wp-image-22661 size-full\" src=\"https:\/\/vccf.org\/wp-content\/uploads\/2022\/01\/a0bc3d86-58a1-bb37-d2a0-6c5d199c03f7-1024x576-1.jpeg\" alt=\"\" width=\"1024\" height=\"576\" srcset=\"https:\/\/vccf.org\/wp-content\/uploads\/2022\/01\/a0bc3d86-58a1-bb37-d2a0-6c5d199c03f7-1024x576-1.jpeg 1024w, https:\/\/vccf.org\/wp-content\/uploads\/2022\/01\/a0bc3d86-58a1-bb37-d2a0-6c5d199c03f7-1024x576-1-300x169.jpeg 300w, https:\/\/vccf.org\/wp-content\/uploads\/2022\/01\/a0bc3d86-58a1-bb37-d2a0-6c5d199c03f7-1024x576-1-768x432.jpeg 768w, https:\/\/vccf.org\/wp-content\/uploads\/2022\/01\/a0bc3d86-58a1-bb37-d2a0-6c5d199c03f7-1024x576-1-18x10.jpeg 18w\" sizes=\"auto, (max-width: 1024px) 100vw, 1024px\" \/><\/p>\n<p data-uw-styling-context=\"true\">La VCCF et le Center for Nonprofit Leadership vous invitent \u00e0 prendre une tasse de caf\u00e9 et \u00e0 vous joindre \u00e0 nous pour\u00a0<strong data-uw-styling-context=\"true\">Caf\u00e9 &amp; Connexions<\/strong>! Coffee &amp; Connections est un programme pilote de mise en r\u00e9seau pour les professionnels du secteur \u00e0 but non lucratif, con\u00e7u pour\u00a0<strong data-uw-styling-context=\"true\">cultiver des relations communautaires mutuellement b\u00e9n\u00e9fiques autour d'objectifs et de missions communs<\/strong>.<\/p>\n<p data-uw-styling-context=\"true\">Ces \u00e9v\u00e9nements virtuels mensuels commenceront par une br\u00e8ve pr\u00e9sentation de la Ventura County Community Foundation et du Center for Nonprofit Leadership, et se poursuivront par des conversations anim\u00e9es avec des organisations locales \u00e0 but non lucratif afin de partager les missions, de discuter des d\u00e9fis et des r\u00e9ussites, et d'approfondir la compr\u00e9hension de notre communaut\u00e9 et de ses besoins.<\/p>\n<p data-uw-styling-context=\"true\">Les\u00a0<strong>Le prochain Caf\u00e9 &amp; Connexions aura lieu le 9 f\u00e9vrier<\/strong>\u00a0\u00e0 8h30 pour les nouveaux participants et \u00e0 9h30 pour l'appel principal. Cliquez sur le bouton ci-dessous pour vous inscrire (formulaires disponibles en anglais et en espagnol).<\/p>\n<p>S'inscrire ici<\/p>\n<h2 style=\"text-align: center;\">Le comt\u00e9 de Ventura s'est class\u00e9 au quatri\u00e8me rang national en mati\u00e8re de<br \/>\nl'obtention d'un financement de la FEMA pour la r\u00e9ponse \u00e0 la pand\u00e9mie<img loading=\"lazy\" decoding=\"async\" class=\"aligncenter wp-image-14654 size-large\" src=\"https:\/\/vccf.org\/wp-content\/uploads\/2022\/02\/771ff586-30c4-8eee-0776-3af1fc4f2700-1024x576.png\" alt=\"\" width=\"1024\" height=\"576\" srcset=\"https:\/\/vccf.org\/wp-content\/uploads\/2022\/02\/771ff586-30c4-8eee-0776-3af1fc4f2700-1024x576.png 1024w, https:\/\/vccf.org\/wp-content\/uploads\/2022\/02\/771ff586-30c4-8eee-0776-3af1fc4f2700-300x169.png 300w, https:\/\/vccf.org\/wp-content\/uploads\/2022\/02\/771ff586-30c4-8eee-0776-3af1fc4f2700-768x432.png 768w, https:\/\/vccf.org\/wp-content\/uploads\/2022\/02\/771ff586-30c4-8eee-0776-3af1fc4f2700-1536x864.png 1536w, https:\/\/vccf.org\/wp-content\/uploads\/2022\/02\/771ff586-30c4-8eee-0776-3af1fc4f2700-2048x1152.png 2048w, https:\/\/vccf.org\/wp-content\/uploads\/2022\/02\/771ff586-30c4-8eee-0776-3af1fc4f2700-18x10.png 18w\" sizes=\"auto, (max-width: 1024px) 100vw, 1024px\" \/><\/h2>\n<p>L'Agence f\u00e9d\u00e9rale de gestion des urgences (FEMA) \u00e9tablit un classement\u00a0<strong>Le comt\u00e9 de Ventura occupe la quatri\u00e8me place au niveau national pour ce qui est de l'obtention d'un financement pour la lutte contre le virus COVID-19<\/strong>. \"Le comt\u00e9 a adopt\u00e9 une approche agressive en demandant \u00e0 la FEMA de lui rembourser les $104 millions de co\u00fbts associ\u00e9s \u00e0 nos efforts de d\u00e9pistage, de vaccination, d'h\u00e9bergement non collectif et de livraison de repas au niveau local en 2020. Cette approche a constitu\u00e9 une t\u00e2che administrative ardue, mais elle a eu pour avantage de permettre \u00e0 notre comt\u00e9 de maximiser l'investissement dans la communaut\u00e9 avec plus de $150 millions d'aide locale\", a d\u00e9clar\u00e9 Mike Powers, directeur g\u00e9n\u00e9ral du comt\u00e9.<\/p>\n<h2 style=\"text-align: center;\"><strong>Webinaire de la VCCF sur l'analyse financi\u00e8re des organisations \u00e0 but non lucratif<\/strong><\/h2>\n<p>Premier d'une s\u00e9rie d'ateliers destin\u00e9s \u00e0 aider les d\u00e9tenteurs de fonds du VCCF \u00e0 octroyer des subventions,\u00a0<strong>Bonnie Gilles, directrice financi\u00e8re de la VCCF, et Tracy Tagawa, directrice de la conformit\u00e9, ont fait une pr\u00e9sentation sur l'analyse financi\u00e8re des organisations \u00e0 but non lucratif.<\/strong>. Regardez cet enregistrement en cliquant sur la vid\u00e9o ci-dessus. Un calendrier des \u00e9v\u00e9nements est disponible sur notre site web \u00e0 l'adresse suivante\u00a0<a href=\"https:\/\/vccf.org\/fr\/events\/donor-peer-network-calendar\/\">https:\/\/vccf.org\/events\/donor-peer-network-calendar\/<\/a>.<\/p>\n<h2 style=\"text-align: center;\"><strong>Devenez un lecteur de bourses d'\u00e9tudes de la VCCF !<\/strong><\/h2>\n<p><img loading=\"lazy\" decoding=\"async\" class=\"aligncenter wp-image-14655\" src=\"https:\/\/vccf.org\/wp-content\/uploads\/2022\/02\/bd1692d5-02f3-78e0-9201-27cb4e2c918f.jpg\" alt=\"\" width=\"900\" height=\"506\" srcset=\"https:\/\/vccf.org\/wp-content\/uploads\/2022\/02\/bd1692d5-02f3-78e0-9201-27cb4e2c918f.jpg 1024w, https:\/\/vccf.org\/wp-content\/uploads\/2022\/02\/bd1692d5-02f3-78e0-9201-27cb4e2c918f-300x169.jpg 300w, https:\/\/vccf.org\/wp-content\/uploads\/2022\/02\/bd1692d5-02f3-78e0-9201-27cb4e2c918f-768x432.jpg 768w, https:\/\/vccf.org\/wp-content\/uploads\/2022\/02\/bd1692d5-02f3-78e0-9201-27cb4e2c918f-18x10.jpg 18w\" sizes=\"auto, (max-width: 900px) 100vw, 900px\" \/><\/p>\n<p><strong>La VCCF accepte actuellement les candidatures pour les lecteurs de la bourse 2022.<\/strong>. Les lecteurs de bourses consacrent 15 \u00e0 20 heures entre le 11 mars 2022 et le 15 avril 2022 \u00e0 l'examen et \u00e0 la notation des demandes de bourses d'\u00e9tudes \u00e9manant d'\u00e9tudiants du comt\u00e9 de Ventura. La participation au comit\u00e9 d'examen des bourses d'\u00e9tudes est volontaire. Nous nous r\u00e9jouissons de l'int\u00e9r\u00eat de chacun \u00e0 rendre service et \u00e0 aider les \u00e9tudiants \u00e0 r\u00e9aliser leur plein potentiel.<\/p>\n<p>Si vous avez des questions sur la mani\u00e8re de devenir un lecteur de bourses du VCCF, veuillez contacter Cristina Miranda, directrice du programme de bourses du VCCF, par courrier \u00e9lectronique \u00e0 l'adresse suivante<a href=\"mailto:cmiranda@vccf.org\" target=\"_blank\" rel=\"noopener\">cmiranda@vccf.org<\/a>.<\/p>\n<h2 style=\"text-align: center;\" data-uw-styling-context=\"true\"><strong>Women's Economic Venture - Webinaire<\/strong><\/h2>\n<h2 style=\"text-align: center;\" data-uw-styling-context=\"true\"><img loading=\"lazy\" decoding=\"async\" class=\"aligncenter wp-image-14656 size-full\" src=\"https:\/\/vccf.org\/wp-content\/uploads\/2022\/02\/0b57a216-5c21-027d-98c7-c2435b66c35c.png\" alt=\"\" width=\"600\" height=\"150\" srcset=\"https:\/\/vccf.org\/wp-content\/uploads\/2022\/02\/0b57a216-5c21-027d-98c7-c2435b66c35c.png 600w, https:\/\/vccf.org\/wp-content\/uploads\/2022\/02\/0b57a216-5c21-027d-98c7-c2435b66c35c-300x75.png 300w, https:\/\/vccf.org\/wp-content\/uploads\/2022\/02\/0b57a216-5c21-027d-98c7-c2435b66c35c-18x5.png 18w\" sizes=\"auto, (max-width: 600px) 100vw, 600px\" \/><\/h2>\n<p data-uw-styling-context=\"true\">Les\u00a0<strong>Le projet \u00e9conomique des femmes<\/strong>\u00a0a organis\u00e9 la semaine derni\u00e8re un webinaire avec la coach en communication Kathy Gruver, intitul\u00e9\u00a0<strong>Dites quoi ? Comment communiquer n'importe quoi \u00e0 n'importe qui\", \"Dites-moi ce que vous voulez\", \"Dites-moi ce que vous voulez\", \"Dites-moi ce que vous voulez\".<\/strong>\u00a0anim\u00e9 par la coach en communication Kathy Gruver, peut \u00eatre visionn\u00e9 gratuitement. Cliquez sur le bouton ci-dessous pour visionner le webinaire, en utilisant le bouton\u00a0<strong>code d'acc\u00e8s Sj3?KzY#<\/strong><\/p>\n<p>Le WEV a pr\u00e9vu de nombreuses autres activit\u00e9s int\u00e9ressantes pour 2022. Toute personne souhaitant \u00eatre inform\u00e9e de nos s\u00e9ries de conf\u00e9rences et de nos webinaires peut recevoir ces informations en cliquant sur le lien suivant\u00a0<a href=\"https:\/\/www.wevonline.org\/get-connected\/\" target=\"_blank\" rel=\"noopener\">en s'inscrivant \u00e0 leur liste de diffusion ici<\/a>.<\/p>\n<h2 style=\"text-align: center;\"><strong>Le procureur g\u00e9n\u00e9ral de Californie accro\u00eet ses activit\u00e9s caritatives<br \/>\nFrais d'inscription et <\/strong><strong>Mise \u00e0 jour des formulaires d'inscription pour 2022<br \/>\n<\/strong><\/h2>\n<h2 style=\"text-align: center;\"><img loading=\"lazy\" decoding=\"async\" class=\"aligncenter wp-image-14657 size-large\" src=\"https:\/\/vccf.org\/wp-content\/uploads\/2022\/02\/d279ad78-ef76-8315-c1cc-458932296c46-1024x555.jpeg\" alt=\"\" width=\"1024\" height=\"555\" srcset=\"https:\/\/vccf.org\/wp-content\/uploads\/2022\/02\/d279ad78-ef76-8315-c1cc-458932296c46-1024x555.jpeg 1024w, https:\/\/vccf.org\/wp-content\/uploads\/2022\/02\/d279ad78-ef76-8315-c1cc-458932296c46-300x162.jpeg 300w, https:\/\/vccf.org\/wp-content\/uploads\/2022\/02\/d279ad78-ef76-8315-c1cc-458932296c46-768x416.jpeg 768w, https:\/\/vccf.org\/wp-content\/uploads\/2022\/02\/d279ad78-ef76-8315-c1cc-458932296c46-18x10.jpeg 18w, https:\/\/vccf.org\/wp-content\/uploads\/2022\/02\/d279ad78-ef76-8315-c1cc-458932296c46.jpeg 1058w\" sizes=\"auto, (max-width: 1024px) 100vw, 1024px\" \/><\/h2>\n<p>\u00c0 compter du 1er janvier 2022, le\u00a0<strong>Le California Attorney General Registry of Charitable Trusts introduit un nouveau bar\u00e8me de droits de d\u00e9p\u00f4t et des formulaires actualis\u00e9s pour la plupart des types d'organisations.<\/strong>Les services de collecte de fonds comprennent les organisations caritatives, les conventions commerciales, les conseils en mati\u00e8re de collecte de fonds, les collecteurs de fonds commerciaux et les d\u00e9clarants de tirages au sort.<\/p>\n<p>Les repr\u00e9sentants de chacun de ces types d'organisations sont invit\u00e9s \u00e0 poursuivre leur lecture pour s'informer sur l'augmentation des taxes et les nouveaux formulaires.<\/p>\n<h2 style=\"text-align: center;\">805 UndocuFund Rapport de financement 2020-2021<\/h2>\n<h2 style=\"text-align: center;\"><img loading=\"lazy\" decoding=\"async\" class=\"aligncenter wp-image-14658 size-full\" src=\"https:\/\/vccf.org\/wp-content\/uploads\/2022\/02\/4e8ed4e0-28c2-4b66-a0bd-a0e779b5be46.png\" alt=\"\" width=\"940\" height=\"788\" srcset=\"https:\/\/vccf.org\/wp-content\/uploads\/2022\/02\/4e8ed4e0-28c2-4b66-a0bd-a0e779b5be46.png 940w, https:\/\/vccf.org\/wp-content\/uploads\/2022\/02\/4e8ed4e0-28c2-4b66-a0bd-a0e779b5be46-300x251.png 300w, https:\/\/vccf.org\/wp-content\/uploads\/2022\/02\/4e8ed4e0-28c2-4b66-a0bd-a0e779b5be46-768x644.png 768w, https:\/\/vccf.org\/wp-content\/uploads\/2022\/02\/4e8ed4e0-28c2-4b66-a0bd-a0e779b5be46-14x12.png 14w\" sizes=\"auto, (max-width: 940px) 100vw, 940px\" \/><\/h2>\n<p><strong>805 UndocuFund a publi\u00e9 son rapport final de financement<\/strong>illustrant l'impact des donateurs lors de la pand\u00e9mie de Covid-19. Cliquez sur le bouton ci-dessous pour en savoir plus sur l'impact des dons par r\u00e9gion et par secteur d'emploi ou pour consulter les chiffres relatifs aux dons, notamment\u00a0<strong>$6 074 360 euros d'aide Covid-19 distribu\u00e9s \u00e0 13 441 personnes<\/strong>.<\/p>\n<h2 class=\"null\" style=\"text-align: center;\">Le pouvoir de la communaut\u00e9<\/h2>\n<h3 style=\"text-align: center;\">Bonnes nouvelles de VOTRE communaut\u00e9 du comt\u00e9 de Ventura<\/h3>\n<p><img loading=\"lazy\" decoding=\"async\" class=\"aligncenter wp-image-14498 size-full\" src=\"https:\/\/vccf.org\/wp-content\/uploads\/2021\/12\/power-of-community.png\" alt=\"\" width=\"820\" height=\"312\" srcset=\"https:\/\/vccf.org\/wp-content\/uploads\/2021\/12\/power-of-community.png 820w, https:\/\/vccf.org\/wp-content\/uploads\/2021\/12\/power-of-community-300x114.png 300w, https:\/\/vccf.org\/wp-content\/uploads\/2021\/12\/power-of-community-768x292.png 768w, https:\/\/vccf.org\/wp-content\/uploads\/2021\/12\/power-of-community-18x7.png 18w\" sizes=\"auto, (max-width: 820px) 100vw, 820px\" \/><\/p>\n<h2 style=\"text-align: center;\">Kidstream - Mus\u00e9e des enfants du comt\u00e9 de Ventura<\/h2>\n<p><\/p>\n<p>En ce d\u00e9but d'ann\u00e9e 2022, de nouvelles opportunit\u00e9s s'offrent \u00e0 notre communaut\u00e9.\u00a0<strong>KidSTREAM, le mus\u00e9e des enfants du comt\u00e9 de Ventura<\/strong>\u00a0est un exemple de l'espoir qu'apporte 2022. Participez \u00e0 cette nouvelle phase de croissance passionnante, alors que kidSTREAM se pr\u00e9pare \u00e0 accro\u00eetre son impact de mani\u00e8re exponentielle en atteignant des centaines de milliers de personnes chaque ann\u00e9e gr\u00e2ce \u00e0 l'\u00e9largissement de son empreinte.<\/p>\n<p lang=\"EN-US\" xml:lang=\"EN-US\">KidSTREAM est devenu officiellement une organisation \u00e0 but non lucratif en 2016.\u00a0<strong>s'engage \u00e0 \u00eatre un lieu o\u00f9 les enfants peuvent explorer, jouer et d\u00e9couvrir<\/strong>L'objectif de kidSTREAM est de cr\u00e9er des penseurs critiques, des innovateurs et des apprenants tout au long de la vie en utilisant l'apprentissage pratique et les expositions. En 2021, le conseil municipal de Camarillo a vot\u00e9 \u00e0 l'unanimit\u00e9 le transfert de l'utilisation de deux acres de terrain et d'un ancien b\u00e2timent de biblioth\u00e8que \u00e0 kidSTREAM, qui ouvrira bient\u00f4t son mus\u00e9e pour enfants au public.<\/p>\n<p lang=\"EN-US\" xml:lang=\"EN-US\">Regardez la vid\u00e9o pour suivre le parcours de kidSTREAM, depuis sa transformation en organisation \u00e0 but non lucratif en 2016, jusqu'aux prochaines \u00e9tapes et aux jalons pour l'avenir, tout en pr\u00e9parant les derni\u00e8res \u00e9tapes pour ouvrir leurs portes et accro\u00eetre l'impact positif qu'ils ont sur les enfants de notre communaut\u00e9 locale.<\/p>","protected":false},"excerpt":{"rendered":"<p>Ch\u00e8re famille de la Ventura County Community Foundation, J'ai du mal \u00e0 croire que nous entamons une nouvelle ann\u00e9e et la troisi\u00e8me ann\u00e9e que notre communaut\u00e9...<\/p>","protected":false},"author":3,"featured_media":14663,"comment_status":"closed","ping_status":"closed","sticky":false,"template":"","format":"standard","meta":{"_acf_changed":false,"give_campaign_id":0,"footnotes":""},"categories":[24],"tags":[],"class_list":["post-14651","post","type-post","status-publish","format-standard","has-post-thumbnail","hentry","category-newsletters"],"acf":[],"_links":{"self":[{"href":"https:\/\/vccf.org\/fr\/wp-json\/wp\/v2\/posts\/14651","targetHints":{"allow":["GET"]}}],"collection":[{"href":"https:\/\/vccf.org\/fr\/wp-json\/wp\/v2\/posts"}],"about":[{"href":"https:\/\/vccf.org\/fr\/wp-json\/wp\/v2\/types\/post"}],"author":[{"embeddable":true,"href":"https:\/\/vccf.org\/fr\/wp-json\/wp\/v2\/users\/3"}],"replies":[{"embeddable":true,"href":"https:\/\/vccf.org\/fr\/wp-json\/wp\/v2\/comments?post=14651"}],"version-history":[{"count":0,"href":"https:\/\/vccf.org\/fr\/wp-json\/wp\/v2\/posts\/14651\/revisions"}],"wp:featuredmedia":[{"embeddable":true,"href":"https:\/\/vccf.org\/fr\/wp-json\/wp\/v2\/media\/14663"}],"wp:attachment":[{"href":"https:\/\/vccf.org\/fr\/wp-json\/wp\/v2\/media?parent=14651"}],"wp:term":[{"taxonomy":"category","embeddable":true,"href":"https:\/\/vccf.org\/fr\/wp-json\/wp\/v2\/categories?post=14651"},{"taxonomy":"post_tag","embeddable":true,"href":"https:\/\/vccf.org\/fr\/wp-json\/wp\/v2\/tags?post=14651"}],"curies":[{"name":"wp","href":"https:\/\/api.w.org\/{rel}","templated":true}]}}