{"id":15727,"date":"2022-05-31T15:25:06","date_gmt":"2022-05-31T22:25:06","guid":{"rendered":"https:\/\/vccf.org\/?p=15727"},"modified":"2025-03-03T03:53:36","modified_gmt":"2025-03-03T11:53:36","slug":"power-of-purpose-may-31-2022","status":"publish","type":"post","link":"https:\/\/vccf.org\/fr\/power-of-purpose-may-31-2022\/","title":{"rendered":"La puissance de l'objectif - 31 mai 2022"},"content":{"rendered":"<p><img loading=\"lazy\" decoding=\"async\" class=\"wp-image-14303 size-full aligncenter\" src=\"https:\/\/vccf.org\/wp-content\/uploads\/2021\/12\/0ea2f070-926c-4b9e-fc28-bf93f02f9fe2.png\" alt=\"\" width=\"600\" height=\"301\" srcset=\"https:\/\/vccf.org\/wp-content\/uploads\/2021\/12\/0ea2f070-926c-4b9e-fc28-bf93f02f9fe2.png 600w, https:\/\/vccf.org\/wp-content\/uploads\/2021\/12\/0ea2f070-926c-4b9e-fc28-bf93f02f9fe2-300x151.png 300w, https:\/\/vccf.org\/wp-content\/uploads\/2021\/12\/0ea2f070-926c-4b9e-fc28-bf93f02f9fe2-18x9.png 18w\" sizes=\"auto, (max-width: 600px) 100vw, 600px\" \/><\/p>\n<div>\n<p><em>Ch\u00e8re famille de la Ventura County Community Foundation,<\/em><\/p>\n<p><em>Comme chacun d'entre vous, nous avons le c\u0153ur lourd en apprenant la nouvelle d\u00e9vastatrice de la fusillade d'Uvalde, dans le sillage de celles de Buffalo, du comt\u00e9 d'Orange et de centaines d'autres actes de violence arm\u00e9e de masse survenus dans notre pays depuis le d\u00e9but de cette seule ann\u00e9e. Vous avez \u00e9t\u00e9 nombreux \u00e0 nous contacter pour savoir comment vous pourriez aider au mieux les personnes touch\u00e9es par les trag\u00e9dies les plus r\u00e9centes. Les organisations \u00e0 but non lucratif \u00e9num\u00e9r\u00e9es ci-dessous sont des partenaires que nous connaissons et en qui nous avons confiance, et elles travaillent avec diligence pour apporter leur aide. Nous nous ferons un plaisir de vous mettre en contact avec elles si vous le souhaitez.<\/em><\/p>\n<\/div>\n<ul>\n<li><em>La San Antonio Area Foundation et la Community Foundation of the Texas Hill Country se sont associ\u00e9es pour ouvrir la\u00a0<a href=\"https:\/\/saafdn.fcsuite.com\/erp\/donate\/\" target=\"_blank\" rel=\"noopener\">Fonds Uvalde Strong et Fonds Uvalde Strong pour les survivants<\/a>\u00a0pour soutenir les familles touch\u00e9es et les organisations \u00e0 but non lucratif qui apportent un soutien imm\u00e9diat et \u00e0 long terme \u00e0 la communaut\u00e9.<\/em><\/li>\n<li><em>La Community Foundation for Greater Buffalo (Fondation communautaire pour le Grand Buffalo) a ouvert le\u00a0<a href=\"https:\/\/www.buffalotogetherfund.org\/\" target=\"_blank\" rel=\"noopener\">Fonds d'intervention communautaire Buffalo Together.<\/a><\/em><\/li>\n<li><em>Le Council on Foundations a cr\u00e9\u00e9 une page de ressources sur les th\u00e8mes suivants\u00a0<a href=\"https:\/\/www.cof.org\/news\/philanthropys-response-gun-violence-and-mass-shootings\" target=\"_blank\" rel=\"noopener\">la r\u00e9ponse de la philanthropie \u00e0 la violence arm\u00e9e et aux fusillades de masse.<\/a><\/em><\/li>\n<\/ul>\n<div>\n<p><em>Si nous pouvons vous apporter un soutien suppl\u00e9mentaire, n'h\u00e9sitez pas \u00e0 nous contacter. Nous sommes l\u00e0 pour vous.<\/em><\/p>\n<p><em>Je vous prie d'agr\u00e9er, Monsieur le Pr\u00e9sident, l'expression de mes sentiments distingu\u00e9s,<\/em><br \/>\n<em>Jeffrey<\/em><br \/>\n<em>Jeffrey Lambert, directeur g\u00e9n\u00e9ral de la VCCF<\/em><\/p>\n<\/div>\n<p>Ch\u00e8re famille de la Ventura County Community Foundation,<\/p>\n<p>Ce matin, en \u00e9coutant l'album\u00a0<em>Th\u00e9 pour le Tillerman<\/em>\u00a0de Cat Stevens, j'ai pens\u00e9 \u00e0 vous. J'ai r\u00e9cemment appris que Stevens avait cr\u00e9\u00e9 son album de 1970 apr\u00e8s s'\u00eatre remis de la tuberculose \u00e0 l'\u00e2ge de 22 ans. Cela tombe bien, j'ai d\u00e9couvert ce fait alors que je luttais r\u00e9cemment contre un cas plus difficile de Covid-19. Je dois dire que j'ai trouv\u00e9 une telle paix dans la musique de Stevens au cours de mon processus de gu\u00e9rison et, alors que nous \u00e9levons le\u00a0<strong>Mois de la sensibilisation \u00e0 la sant\u00e9 mentale<\/strong>Je nous encourage tous \u00e0\u00a0<strong>c\u00e9l\u00e9brer le pouvoir de gu\u00e9rison des arts<\/strong>.<\/p>\n<p><strong>Angelina\u00a0<\/strong><strong>Lea\u00f1os<\/strong><strong>Le po\u00e8te laur\u00e9at de la jeunesse locale<\/strong>L'auteur de l'article a saisi cette relation puissante entre notre bien-\u00eatre \u00e9motionnel et les arts dans\u00a0<strong>son po\u00e8me exquis \"<em>Art, Mi Amor<\/em>.&#8221;<\/strong>\u00a0La lecture de l'\u00e9mouvant article de Lea\u00f1os me rappelle que nous disposons d'une telle richesse de\u00a0<strong><em>local<\/em><\/strong> dans notre communaut\u00e9. Sans aucun doute,\u00a0<strong>Le comt\u00e9 de Ventura est un leader national en mati\u00e8re de cr\u00e9ativit\u00e9<\/strong>La Commission europ\u00e9enne a r\u00e9cemment \u00e9t\u00e9 d\u00e9sign\u00e9e comme l'une des plus importantes institutions de l'Union europ\u00e9enne dans le domaine de la sant\u00e9.\u00a0<a href=\"https:\/\/culturaldata.org\/media\/2152\/arts-vibrancy-index-report-vi_smu-dataarts_sept2020.pdf\" target=\"_blank\" rel=\"noopener\">Les 10 collectivit\u00e9s de taille moyenne les plus dynamiques sur le plan artistique aux \u00c9tats-Unis<\/a><\/p>\n<p>Aidez-nous \u00e0 faire conna\u00eetre les nombreuses fa\u00e7ons d'appr\u00e9cier les arts dans notre communaut\u00e9, notamment en assistant \u00e0 des spectacles en direct dans les lieux suivants\u00a0<a href=\"https:\/\/www.teatrotheater.com\/\" target=\"_blank\" rel=\"noopener\">Teatro\u00a0<\/a>dans le centre-ville d'Oxnard ; joue \u00e0\u00a0<a href=\"https:\/\/www.rubicontheatre.org\/\" target=\"_blank\" rel=\"noopener\">Compagnie th\u00e9\u00e2trale Rubicon<\/a>; musique en direct au\u00a0<a href=\"https:\/\/bapacthousandoaks.com\/\" target=\"_blank\" rel=\"noopener\">Th\u00e9\u00e2tres Thousand Oaks Civic Arts Plaza<\/a>\u00a0et le\u00a0<a href=\"https:\/\/www.oxnardperformingarts.com\/\" target=\"_blank\" rel=\"noopener\">Centre des arts du spectacle d'Oxnard<\/a>; des expositions passionnantes \u00e0\u00a0<a href=\"https:\/\/studiochannelislands.org\/\" target=\"_blank\" rel=\"noopener\">Studio Channel Islands<\/a>, le\u00a0<a href=\"https:\/\/venturamuseum.org\/\" target=\"_blank\" rel=\"noopener\">Mus\u00e9e du comt\u00e9 de Ventura<\/a>et\u00a0<a href=\"https:\/\/www.santapaulaartmuseum.org\/\" target=\"_blank\" rel=\"noopener\">Mus\u00e9e d'art de Santa Paula<\/a>et bien plus encore ! La plupart de ces pr\u00e9cieux organismes \u00e0 but non lucratif parrainent des journ\u00e9es communautaires et des moyens de participer, quels que soient les moyens financiers.<\/p>\n<p>Enfin, je tiens \u00e0 saluer\u00a0<strong>le conseil des superviseurs du comt\u00e9 de Ventura, qui a r\u00e9cemment approuv\u00e9 la nomination d'un nouveau directeur des arts et de la culture<\/strong>. Ce poste de direction passionnant consistera \u00e0 aider nos organisations artistiques locales \u00e0 prosp\u00e9rer et \u00e0 entrer en contact avec les possibilit\u00e9s de financement du gouvernement. Nous pensons que ce poste ne pourrait \u00eatre plus important pour la sant\u00e9 et le dynamisme de notre communaut\u00e9.<\/p>\n<p>Je vous souhaite bonne chance,<br \/>\nVanessa<br \/>\n<em>Vanessa Bechtel, pr\u00e9sidente-directrice g\u00e9n\u00e9rale de la VCCF<\/em><\/p>\n<h2 class=\"null\" style=\"text-align: center;\"><strong>&#8220;<em>Art, Mi Amor<\/em>\"par Angelina Lea\u00f1os\u00a0<\/strong><\/h2>\n<p><\/p>\n<p>Regarder\u00a0<strong>2020-2021 Ventura County Youth Poet Laureate Angelina a lu son puissant po\u00e8me \"<em>Art, Mi Amor,<\/em>&#8220;<\/strong>\u00a0une pi\u00e8ce \u00e9mouvante sur l'importance des arts dans notre monde et nos vies.<\/p>\n<p>Angelina est \u00e9tudiante \u00e0 l'Universit\u00e9 luth\u00e9rienne de Californie. Au lyc\u00e9e, elle a remport\u00e9 le\u00a0<strong>Po\u00e9sie \u00e0 voix haute<\/strong>\u00a0Elle a particip\u00e9 \u00e0 de nombreuses comp\u00e9titions au niveau de l'\u00e9cole et du comt\u00e9 et est depuis revenue en tant qu'entra\u00eeneur de r\u00e9citation pour le comt\u00e9 de Ventura. Elle est\u00a0<strong>membre du conseil d'administration du Ventura County Arts Council<\/strong>\u00a0et est \u00e9galement le\u00a0<strong>le plus jeune po\u00e8te de l'histoire de California Poets in the Schools<\/strong>\u00a0au sein de leur conseil d'administration.<\/p>\n<h2 style=\"text-align: center;\"><strong>Le mois de mai est le mois de la sensibilisation \u00e0 la sant\u00e9 mentale<\/strong><\/h2>\n<p><\/p>\n<p style=\"text-align: center;\"><img loading=\"lazy\" decoding=\"async\" class=\"wp-image-15728 size-medium alignnone\" src=\"https:\/\/vccf.org\/wp-content\/uploads\/2022\/06\/4-6-300x300.png\" alt=\"\" width=\"300\" height=\"300\" srcset=\"https:\/\/vccf.org\/wp-content\/uploads\/2022\/06\/4-6-300x300.png 300w, https:\/\/vccf.org\/wp-content\/uploads\/2022\/06\/4-6-1024x1024.png 1024w, https:\/\/vccf.org\/wp-content\/uploads\/2022\/06\/4-6-150x150.png 150w, https:\/\/vccf.org\/wp-content\/uploads\/2022\/06\/4-6-768x768.png 768w, https:\/\/vccf.org\/wp-content\/uploads\/2022\/06\/4-6-12x12.png 12w, https:\/\/vccf.org\/wp-content\/uploads\/2022\/06\/4-6.png 1080w\" sizes=\"auto, (max-width: 300px) 100vw, 300px\" \/><img loading=\"lazy\" decoding=\"async\" class=\"wp-image-15729 size-medium alignnone\" src=\"https:\/\/vccf.org\/wp-content\/uploads\/2022\/06\/2-12-300x300.png\" alt=\"\" width=\"300\" height=\"300\" srcset=\"https:\/\/vccf.org\/wp-content\/uploads\/2022\/06\/2-12-300x300.png 300w, https:\/\/vccf.org\/wp-content\/uploads\/2022\/06\/2-12-1024x1024.png 1024w, https:\/\/vccf.org\/wp-content\/uploads\/2022\/06\/2-12-150x150.png 150w, https:\/\/vccf.org\/wp-content\/uploads\/2022\/06\/2-12-768x768.png 768w, https:\/\/vccf.org\/wp-content\/uploads\/2022\/06\/2-12-12x12.png 12w, https:\/\/vccf.org\/wp-content\/uploads\/2022\/06\/2-12.png 1080w\" sizes=\"auto, (max-width: 300px) 100vw, 300px\" \/><\/p>\n<p>En cette fin de mois de mai, nous souhaitons c\u00e9l\u00e9brer le Mois national de la sensibilisation \u00e0 la sant\u00e9 mentale. Des millions d'Am\u00e9ricains vivent avec une maladie mentale et l'objectif de ce mois est de lutter contre la stigmatisation li\u00e9e au fait de parler de sant\u00e9 mentale, d'apporter un soutien aux personnes atteintes d'une maladie mentale, d'\u00e9duquer le public et de plaider en faveur de politiques qui soutiennent les personnes atteintes d'une maladie mentale.<\/p>\n<p>La n\u00e9cessit\u00e9 de ces changements est devenue encore plus \u00e9vidente au cours des deux derni\u00e8res ann\u00e9es, pendant la pand\u00e9mie. En 2021, Interface a pris en charge plus de 12 000 r\u00e9sidents du comt\u00e9 de Ventura ayant besoin de soins de sant\u00e9 mentale ou de traitement des traumatismes. C'est pourquoi la VCCF soutient les programmes de sant\u00e9 mentale et de traitement des traumatismes d'Interface Children &amp; Family Services.<\/p>\n<h2 style=\"text-align: center;\"><strong>Bourses d'\u00e9tudes de la VCCF - $1.4 Million<br \/>\nR\u00e9compens\u00e9s cette saison !<\/strong><\/h2>\n<p><\/p>\n<p style=\"text-align: center;\"><img loading=\"lazy\" decoding=\"async\" class=\"alignnone wp-image-15730\" src=\"https:\/\/vccf.org\/wp-content\/uploads\/2022\/06\/scholarships-2022-congratulations.png\" alt=\"\" width=\"600\" height=\"372\" srcset=\"https:\/\/vccf.org\/wp-content\/uploads\/2022\/06\/scholarships-2022-congratulations.png 1100w, https:\/\/vccf.org\/wp-content\/uploads\/2022\/06\/scholarships-2022-congratulations-300x186.png 300w, https:\/\/vccf.org\/wp-content\/uploads\/2022\/06\/scholarships-2022-congratulations-1024x635.png 1024w, https:\/\/vccf.org\/wp-content\/uploads\/2022\/06\/scholarships-2022-congratulations-768x476.png 768w, https:\/\/vccf.org\/wp-content\/uploads\/2022\/06\/scholarships-2022-congratulations-18x12.png 18w\" sizes=\"auto, (max-width: 600px) 100vw, 600px\" \/><\/p>\n<p>La VCCF est fi\u00e8re d'annoncer qu'elle va envoyer ses bourses d'\u00e9tudes 2022 \u00e0 des centaines d'\u00e9tudiants brillants et m\u00e9ritants dans tout le pays ! Cette ann\u00e9e,\u00a0<strong>plus de $1 417 700 euros de bourses d'\u00e9tudes<\/strong>\u00a0sont envoy\u00e9es aux\u00a0<strong>318 \u00e9tudiants individuels<\/strong>, avec un total de\u00a0<strong>461 bourses d'\u00e9tudes attribu\u00e9es cette ann\u00e9e<\/strong>. F\u00e9licitations \u00e0 tous les \u00e9tudiants brillants, talentueux et travailleurs qui ont pers\u00e9v\u00e9r\u00e9 dans la poursuite de leurs \u00e9tudes au milieu d'une pand\u00e9mie.<\/p>\n<p>Les bourses de cette ann\u00e9e repr\u00e9sentent une tendance incroyable : $1,05 million pour 227 \u00e9tudiants en 2019, et les dons n'ont fait qu'augmenter depuis lors\u00a0<strong>gr\u00e2ce \u00e0 la g\u00e9n\u00e9rosit\u00e9 des donateurs de bourses d'\u00e9tudes de la VCCF qui a chang\u00e9 des vies<\/strong>\u00a0qui continuent d'assurer l'avenir du comt\u00e9 de Ventura.<\/p>\n<p>Alors que les \u00e9tudiants terminent leur semestre et partent en vacances d'\u00e9t\u00e9, l'Institut de recherche et de formation de l'Union europ\u00e9enne (IRU) a mis en place un programme de formation \u00e0 l'intention des \u00e9tudiants.\u00a0<strong>L'\u00e9quipe de la VCCF charg\u00e9e des bourses d'\u00e9tudes<\/strong>,\u00a0<strong>Cristina Miranda, directrice de la bourse, et Malena McKaba, assistante de la bourse<\/strong>Les deux membres de l'\u00e9quipe d'encadrement ont travaill\u00e9 sans rel\u00e2che pour terminer la saison et envoyer les bourses d'\u00e9tudes de cette ann\u00e9e. Nous vous remercions tous les deux pour votre travail acharn\u00e9 !<\/p>\n<p>Et une derni\u00e8re\u00a0<strong>Merci au comit\u00e9 des bourses de la VCCF<\/strong>. Ces b\u00e9n\u00e9voles ont permis \u00e0 la VCCF et \u00e0 ses donateurs d'attribuer pr\u00e8s de $1,4 million de bourses d'\u00e9tudes \u00e0 nos \u00e9tudiants locaux. Nous vous appr\u00e9cions tous et ne serions pas en mesure d'accomplir cela sans vous !<\/p>\n<h2 style=\"text-align: center;\"><strong>Rencontrez Laura Brooks<\/strong><\/h2>\n<p><img loading=\"lazy\" decoding=\"async\" class=\"aligncenter wp-image-22644 size-full\" src=\"https:\/\/vccf.org\/wp-content\/uploads\/2022\/05\/laura-brooks-header-scaled-2.jpg\" alt=\"\" width=\"1920\" height=\"1280\" srcset=\"https:\/\/vccf.org\/wp-content\/uploads\/2022\/05\/laura-brooks-header-scaled-2.jpg 1920w, https:\/\/vccf.org\/wp-content\/uploads\/2022\/05\/laura-brooks-header-scaled-2-300x200.jpg 300w, https:\/\/vccf.org\/wp-content\/uploads\/2022\/05\/laura-brooks-header-scaled-2-1024x683.jpg 1024w, https:\/\/vccf.org\/wp-content\/uploads\/2022\/05\/laura-brooks-header-scaled-2-768x512.jpg 768w, https:\/\/vccf.org\/wp-content\/uploads\/2022\/05\/laura-brooks-header-scaled-2-1536x1024.jpg 1536w, https:\/\/vccf.org\/wp-content\/uploads\/2022\/05\/laura-brooks-header-scaled-2-18x12.jpg 18w\" sizes=\"auto, (max-width: 1920px) 100vw, 1920px\" \/>La VCCF a eu l'occasion de s'entretenir avec\u00a0<strong>notre donatrice-cliente Laura Brooks<\/strong><strong>\u00a0<\/strong>et d\u00e9couvrez sa passion pour le programme de bourses d'\u00e9tudes de la VCCF en tant que b\u00e9n\u00e9vole au sein du comit\u00e9 des bourses d'\u00e9tudes et pour la bourse d'\u00e9tudes comm\u00e9morative de son fils. Cliquez sur le bouton ci-dessous pour lire son interview.<\/p>\n<h2 style=\"text-align: center;\" data-uw-styling-context=\"true\"><strong>Le directeur g\u00e9n\u00e9ral de la VCCF nomm\u00e9 membre de l'AICP<\/strong><\/h2>\n<p><img loading=\"lazy\" decoding=\"async\" class=\"wp-image-14824 aligncenter\" src=\"https:\/\/vccf.org\/wp-content\/uploads\/2022\/02\/jeff-screenshot.png\" alt=\"\" width=\"600\" height=\"312\" srcset=\"https:\/\/vccf.org\/wp-content\/uploads\/2022\/02\/jeff-screenshot.png 1062w, https:\/\/vccf.org\/wp-content\/uploads\/2022\/02\/jeff-screenshot-300x156.png 300w, https:\/\/vccf.org\/wp-content\/uploads\/2022\/02\/jeff-screenshot-1024x533.png 1024w, https:\/\/vccf.org\/wp-content\/uploads\/2022\/02\/jeff-screenshot-768x400.png 768w, https:\/\/vccf.org\/wp-content\/uploads\/2022\/02\/jeff-screenshot-18x9.png 18w\" sizes=\"auto, (max-width: 600px) 100vw, 600px\" \/><\/p>\n<p>Nous tenons \u00e0 f\u00e9liciter\u00a0<strong>Jeffrey Lambert, directeur g\u00e9n\u00e9ral de la VCCF<\/strong>\u00a0pour avoir \u00e9t\u00e9 nomm\u00e9e \u00e0 la\u00a0<strong>prestigieux American Institute of Certified Planners (AICP) College of Fellows<\/strong>\u00a0pour son\u00a0<strong>r\u00e9alisations exceptionnelles en mati\u00e8re d'urbanisme<\/strong>. Jeff et les autres membres de la classe 2022 ont \u00e9t\u00e9 honor\u00e9s lors de la conf\u00e9rence nationale de planification \u00e0 San Diego au d\u00e9but du mois pour recevoir ce prix. Le Coll\u00e8ge des Fellows de l'AICP est l'organe de l'AICP le plus important au monde.\u00a0<strong>la plus haute distinction de la profession de planificateur<\/strong>. Les Fellows sont nomm\u00e9s par leurs pairs en reconnaissance de leurs contributions significatives en tant qu'urbanistes professionnels, car leurs efforts ont apport\u00e9 des am\u00e9liorations remarquables et transformationnelles \u00e0 leurs communaut\u00e9s.\u00a0<strong>F\u00e9licitations, Jeff !<\/strong>Lire la suite<\/p>\n<h2 class=\"null\" style=\"text-align: center;\" data-uw-styling-context=\"true\"><strong>Le pouvoir de la communaut\u00e9<\/strong><\/h2>\n<h3 style=\"text-align: center;\">Bonnes nouvelles de VOTRE communaut\u00e9 du comt\u00e9 de Ventura<\/h3>\n<p><img loading=\"lazy\" decoding=\"async\" class=\"wp-image-14498 aligncenter\" src=\"https:\/\/vccf.org\/wp-content\/uploads\/2021\/12\/power-of-community.png\" alt=\"\" width=\"600\" height=\"228\" srcset=\"https:\/\/vccf.org\/wp-content\/uploads\/2021\/12\/power-of-community.png 820w, https:\/\/vccf.org\/wp-content\/uploads\/2021\/12\/power-of-community-300x114.png 300w, https:\/\/vccf.org\/wp-content\/uploads\/2021\/12\/power-of-community-768x292.png 768w, https:\/\/vccf.org\/wp-content\/uploads\/2021\/12\/power-of-community-18x7.png 18w\" sizes=\"auto, (max-width: 600px) 100vw, 600px\" \/><\/p>\n<h3 class=\"null\" style=\"text-align: center;\"><strong>Ligue d'adoption et de sauvetage des chiens<\/strong><br \/>\n<strong>Centre de soins pour animaux de CARL<\/strong><\/h3>\n<p style=\"text-align: center;\"><img loading=\"lazy\" decoding=\"async\" class=\"alignnone wp-image-22645 size-medium\" src=\"https:\/\/vccf.org\/wp-content\/uploads\/2022\/05\/img_4869-scaled-2-300x225.jpeg\" alt=\"\" width=\"300\" height=\"225\" srcset=\"https:\/\/vccf.org\/wp-content\/uploads\/2022\/05\/img_4869-scaled-2-300x225.jpeg 300w, https:\/\/vccf.org\/wp-content\/uploads\/2022\/05\/img_4869-scaled-2-1024x768.jpeg 1024w, https:\/\/vccf.org\/wp-content\/uploads\/2022\/05\/img_4869-scaled-2-768x576.jpeg 768w, https:\/\/vccf.org\/wp-content\/uploads\/2022\/05\/img_4869-scaled-2-1536x1152.jpeg 1536w, https:\/\/vccf.org\/wp-content\/uploads\/2022\/05\/img_4869-scaled-2-16x12.jpeg 16w, https:\/\/vccf.org\/wp-content\/uploads\/2022\/05\/img_4869-scaled-2.jpeg 1920w\" sizes=\"auto, (max-width: 300px) 100vw, 300px\" \/><img loading=\"lazy\" decoding=\"async\" class=\"wp-image-15500 alignnone\" src=\"https:\/\/vccf.org\/wp-content\/uploads\/2022\/05\/img_4865-dog.jpeg\" alt=\"\" width=\"300\" height=\"240\" srcset=\"https:\/\/vccf.org\/wp-content\/uploads\/2022\/05\/img_4865-dog.jpeg 1536w, https:\/\/vccf.org\/wp-content\/uploads\/2022\/05\/img_4865-dog-300x240.jpeg 300w, https:\/\/vccf.org\/wp-content\/uploads\/2022\/05\/img_4865-dog-1024x819.jpeg 1024w, https:\/\/vccf.org\/wp-content\/uploads\/2022\/05\/img_4865-dog-768x615.jpeg 768w, https:\/\/vccf.org\/wp-content\/uploads\/2022\/05\/img_4865-dog-15x12.jpeg 15w\" sizes=\"auto, (max-width: 300px) 100vw, 300px\" \/><\/p>\n<p style=\"text-align: center;\"><img loading=\"lazy\" decoding=\"async\" class=\"alignnone wp-image-22646 size-medium\" src=\"https:\/\/vccf.org\/wp-content\/uploads\/2022\/05\/img_4862-scaled-2-300x225.jpeg\" alt=\"\" width=\"300\" height=\"225\" srcset=\"https:\/\/vccf.org\/wp-content\/uploads\/2022\/05\/img_4862-scaled-2-300x225.jpeg 300w, https:\/\/vccf.org\/wp-content\/uploads\/2022\/05\/img_4862-scaled-2-1024x768.jpeg 1024w, https:\/\/vccf.org\/wp-content\/uploads\/2022\/05\/img_4862-scaled-2-768x576.jpeg 768w, https:\/\/vccf.org\/wp-content\/uploads\/2022\/05\/img_4862-scaled-2-1536x1152.jpeg 1536w, https:\/\/vccf.org\/wp-content\/uploads\/2022\/05\/img_4862-scaled-2-16x12.jpeg 16w, https:\/\/vccf.org\/wp-content\/uploads\/2022\/05\/img_4862-scaled-2.jpeg 1920w\" sizes=\"auto, (max-width: 300px) 100vw, 300px\" \/><img loading=\"lazy\" decoding=\"async\" class=\"alignnone wp-image-22647 size-medium\" src=\"https:\/\/vccf.org\/wp-content\/uploads\/2022\/05\/img_4861-scaled-2-300x225.jpeg\" alt=\"\" width=\"300\" height=\"225\" srcset=\"https:\/\/vccf.org\/wp-content\/uploads\/2022\/05\/img_4861-scaled-2-300x225.jpeg 300w, https:\/\/vccf.org\/wp-content\/uploads\/2022\/05\/img_4861-scaled-2-1024x768.jpeg 1024w, https:\/\/vccf.org\/wp-content\/uploads\/2022\/05\/img_4861-scaled-2-768x576.jpeg 768w, https:\/\/vccf.org\/wp-content\/uploads\/2022\/05\/img_4861-scaled-2-1536x1152.jpeg 1536w, https:\/\/vccf.org\/wp-content\/uploads\/2022\/05\/img_4861-scaled-2-16x12.jpeg 16w, https:\/\/vccf.org\/wp-content\/uploads\/2022\/05\/img_4861-scaled-2.jpeg 1920w\" sizes=\"auto, (max-width: 300px) 100vw, 300px\" \/><\/p>\n<p>La Ventura County Community Foundation a r\u00e9cemment eu l'occasion de visiter le CARL's Pet Care Center \u00e0 Santa Paula dans le cadre des visites de sites de la fondation pour son fonds de protection des animaux. La Canine Adoption Rescue League, qui g\u00e8re le centre, est une association \u00e0 but non lucratif de sauvetage et d'adoption de chiens de toutes races. Sa mission est de d\u00e9fendre le bien-\u00eatre des animaux, en cherchant \u00e0 mettre fin aux d\u00e9c\u00e8s inutiles d'animaux de compagnie gr\u00e2ce \u00e0 ses programmes d'adoption, d'\u00e9ducation et de sensibilisation. Depuis 1996, l'ABRC a sauv\u00e9 et plac\u00e9 des milliers de chiens non d\u00e9sir\u00e9s, malades, abandonn\u00e9s et sans abri.<\/p>\n<h2 style=\"text-align: center;\">Calendrier des \u00e9v\u00e9nements<\/h2>\n<p><strong>Nonprofit Leadership Council - Aspirer \u00e0 l'\u00e9quit\u00e9 : Uncovering the Path Forward with the Equitable Nonprofit Workplace Report (D\u00e9couvrir la voie \u00e0 suivre avec le rapport sur l'\u00e9quit\u00e9 du milieu de travail \u00e0 but non lucratif)<\/strong><br \/>\n<em>Mercredi 15 juin de 9h \u00e0 11h30 (Hybride, Zoom et Campus CLU d'Oxnard)<\/em><br \/>\nRejoignez-nous pour qu'Envision Consulting nous conduise dans une plong\u00e9e profonde dans le rapport 2021 Equitable Nonprofit Workplace Report for Southern California (Rapport sur le lieu de travail \u00e9quitable pour les organisations \u00e0 but non lucratif en Californie du Sud). Apr\u00e8s la pr\u00e9sentation, le CNL et Envision m\u00e8neront des r\u00e9flexions ensemble, en tant que communaut\u00e9, sur notre chemin collectif vers l'avenir. Gr\u00e2ce aux 415 employ\u00e9s d'organisations \u00e0 but non lucratif et aux 115 organisations \u00e0 but non lucratif qui ont r\u00e9pondu aux enqu\u00eates, nous pouvons fournir des informations sur des sujets tels que : l'impact du grand remaniement sur notre secteur ; les performances de notre secteur en ce qui concerne les indicateurs de diversit\u00e9, d'\u00e9quit\u00e9 et d'inclusion ; et notre capacit\u00e9 \u00e0 offrir des opportunit\u00e9s de d\u00e9veloppement et d'avancement \u00e0 notre main-d'\u0153uvre.<br \/>\nDes billets virtuels et des billets en personne sont disponibles. Si vous pr\u00e9voyez d'assister \u00e0 la conf\u00e9rence en personne, veuillez noter que le nombre de billets disponibles est limit\u00e9. Les billets en personne sont offerts selon le principe du premier arriv\u00e9, premier servi. La participation est gratuite, mais le RSVP est obligatoire.<br \/>\nSi vous pr\u00e9voyez de vous joindre \u00e0 nous en personne, les portes seront ouvertes \u00e0 partir de 8h30, avec du caf\u00e9 frais et un esprit de communaut\u00e9.\u00a0<a href=\"https:\/\/www.callutheran.edu\/centers\/nonprofit\/workshops\/event\/2022-06-15-nonprofit-leadership-council-aspiring-for-equity-uncovering-the-path-forward-with-the-equitable-nonprofit-workplace-report\" target=\"_blank\" rel=\"noopener\">Cliquez ici pour vous inscrire.<\/a><\/p>\n<p><strong>D\u00e9jeuner et formation pour les donateurs virtuels de la VCCF<\/strong><br \/>\n<em>Jeudi 16 juin de 12 \u00e0 13 heures (virtuel)<\/em><br \/>\nDes membres de la communaut\u00e9 et des donateurs partageant les m\u00eames id\u00e9es se joindront \u00e0 vous pour \u00e9couter des repr\u00e9sentants d'organisations locales \u00e0 but non lucratif vous parler du travail incroyable qu'ils accomplissent dans votre communaut\u00e9. Ces appels d'information sont gratuits et ont \u00e9t\u00e9 lanc\u00e9s au d\u00e9but de COVID-19 afin de mieux comprendre les besoins des organisations \u00e0 but non lucratif du comt\u00e9 de Ventura.<br \/>\nRejoignez la VCCF pour un d\u00e9jeuner virtuel avec les donateurs le jeudi 28 avril 2022 de 12 \u00e0 13 heures. Nous serons rejoints par le superviseur Linda Parks qui parlera d'un projet \u00e0 venir \u00e0 Ventura, ainsi que d'une mise \u00e0 jour sur l'initiative environnementale de la VCCF.\u00a0<a href=\"https:\/\/us02web.zoom.us\/meeting\/register\/tZUtd-uuqTguH9wvhC02guWTpuMZD4tcLJwi\" target=\"_blank\" rel=\"noopener\">Cliquez ici pour vous inscrire.<\/a><\/p>\n<p><strong>C\u00e9l\u00e9bration de la journ\u00e9e de la libert\u00e9 en juin<\/strong><br \/>\n<em>Samedi 18 juin de 10 h \u00e0 17 h (Hybrid, Facebook et Plaza Park, Oxnard)<\/em><br \/>\nLa 31e \u00e9dition de la Juneteenth Celebration of Ventura County se tiendra le samedi 18 juin au Plaza Park du centre-ville d'Oxnard et sera retransmise en direct sur Facebook.<br \/>\nCet \u00e9v\u00e9nement c\u00e9l\u00e8bre la proclamation historique de 1865 de la lib\u00e9ration de l'esclavage au Texas. Les tenues d'\u00e9poque sont les bienvenues et, pour c\u00e9l\u00e9brer cet \u00e9v\u00e9nement historique, l'\u00e9v\u00e9nement sera dot\u00e9 de l'\u00e9quipement suivant\u00a0<a href=\"http:\/\/www.bsmcu.com\/\" target=\"_blank\" rel=\"noopener\">Buffalo Soldier Mounted Cavalry<\/a>\u00a0Unit en pr\u00e9sence et mettant en valeur le soldat am\u00e9ricain de l'\u00e9poque.<br \/>\nPour plus d'informations, consultez le site\u00a0<a href=\"http:\/\/juneteenthoxnard.org\/\" target=\"_blank\" rel=\"noopener\">JuneteenthOxnard.org<\/a>.<\/p>","protected":false},"excerpt":{"rendered":"<p>Ch\u00e8re famille de la Ventura County Community Foundation, Comme chacun d'entre vous, nos c\u0153urs sont lourds de la nouvelle d\u00e9vastatrice de la fusillade d'Uvalde, dans le sillage du Buffalo, du comt\u00e9 d'Orange,...<\/p>","protected":false},"author":3,"featured_media":15730,"comment_status":"closed","ping_status":"closed","sticky":false,"template":"","format":"standard","meta":{"_acf_changed":false,"give_campaign_id":0,"footnotes":""},"categories":[24],"tags":[],"class_list":["post-15727","post","type-post","status-publish","format-standard","has-post-thumbnail","hentry","category-newsletters"],"acf":[],"_links":{"self":[{"href":"https:\/\/vccf.org\/fr\/wp-json\/wp\/v2\/posts\/15727","targetHints":{"allow":["GET"]}}],"collection":[{"href":"https:\/\/vccf.org\/fr\/wp-json\/wp\/v2\/posts"}],"about":[{"href":"https:\/\/vccf.org\/fr\/wp-json\/wp\/v2\/types\/post"}],"author":[{"embeddable":true,"href":"https:\/\/vccf.org\/fr\/wp-json\/wp\/v2\/users\/3"}],"replies":[{"embeddable":true,"href":"https:\/\/vccf.org\/fr\/wp-json\/wp\/v2\/comments?post=15727"}],"version-history":[{"count":0,"href":"https:\/\/vccf.org\/fr\/wp-json\/wp\/v2\/posts\/15727\/revisions"}],"wp:featuredmedia":[{"embeddable":true,"href":"https:\/\/vccf.org\/fr\/wp-json\/wp\/v2\/media\/15730"}],"wp:attachment":[{"href":"https:\/\/vccf.org\/fr\/wp-json\/wp\/v2\/media?parent=15727"}],"wp:term":[{"taxonomy":"category","embeddable":true,"href":"https:\/\/vccf.org\/fr\/wp-json\/wp\/v2\/categories?post=15727"},{"taxonomy":"post_tag","embeddable":true,"href":"https:\/\/vccf.org\/fr\/wp-json\/wp\/v2\/tags?post=15727"}],"curies":[{"name":"wp","href":"https:\/\/api.w.org\/{rel}","templated":true}]}}