{"id":16596,"date":"2022-10-07T16:02:41","date_gmt":"2022-10-07T23:02:41","guid":{"rendered":"https:\/\/vccf.org\/?p=16596"},"modified":"2025-03-05T00:45:44","modified_gmt":"2025-03-05T08:45:44","slug":"power-of-purpose-september-23-2022","status":"publish","type":"post","link":"https:\/\/vccf.org\/fr\/power-of-purpose-september-23-2022\/","title":{"rendered":"La puissance de l'objectif - 23 septembre 2022"},"content":{"rendered":"<p><img loading=\"lazy\" decoding=\"async\" class=\"size-full wp-image-14303 aligncenter\" src=\"https:\/\/vccf.org\/wp-content\/uploads\/2021\/12\/0ea2f070-926c-4b9e-fc28-bf93f02f9fe2.png\" alt=\"\" width=\"600\" height=\"301\" srcset=\"https:\/\/vccf.org\/wp-content\/uploads\/2021\/12\/0ea2f070-926c-4b9e-fc28-bf93f02f9fe2.png 600w, https:\/\/vccf.org\/wp-content\/uploads\/2021\/12\/0ea2f070-926c-4b9e-fc28-bf93f02f9fe2-300x151.png 300w, https:\/\/vccf.org\/wp-content\/uploads\/2021\/12\/0ea2f070-926c-4b9e-fc28-bf93f02f9fe2-18x9.png 18w\" sizes=\"auto, (max-width: 600px) 100vw, 600px\" \/>Ch\u00e8re famille de la Ventura County Community Foundation,<\/p>\n<p>Ce lundi, la <strong>Le conseil d'administration de la VCCF a approuv\u00e9 plus de $2 776 908,63 de subventions pour notre communaut\u00e9.<\/strong>. L'enthousiasme et la gratitude envers vous, notre famille VCCF, pour avoir rendu ces subventions possibles, ont rempli la salle. Merci beaucoup pour tout ce que vous faites pour am\u00e9liorer le comt\u00e9 de Ventura et le monde dans lequel nous vivons.<\/p>\n<p>Les subventions approuv\u00e9es sont all\u00e9es \u00e0 des dizaines d'organisations et de causes locales \u00e0 but non lucratif. Certaines subventions sont all\u00e9es \u00e0 <strong>aider les familles qui ont perdu leur maison dans les incendies de for\u00eat de Thomas, Hill et Woolsey<\/strong>Les fonds ont \u00e9galement permis d'aider les personnes concern\u00e9es \u00e0 obtenir un logement permanent. D'autres fonds ont \u00e9t\u00e9 allou\u00e9s \u00e0 des organisations \u00e0 but non lucratif telles que <strong>Food Share, Kids and Families Together, Ventura Land Trust, Alzheimer's Association, <\/strong>et <strong>Livingston Memorial Visiting Nurse Association &amp; Hospice<\/strong>pour n'en citer que quelques-uns.<\/p>\n<p>L'une des organisations b\u00e9n\u00e9ficiant d'une premi\u00e8re subvention \u00e9tait <strong>La Ligue du Miracle des 805<\/strong>Nous nous r\u00e9jouissons de l'initiative de la Commission europ\u00e9enne de soutenir la construction d'un terrain de baseball accessible aux enfants et aux adultes de toutes capacit\u00e9s. Nous vous invitons \u00e0 <a href=\"https:\/\/vimeo.com\/311936039\" target=\"_blank\" rel=\"noopener\"><strong>Pour en savoir plus, regardez cette vid\u00e9o<\/strong><\/a>.<\/p>\n<p>Il n'y a pas de limite au bien que nous pouvons faire ensemble.<\/p>\n<p><strong><a href=\"mailto:info@vccf.org\">Connectez-vous avec nous<\/a> <\/strong>et rejoignez-nous lors de notre future <a href=\"https:\/\/vccf.org\/fr\/events\/donor-peer-network-calendar\/\"><strong>D\u00e9jeuners et formations de la VCCF<\/strong><\/a>, <strong>visites mensuelles de sites \u00e0 but non lucratif<\/strong>, <strong><a href=\"https:\/\/vccf.org\/fr\/events\/virtual-coffee-and-connections\/\">Caf\u00e9 &amp; Connexions<\/a><\/strong>et bien d'autres choses encore. Si vous souhaitez obtenir plus d'informations sur l'une de nos activit\u00e9s, n'h\u00e9sitez pas \u00e0 contacter mon \u00e9quipe \u00e0 tout moment !<\/p>\n<p>En partenariat,<br \/>\nVanessa<br \/>\nVanessa Bechtel, pr\u00e9sidente-directrice g\u00e9n\u00e9rale de la VCCF<\/p>\n<h2 style=\"text-align: center;\">Le Fonds de bourses d'\u00e9tudes Carmen Ramirez pour soutenir le service public<\/h2>\n<p><img loading=\"lazy\" decoding=\"async\" class=\"wp-image-16483 aligncenter\" src=\"https:\/\/vccf.org\/wp-content\/uploads\/2022\/09\/carmen-ramirez-slider.jpg\" alt=\"\" width=\"600\" height=\"338\" srcset=\"https:\/\/vccf.org\/wp-content\/uploads\/2022\/09\/carmen-ramirez-slider.jpg 1920w, https:\/\/vccf.org\/wp-content\/uploads\/2022\/09\/carmen-ramirez-slider-300x169.jpg 300w, https:\/\/vccf.org\/wp-content\/uploads\/2022\/09\/carmen-ramirez-slider-1024x576.jpg 1024w, https:\/\/vccf.org\/wp-content\/uploads\/2022\/09\/carmen-ramirez-slider-768x432.jpg 768w, https:\/\/vccf.org\/wp-content\/uploads\/2022\/09\/carmen-ramirez-slider-1536x864.jpg 1536w, https:\/\/vccf.org\/wp-content\/uploads\/2022\/09\/carmen-ramirez-slider-18x10.jpg 18w\" sizes=\"auto, (max-width: 600px) 100vw, 600px\" \/>Les <strong>Le Fonds de bourses d'\u00e9tudes Carmen Ramirez pour soutenir le service public<\/strong>cr\u00e9\u00e9 par la famille de Carmen, est d\u00e9sormais ouvert aux dons \u00e0 la Ventura County Community Foundation. Carmen \u00e9tait une h\u00e9ro\u00efne et une pionni\u00e8re dans le comt\u00e9 de Ventura et au-del\u00e0. Elle nous manque terriblement et nous sommes honor\u00e9s de nous associer \u00e0 vous pour perp\u00e9tuer son h\u00e9ritage et soutenir nos futurs fonctionnaires.<\/p>\n<h2 style=\"text-align: center;\">La famille Merewether soutient le Ventura Land Trust<\/h2>\n<p><img loading=\"lazy\" decoding=\"async\" class=\"alignleft wp-image-16597\" src=\"https:\/\/vccf.org\/wp-content\/uploads\/2022\/10\/merewether-2-300x225.jpg\" alt=\"\" width=\"400\" height=\"300\" \/><\/p>\n<p>Impliquant trois g\u00e9n\u00e9rations, le <strong>Famille Merewether, clients donateurs pr\u00e9cieux de la VCCF<\/strong>La Commission europ\u00e9enne s'est r\u00e9unie pour soutenir l'action de l'Union europ\u00e9enne. <strong>Ventura Land Trust et sa campagne de jumelage<\/strong>. Depuis 2003, Ventura Land Trust conserve et g\u00e8re des espaces ouverts dans le comt\u00e9 de Ventura, en prot\u00e9geant plus de <strong>3 800 acres de terres dans les collines de Ventura, la rivi\u00e8re Ventura et l'estuaire c\u00f4tier<\/strong>. Melissa Baffa, directrice ex\u00e9cutive du Ventura Land Trust, a exprim\u00e9 sa profonde gratitude \u00e0 la famille et aux autres philanthropes de notre communaut\u00e9 pour leurs dons g\u00e9n\u00e9reux et pour les efforts qu'ils ont d\u00e9ploy\u00e9s en vue d'am\u00e9liorer la qualit\u00e9 de vie des habitants de la r\u00e9gion. <strong>en prot\u00e9geant ce qui fait la beaut\u00e9 de Ventura, aujourd'hui, demain...et <\/strong><em><strong>pour toujours !<\/strong><\/em><\/p>\n<p>Sur la photo, Loretta et Mike Merewether, ainsi que leur famille et leurs amis, ont particip\u00e9 \u00e0 des projets de b\u00e9n\u00e9volat \u00e0 VTL au cours de l'ann\u00e9e \u00e9coul\u00e9e.En savoir plus<\/p>\n<h2 style=\"text-align: center;\">La subvention de la VCCF pour la protection des animaux en action<\/h2>\n<h3 style=\"text-align: center;\"><em>\u00c9claireuses de la c\u00f4te centrale de Californie<\/em><\/h3>\n<p><img loading=\"lazy\" decoding=\"async\" class=\"aligncenter wp-image-22688 size-full\" src=\"https:\/\/vccf.org\/wp-content\/uploads\/2022\/10\/b2q_up4-scaled-1-1.jpeg\" alt=\"\" width=\"1920\" height=\"1280\" srcset=\"https:\/\/vccf.org\/wp-content\/uploads\/2022\/10\/b2q_up4-scaled-1-1.jpeg 1920w, https:\/\/vccf.org\/wp-content\/uploads\/2022\/10\/b2q_up4-scaled-1-1-300x200.jpeg 300w, https:\/\/vccf.org\/wp-content\/uploads\/2022\/10\/b2q_up4-scaled-1-1-1024x683.jpeg 1024w, https:\/\/vccf.org\/wp-content\/uploads\/2022\/10\/b2q_up4-scaled-1-1-768x512.jpeg 768w, https:\/\/vccf.org\/wp-content\/uploads\/2022\/10\/b2q_up4-scaled-1-1-1536x1024.jpeg 1536w, https:\/\/vccf.org\/wp-content\/uploads\/2022\/10\/b2q_up4-scaled-1-1-18x12.jpeg 18w\" sizes=\"auto, (max-width: 1920px) 100vw, 1920px\" \/>En juillet, l'Union internationale pour la conservation de la nature a class\u00e9 la <strong>papillon monarque en migration <\/strong>comme <strong>\"en danger\"<\/strong> pour la premi\u00e8re fois, \u00e0 deux pas de l'extinction. Gr\u00e2ce \u00e0 la <strong>\u00c9claireuses de la c\u00f4te centrale de Californie<\/strong>Un projet local essentiel contribue \u00e0 la protection de cette incroyable particularit\u00e9. La Ventura County Community Foundation a rendu visite aux Girls Scouts of California's Central Coast's <strong>Institut de recherche et d'\u00e9levage des monarques \u00e0 Camp Arnaz<\/strong> pour voir les <strong>Subvention de la VCCF pour le bien-\u00eatre des animaux<\/strong> l'organisation en action.En savoir plus<\/p>\n<h2 style=\"text-align: center;\">GenerosityForLife (g\u00e9n\u00e9rosit\u00e9 pour la vie) Give-O-Meter (compteur de dons)<\/h2>\n<p><strong>Comment vos dons et votre b\u00e9n\u00e9volat se comparent-ils \u00e0 ceux de personnes comme vous ? R\u00e9pondez \u00e0 une enqu\u00eate en six questions<\/strong> pour le savoir, voir s'il y a une marge de progression et afficher un tableau de bord de la g\u00e9n\u00e9rosit\u00e9 des personnes qui partagent les m\u00eames caract\u00e9ristiques d\u00e9mographiques que vous.<\/p>\n<p>Estimez le total de vos dons et de votre b\u00e9n\u00e9volat pour l'ann\u00e9e \u00e9coul\u00e9e, ainsi que quelques donn\u00e9es d\u00e9mographiques de base, afin de vous comparer aux personnes pr\u00e9sentant les m\u00eames caract\u00e9ristiques que vous. Quel est le pourcentage de personnes qui, comme vous, donnent moins que vous ou plus que vous ? Consultez le tableau de bord pour voir combien de vos pairs donnent et font du b\u00e9n\u00e9volat, quel est le montant de leurs dons et \u00e0 quels types d'organisations ils donnent.Faites le quiz<\/p>\n<h2 style=\"text-align: center;\">Journ\u00e9e de l'air pur en Californie 2022<\/h2>\n<p><img loading=\"lazy\" decoding=\"async\" class=\"wp-image-16600 aligncenter\" src=\"https:\/\/vccf.org\/wp-content\/uploads\/2022\/10\/clean-air-day-2022.jpg\" alt=\"\" width=\"400\" height=\"329\" srcset=\"https:\/\/vccf.org\/wp-content\/uploads\/2022\/10\/clean-air-day-2022.jpg 898w, https:\/\/vccf.org\/wp-content\/uploads\/2022\/10\/clean-air-day-2022-300x247.jpg 300w, https:\/\/vccf.org\/wp-content\/uploads\/2022\/10\/clean-air-day-2022-768x632.jpg 768w, https:\/\/vccf.org\/wp-content\/uploads\/2022\/10\/clean-air-day-2022-15x12.jpg 15w\" sizes=\"auto, (max-width: 400px) 100vw, 400px\" \/>La VCCF est fi\u00e8re de participer \u00e0 <strong>Journ\u00e9e de l'air pur en Californie 2022<\/strong>La Journ\u00e9e de l'air pur de Californie aura lieu le 5 octobre. La Journ\u00e9e californienne de l'air pur repose sur l'id\u00e9e que les exp\u00e9riences partag\u00e9es incitent les gens \u00e0 agir pour am\u00e9liorer la sant\u00e9 de la communaut\u00e9. <strong>En nous r\u00e9unissant pour une journ\u00e9e d'action unifi\u00e9e, nous pouvons cr\u00e9er de nouvelles habitudes pour purifier l'air pour tous les membres des diverses communaut\u00e9s de Californie.<\/strong>.<\/p>\n<p><strong>Prenez l'engagement de participer \u00e0 la Journ\u00e9e de l'air pur !<\/strong>\u00a0D\u00e9couvrez comment vous pouvez aider votre plan\u00e8te pour un avenir plus propre et plus vert.<\/p>\n<h2 style=\"text-align: center;\">Le pouvoir de la communaut\u00e9<\/h2>\n<h3 style=\"text-align: center;\"><strong>Bonnes nouvelles de VOTRE communaut\u00e9 de Ventura<\/strong><\/h3>\n<p><img loading=\"lazy\" decoding=\"async\" class=\"aligncenter wp-image-14498\" src=\"https:\/\/vccf.org\/wp-content\/uploads\/2021\/12\/power-of-community.png\" alt=\"\" width=\"600\" height=\"228\" srcset=\"https:\/\/vccf.org\/wp-content\/uploads\/2021\/12\/power-of-community.png 820w, https:\/\/vccf.org\/wp-content\/uploads\/2021\/12\/power-of-community-300x114.png 300w, https:\/\/vccf.org\/wp-content\/uploads\/2021\/12\/power-of-community-768x292.png 768w, https:\/\/vccf.org\/wp-content\/uploads\/2021\/12\/power-of-community-18x7.png 18w\" sizes=\"auto, (max-width: 600px) 100vw, 600px\" \/><\/p>\n<h3 style=\"text-align: center;\"><strong>Nate's Place, un centre de bien-\u00eatre et de r\u00e9tablissement<\/strong><\/h3>\n<p><img loading=\"lazy\" decoding=\"async\" class=\"aligncenter wp-image-16601\" src=\"https:\/\/vccf.org\/wp-content\/uploads\/2022\/10\/nate-1.jpg\" alt=\"\" width=\"600\" height=\"418\" srcset=\"https:\/\/vccf.org\/wp-content\/uploads\/2022\/10\/nate-1.jpg 1222w, https:\/\/vccf.org\/wp-content\/uploads\/2022\/10\/nate-1-300x209.jpg 300w, https:\/\/vccf.org\/wp-content\/uploads\/2022\/10\/nate-1-1024x714.jpg 1024w, https:\/\/vccf.org\/wp-content\/uploads\/2022\/10\/nate-1-768x535.jpg 768w, https:\/\/vccf.org\/wp-content\/uploads\/2022\/10\/nate-1-18x12.jpg 18w\" sizes=\"auto, (max-width: 600px) 100vw, 600px\" \/><strong>Nate's Place, un centre de bien-\u00eatre et de r\u00e9tablissement<\/strong>est une organisation \u00e0 but non lucratif qui fournit <strong>soutien par les pairs coaching de r\u00e9tablissement <\/strong>et <strong>activit\u00e9s de remplacement saines <\/strong>pour <strong>les adolescents et les jeunes adultes \u00e0 risque ou en voie de gu\u00e9rison d'une toxicomanie<\/strong>Le programme d'aide \u00e0 la jeunesse, fond\u00e9 pour honorer la vie d'un jeune de la r\u00e9gion <strong>Nate Rhoades<\/strong>. Nate \u00e9tait dipl\u00f4m\u00e9 du lyc\u00e9e Nordhoff et est d\u00e9c\u00e9d\u00e9 \u00e0 la suite d'un accident de la route en janvier 2022. Ses parents, Heidi et Larry Rhoades, ont cr\u00e9\u00e9 l'organisation pour <strong>poursuivre son h\u00e9ritage en aidant d'autres personnes \u00e0 se r\u00e9tablir de l'abus de substances apr\u00e8s s'\u00eatre r\u00e9tabli de sa propre d\u00e9pendance. <\/strong><\/p>\n<p>Pour en savoir plus sur ce nouvel organisme \u00e0 but non lucratif, y compris sur ses nouveaux locaux et son objectif de mettre ses services \u00e0 la disposition des jeunes \u00e0 faibles revenus, et pour en savoir plus sur les activit\u00e9s de l'association, cliquez ici. <a href=\"https:\/\/vccf.us19.list-manage.com\/track\/click?u=c9b2623ed494d61a163dd363c&amp;id=87f0a9d49c&amp;e=fa866f741a\" target=\"_blank\" rel=\"noopener\"><strong>Ne manquez pas de les rejoindre pour leur prochain concert de collecte de fonds, le 25 septembre.<\/strong><\/a>Lire la suite<\/p>","protected":false},"excerpt":{"rendered":"<p>Ch\u00e8re famille de la Ventura County Community Foundation, Ce lundi, le conseil d'administration de la VCCF a approuv\u00e9 plus de $2 776 908,63 de subventions pour notre communaut\u00e9. L'enthousiasme et la gratitude envers vous, notre famille VCCF,...<\/p>","protected":false},"author":3,"featured_media":16597,"comment_status":"closed","ping_status":"closed","sticky":false,"template":"","format":"standard","meta":{"_acf_changed":false,"give_campaign_id":0,"footnotes":""},"categories":[24],"tags":[],"class_list":["post-16596","post","type-post","status-publish","format-standard","has-post-thumbnail","hentry","category-newsletters"],"acf":[],"_links":{"self":[{"href":"https:\/\/vccf.org\/fr\/wp-json\/wp\/v2\/posts\/16596","targetHints":{"allow":["GET"]}}],"collection":[{"href":"https:\/\/vccf.org\/fr\/wp-json\/wp\/v2\/posts"}],"about":[{"href":"https:\/\/vccf.org\/fr\/wp-json\/wp\/v2\/types\/post"}],"author":[{"embeddable":true,"href":"https:\/\/vccf.org\/fr\/wp-json\/wp\/v2\/users\/3"}],"replies":[{"embeddable":true,"href":"https:\/\/vccf.org\/fr\/wp-json\/wp\/v2\/comments?post=16596"}],"version-history":[{"count":0,"href":"https:\/\/vccf.org\/fr\/wp-json\/wp\/v2\/posts\/16596\/revisions"}],"wp:featuredmedia":[{"embeddable":true,"href":"https:\/\/vccf.org\/fr\/wp-json\/wp\/v2\/media\/16597"}],"wp:attachment":[{"href":"https:\/\/vccf.org\/fr\/wp-json\/wp\/v2\/media?parent=16596"}],"wp:term":[{"taxonomy":"category","embeddable":true,"href":"https:\/\/vccf.org\/fr\/wp-json\/wp\/v2\/categories?post=16596"},{"taxonomy":"post_tag","embeddable":true,"href":"https:\/\/vccf.org\/fr\/wp-json\/wp\/v2\/tags?post=16596"}],"curies":[{"name":"wp","href":"https:\/\/api.w.org\/{rel}","templated":true}]}}