{"id":17854,"date":"2023-04-27T08:57:43","date_gmt":"2023-04-27T15:57:43","guid":{"rendered":"https:\/\/vccflegacy.wpenginepowered.com\/?p=17854"},"modified":"2025-01-29T07:47:10","modified_gmt":"2025-01-29T07:47:10","slug":"vcnc-hosting-a-wildfire-conversation-with-the-dr-lucy-jones-center-for-science-and-society","status":"publish","type":"post","link":"https:\/\/vccf.org\/fr\/vcnc-hosting-a-wildfire-conversation-with-the-dr-lucy-jones-center-for-science-and-society\/","title":{"rendered":"Le VCNC organise une conversation sur les incendies de for\u00eat avec le centre Lucy Jones pour la science et la soci\u00e9t\u00e9"},"content":{"rendered":"<p><\/p>\n<div class=\"xdj266r x11i5rnm xat24cr x1mh8g0r x1vvkbs\">\n<p><img loading=\"lazy\" decoding=\"async\" class=\"alignright wp-image-17855\" src=\"https:\/\/vccflegacy.wpenginepowered.com\/wp-content\/uploads\/2023\/04\/monday-may-8.png\" alt=\"\" width=\"600\" height=\"338\" srcset=\"https:\/\/vccf.org\/wp-content\/uploads\/2023\/04\/monday-may-8.png 1920w, https:\/\/vccf.org\/wp-content\/uploads\/2023\/04\/monday-may-8-300x169.png 300w, https:\/\/vccf.org\/wp-content\/uploads\/2023\/04\/monday-may-8-1024x576.png 1024w, https:\/\/vccf.org\/wp-content\/uploads\/2023\/04\/monday-may-8-768x432.png 768w, https:\/\/vccf.org\/wp-content\/uploads\/2023\/04\/monday-may-8-1536x864.png 1536w, https:\/\/vccf.org\/wp-content\/uploads\/2023\/04\/monday-may-8-18x10.png 18w\" sizes=\"auto, (max-width: 600px) 100vw, 600px\" \/>Rejoignez le VCCF en tant qu'h\u00f4te le lundi 8 mai au VCCF Nonprofit Center (4001 Mission Oaks Boulevard, Camarillo) pour une conversation opportune sur les feux de for\u00eat avec le Dr. Lucy Jones Center for Science and Society sur les futurs feux de for\u00eat, comment cr\u00e9er une plus grande r\u00e9silience, et ce que Ventura a appris au cours des derni\u00e8res ann\u00e9es.<\/p>\n<p><a href=\"https:\/\/host.nxt.blackbaud.com\/registration-form\/?formId=e97a46a7-bf0f-41fc-b531-a53fc99088d4&amp;envId=p-s-RubO8gw0KqKCXm1GDCZQ&amp;fbclid=IwAR0Gkkchdpsj4uAPjJO6jMO-Gp2P41YizwvjVn_QfPopprxNJ8MGVl_5P1Q\" target=\"_blank\" rel=\"noopener\">L'inscription est obligatoire pour assister \u00e0 cet \u00e9v\u00e9nement gratuit. Veuillez cliquer ici pour faire votre r\u00e9servation d\u00e8s maintenant.<\/a><\/p>\n<p>Lors de cette r\u00e9union, des experts nationaux en sciences sociales, en \u00e9cologie et en catastrophes partageront de br\u00e8ves remarques sur le risque existant et futur d'incendie de for\u00eat et sur la r\u00e9silience dans notre communaut\u00e9 et dans l'ensemble de l'\u00c9tat. Les participants partageront ensuite leurs exp\u00e9riences locales et leurs points de vue afin d'\u00e9clairer la planification, les programmes et la recherche en mati\u00e8re de r\u00e9silience aux incendies de for\u00eat \u00e0 l'\u00e9chelle de l'\u00c9tat.<\/p>\n<p>L'objectif principal de cette s\u00e9rie d'ateliers est de cr\u00e9er un forum d'\u00e9change d'informations entre les scientifiques, les survivants des incendies de for\u00eat, les personnes d\u00e9plac\u00e9es \u00e0 la suite de catastrophes climatiques, les d\u00e9cideurs gouvernementaux, les organisations communautaires \u00e0 but non lucratif, les propri\u00e9taires d'entreprises et les collaborateurs charg\u00e9s de la relance \u00e9conomique, afin de mieux comprendre ce que repr\u00e9sente la lutte contre ces incendies de for\u00eat extr\u00eames dont le rythme et l'intensit\u00e9 augmentent avec le changement climatique, de partager des tactiques de renforcement de la r\u00e9silience et de d\u00e9terminer les recherches qui doivent \u00eatre comprises et appliqu\u00e9es pour que les communaut\u00e9s puissent se r\u00e9tablir.<\/p>\n<p>Venez avec des questions et soyez pr\u00eats \u00e0 prendre connaissance de donn\u00e9es de base et de recherches sur la fa\u00e7on dont les communaut\u00e9s peuvent s'unir et se sont unies pour att\u00e9nuer le risque de ce \u00e0 quoi elles pourraient \u00eatre confront\u00e9es \u00e0 l'avenir. Vous obtiendrez des tactiques que vous pourrez utiliser dans votre communaut\u00e9, des liens avec des experts nationaux sur le sujet, et vous aiderez \u00e0 mettre en place des politiques et des programmes pr\u00e9-catastrophes suppl\u00e9mentaires pour soutenir votre communaut\u00e9 et votre \u00e9conomie locales.<\/p>\n<p>\u00c0 propos de nos conf\u00e9renciers<br \/>\n<strong>Lucy Jones<\/strong> Lucy Jones Center for Science and Society, dont la mission est de favoriser la compr\u00e9hension et l'application de l'information scientifique dans la cr\u00e9ation de communaut\u00e9s plus r\u00e9silientes. Il est \u00e9galement chercheur associ\u00e9 au Seismological Laboratory de Caltech.<\/p>\n<p><strong>Dr. Alex Greer<\/strong> est professeur associ\u00e9 au d\u00e9partement de gestion des urgences et de s\u00e9curit\u00e9 int\u00e9rieure de l'universit\u00e9 d'Albany. Ses recherches portent sur l'adaptation aux risques, les processus d\u00e9cisionnels en mati\u00e8re de relocalisation et la culture organisationnelle.<\/p>\n<p><strong>Dr. Alexandra Syphard<\/strong> est une chercheuse \u00e9cologiste senior qui \u00e9tudie les causes et les cons\u00e9quences de l'\u00e9volution des paysages, en particulier les incendies de for\u00eat, la dynamique de la v\u00e9g\u00e9tation, la modification de l'utilisation des sols, les esp\u00e8ces envahissantes et le changement climatique. Elle \u00e9tudie \u00e9galement la perte de structures et la vuln\u00e9rabilit\u00e9 des communaut\u00e9s face aux incendies de for\u00eat, en identifiant les d\u00e9cisions de gestion qui produisent des b\u00e9n\u00e9fices conjoints pour le bien-\u00eatre humain et \u00e9cologique.<\/p>\n<p><strong>Dr. Susan Cutter<\/strong> est Carolina Distinguished Professor de g\u00e9ographie \u00e0 l'universit\u00e9 de Caroline du Sud et directrice de l'Institut des risques, de la vuln\u00e9rabilit\u00e9 et de la r\u00e9silience. Ses recherches portent principalement sur la vuln\u00e9rabilit\u00e9 et la r\u00e9silience aux catastrophes et sur la mani\u00e8re dont la vuln\u00e9rabilit\u00e9 et la r\u00e9silience sont mesur\u00e9es, contr\u00f4l\u00e9es et \u00e9valu\u00e9es.<\/p>\n<p>Il s'agit d'une occasion unique de collaborer avec des scientifiques et avec ceux d'entre nous qui ont v\u00e9cu la d\u00e9vastation des incendies de for\u00eat dans notre communaut\u00e9, afin de discuter de la mani\u00e8re de mieux se pr\u00e9parer aux futures catastrophes.<\/p>\n<\/div>\n<p><\/p>","protected":false},"excerpt":{"rendered":"<p>Please join VCCF as your host on Monday May 8th at the VCCF Nonprofit Center (4001 Mission Oaks Boulevard, Camarillo) for a timely wildfire conversation with the Dr. Lucy Jones&hellip;<\/p>","protected":false},"author":5,"featured_media":17855,"comment_status":"closed","ping_status":"closed","sticky":false,"template":"","format":"standard","meta":{"_acf_changed":false,"give_campaign_id":0,"footnotes":""},"categories":[27],"tags":[],"class_list":["post-17854","post","type-post","status-publish","format-standard","has-post-thumbnail","hentry","category-blog-posts"],"acf":[],"_links":{"self":[{"href":"https:\/\/vccf.org\/fr\/wp-json\/wp\/v2\/posts\/17854","targetHints":{"allow":["GET"]}}],"collection":[{"href":"https:\/\/vccf.org\/fr\/wp-json\/wp\/v2\/posts"}],"about":[{"href":"https:\/\/vccf.org\/fr\/wp-json\/wp\/v2\/types\/post"}],"author":[{"embeddable":true,"href":"https:\/\/vccf.org\/fr\/wp-json\/wp\/v2\/users\/5"}],"replies":[{"embeddable":true,"href":"https:\/\/vccf.org\/fr\/wp-json\/wp\/v2\/comments?post=17854"}],"version-history":[{"count":0,"href":"https:\/\/vccf.org\/fr\/wp-json\/wp\/v2\/posts\/17854\/revisions"}],"wp:featuredmedia":[{"embeddable":true,"href":"https:\/\/vccf.org\/fr\/wp-json\/wp\/v2\/media\/17855"}],"wp:attachment":[{"href":"https:\/\/vccf.org\/fr\/wp-json\/wp\/v2\/media?parent=17854"}],"wp:term":[{"taxonomy":"category","embeddable":true,"href":"https:\/\/vccf.org\/fr\/wp-json\/wp\/v2\/categories?post=17854"},{"taxonomy":"post_tag","embeddable":true,"href":"https:\/\/vccf.org\/fr\/wp-json\/wp\/v2\/tags?post=17854"}],"curies":[{"name":"wp","href":"https:\/\/api.w.org\/{rel}","templated":true}]}}