{"id":17863,"date":"2023-05-01T09:20:23","date_gmt":"2023-05-01T16:20:23","guid":{"rendered":"https:\/\/vccflegacy.wpenginepowered.com\/?p=17863"},"modified":"2025-01-29T07:47:10","modified_gmt":"2025-01-29T07:47:10","slug":"rotarians-hear-how-isabella-project-focuses-on-preparing-youngest-santa-paulans-for-a-better-future","status":"publish","type":"post","link":"https:\/\/vccf.org\/fr\/rotarians-hear-how-isabella-project-focuses-on-preparing-youngest-santa-paulans-for-a-better-future\/","title":{"rendered":"Les Rotariens d\u00e9couvrent comment le projet Isabella pr\u00e9pare les plus jeunes de Santa Paul \u00e0 un avenir meilleur."},"content":{"rendered":"<p><em>Par Peggy Kelly<\/em><\/p>\n<p><em>Santa Paula Times<\/em><\/p>\n<div id=\"attachment_17103\" style=\"width: 610px\" class=\"wp-caption alignright\"><img loading=\"lazy\" decoding=\"async\" aria-describedby=\"caption-attachment-17103\" class=\"wp-image-17103\" src=\"https:\/\/vccflegacy.wpenginepowered.com\/wp-content\/uploads\/2022\/12\/p5.jpg\" alt=\"\" width=\"600\" height=\"450\" srcset=\"https:\/\/vccf.org\/wp-content\/uploads\/2022\/12\/p5.jpg 984w, https:\/\/vccf.org\/wp-content\/uploads\/2022\/12\/p5-300x225.jpg 300w, https:\/\/vccf.org\/wp-content\/uploads\/2022\/12\/p5-768x576.jpg 768w, https:\/\/vccf.org\/wp-content\/uploads\/2022\/12\/p5-16x12.jpg 16w\" sizes=\"auto, (max-width: 600px) 100vw, 600px\" \/><p id=\"caption-attachment-17103\" class=\"wp-caption-text\">Gabino Aguirre, de Santa Paula, s'exprime lors d'une r\u00e9cente conf\u00e9rence des parents de Santa Paula sur le projet Isabella, qui vise \u00e0 d\u00e9velopper l'\u00e9ducation de la petite enfance.<\/p><\/div>\n<p>Les Rotariens de Santa Paula ont d\u00e9couvert le projet Isabella lors de leur r\u00e9union du 17 avril, au cours de laquelle le Dr Gabino Aguirre a pr\u00e9sent\u00e9 le programme qui se concentre sur les plus jeunes r\u00e9sidents de la ville.<\/p>\n<p>\"Depuis que les enfants sont n\u00e9s\", il y a un besoin d'\u00e9ducation qui peut commencer m\u00eame pour les enfants d\u00e9j\u00e0 capables d'apprendre. \"Lorsqu'un enfant prend sa premi\u00e8re respiration, il commence \u00e0 apprendre, \u00e0 saisir la r\u00e9alit\u00e9 de cet endroit o\u00f9 il a \u00e9t\u00e9 pouss\u00e9 sans qu'il l'ait choisi.<\/p>\n<p>De plus, au cours des trois ou quatre premi\u00e8res ann\u00e9es de la vie d'un enfant, jusqu'\u00e0 90% de son cerveau se d\u00e9veloppe. \"Les enfants en difficult\u00e9, quelle qu'en soit la raison - pauvret\u00e9, mauvaise sant\u00e9, \u00e9loignement affectif, foyer tumultueux, manque de soins, etc.<\/p>\n<p>Avec 500 enfants n\u00e9s \u00e0 Santa Paula chaque ann\u00e9e et 900 enfants \u00e2g\u00e9s de 4 et 5 ans, il a d\u00e9clar\u00e9 que le projet Isabella - nomm\u00e9 d'apr\u00e8s un enfant r\u00e9el - n'aurait pas pu arriver \u00e0 un meilleur moment.<br \/>\nGr\u00e2ce au projet Isabella, Aguirre a d\u00e9clar\u00e9 : \"Nous avons appris que les nourrissons et les jeunes enfants ont une plus grande capacit\u00e9 d'apprentissage qu'on ne le pensait auparavant\", avec une croissance consid\u00e9rable des comp\u00e9tences linguistiques, cognitives, sociales, \u00e9motionnelles et motrices.<\/p>\n<p>\"Puisqu'ils sont des apprenants naturels\", a-t-il fait remarquer, la garde d'enfants et l'\u00e9ducation ne peuvent \u00eatre envisag\u00e9es s\u00e9par\u00e9ment. Seuls 150 des enfants de la r\u00e9gion \u00e2g\u00e9s de 4 et 5 ans vont \u00e0 l'\u00e9cole maternelle et seront bien plus avanc\u00e9s en termes de comp\u00e9tences d'apprentissage lorsqu'ils entreront \u00e0 l'\u00e9cole maternelle.<\/p>\n<p>La recherche montre que les autres qui ne vont pas \u00e0 l'\u00e9cole maternelle, a d\u00e9clar\u00e9 Aguirre, \"prendront de plus en plus de retard\".<\/p>\n<p>Des services d'accueil et d'\u00e9ducation de qualit\u00e9 devraient offrir aux jeunes enfants des exp\u00e9riences de d\u00e9veloppement appropri\u00e9es, contribuer \u00e0 leur sant\u00e9 physique et mentale et servir de base \u00e0 leur r\u00e9ussite scolaire et \u00e0 la r\u00e9alisation de leur potentiel le plus \u00e9lev\u00e9 dans la vie.<\/p>\n<p>Aguirre, ancien maire, a fait remarquer que \"Santa Paula est le centre de l'univers pour nous tous\" et que le comit\u00e9 de pilotage du projet Isabella est compos\u00e9 de nombreuses personnes int\u00e9ress\u00e9es par le d\u00e9veloppement de la petite enfance, notamment le Santa Paula Unified School District, qui a ouvert deux \u00e9coles maternelles.<\/p>\n<p>La Ventura County Community Foundation est un sponsor important en aidant \"nos prestataires actuels \u00e0 r\u00e9pondre aux besoins de Santa Paula\", qui seront encore plus importants l'ann\u00e9e prochaine lorsque 450 enfants suppl\u00e9mentaires atteindront l'\u00e2ge cibl\u00e9 pour l'\u00e9ducation pr\u00e9scolaire.<\/p>\n<p>Les fonds de l'\u00c9tat et du gouvernement f\u00e9d\u00e9ral contribuent \u00e9galement au projet de classes de maternelle et de jardin d'enfants transitoire, ainsi qu'au soutien des enfants participants et de leurs familles.<\/p>\n<p>Le programme compte de nombreux partenaires, depuis les ressources pour le d\u00e9veloppement de l'enfant (Head Start) jusqu'\u00e0 First 5. Pourtant, malgr\u00e9 les nombreuses possibilit\u00e9s offertes, Mme Aguirre explique que certains h\u00e9sitent \u00e0 inscrire leurs enfants \u00e0 un programme d'\u00e9ducation pr\u00e9scolaire.<\/p>\n<p>Certains disent : \"Mon enfant est trop jeune\", d'autres disent qu'ils ont d'autres moyens de garde pour leurs enfants\". D'autres disent qu'ils ont d'autres moyens de garde pour leurs enfants\", tandis que d'autres encore disent qu'ils ont besoin d'une garde \u00e0 temps plein et qu'ils se demandent comment cela pourrait s'articuler avec un emploi du temps scolaire.<\/p>\n<p>Parmi ces derniers, Aguirre a indiqu\u00e9 que plusieurs programmes proposent des programmes \u00e0 la journ\u00e9e pour les enfants de 3 \u00e0 5 ans.<br \/>\nIl a remerci\u00e9 le SPUSD d'\u00eatre \"si accueillant pour les autres fournisseurs\" et la coalition de collaborateurs \u00e0 l'\u00e9chelle du comt\u00e9 pour leur engagement dans le projet, qui en est maintenant \u00e0 sa troisi\u00e8me ann\u00e9e.<\/p>\n<p>Le projet dispose \u00e9galement de consultants qui aident \u00e0 faire pression pour obtenir des fonds pour le projet, qui co\u00fbte environ $10 000 par an par enfant et g\u00e9n\u00e8re des millions de dollars dans l'\u00e9conomie. Selon M. Aguirre, 12 000 enfants d'\u00e2ge pr\u00e9scolaire ne sont pas pris en charge \u00e0 l'\u00e9chelle du comt\u00e9, et le comit\u00e9 de pilotage du projet esp\u00e8re \u00e9tendre le programme.<\/p>\n<p>Il est m\u00eame pr\u00e9vu que le Ventura County Community College District \u00e9largisse ses offres pour les professionnels de l'\u00e9ducation de la petite enfance, ainsi que pour le personnel hospitalier du nouvel \u00e9tablissement de Santa Paula.<\/p>\n<p>\"Nous devons planifier la viabilit\u00e9 \u00e0 long terme\", a d\u00e9clar\u00e9 M. Aguirre. \"Une fois que nous serons op\u00e9rationnels, nous pourrons proposer ce service \u00e0 d'autres...\"<\/p>\n<p>Pour plus d'informations, visitez le site <a href=\"https:\/\/vccflegacy.wpenginepowered.com\/early-childhood-education\/\" target=\"_blank\" rel=\"noopener\">https:\/\/bit.ly\/3L8Gcas<\/a>.<\/p>","protected":false},"excerpt":{"rendered":"<p>By Peggy Kelly Santa Paula Times Santa Paula Rotarians learned about the Isabella Project at their April 17 meeting where Dr. Gabino Aguirre discussed the program that focuses on the&hellip;<\/p>","protected":false},"author":5,"featured_media":17103,"comment_status":"closed","ping_status":"closed","sticky":false,"template":"","format":"standard","meta":{"_acf_changed":false,"give_campaign_id":0,"footnotes":""},"categories":[22],"tags":[],"class_list":["post-17863","post","type-post","status-publish","format-standard","has-post-thumbnail","hentry","category-latest-coverage"],"acf":[],"_links":{"self":[{"href":"https:\/\/vccf.org\/fr\/wp-json\/wp\/v2\/posts\/17863","targetHints":{"allow":["GET"]}}],"collection":[{"href":"https:\/\/vccf.org\/fr\/wp-json\/wp\/v2\/posts"}],"about":[{"href":"https:\/\/vccf.org\/fr\/wp-json\/wp\/v2\/types\/post"}],"author":[{"embeddable":true,"href":"https:\/\/vccf.org\/fr\/wp-json\/wp\/v2\/users\/5"}],"replies":[{"embeddable":true,"href":"https:\/\/vccf.org\/fr\/wp-json\/wp\/v2\/comments?post=17863"}],"version-history":[{"count":0,"href":"https:\/\/vccf.org\/fr\/wp-json\/wp\/v2\/posts\/17863\/revisions"}],"wp:featuredmedia":[{"embeddable":true,"href":"https:\/\/vccf.org\/fr\/wp-json\/wp\/v2\/media\/17103"}],"wp:attachment":[{"href":"https:\/\/vccf.org\/fr\/wp-json\/wp\/v2\/media?parent=17863"}],"wp:term":[{"taxonomy":"category","embeddable":true,"href":"https:\/\/vccf.org\/fr\/wp-json\/wp\/v2\/categories?post=17863"},{"taxonomy":"post_tag","embeddable":true,"href":"https:\/\/vccf.org\/fr\/wp-json\/wp\/v2\/tags?post=17863"}],"curies":[{"name":"wp","href":"https:\/\/api.w.org\/{rel}","templated":true}]}}