{"id":18221,"date":"2023-06-08T10:38:29","date_gmt":"2023-06-08T17:38:29","guid":{"rendered":"https:\/\/vccflegacy.wpenginepowered.com\/?p=18221"},"modified":"2025-02-11T17:00:39","modified_gmt":"2025-02-12T01:00:39","slug":"vccfs-first-ever-legacy-magazine-out-now","status":"publish","type":"post","link":"https:\/\/vccf.org\/fr\/vccfs-first-ever-legacy-magazine-out-now\/","title":{"rendered":"Le premier magazine de la VCCF sur l'h\u00e9ritage sort maintenant !"},"content":{"rendered":"<p><\/p>\n<p class=\"already_translated\"><img loading=\"lazy\" decoding=\"async\" class=\"alignleft wp-image-18016\" src=\"https:\/\/vccf.org\/wp-content\/uploads\/2023\/05\/legacy-mag-cover.jpg\" alt=\"\" width=\"855\" height=\"1114\" srcset=\"https:\/\/vccf.org\/wp-content\/uploads\/2023\/05\/legacy-mag-cover.jpg 855w, https:\/\/vccf.org\/wp-content\/uploads\/2023\/05\/legacy-mag-cover-230x300.jpg 230w, https:\/\/vccf.org\/wp-content\/uploads\/2023\/05\/legacy-mag-cover-786x1024.jpg 786w, https:\/\/vccf.org\/wp-content\/uploads\/2023\/05\/legacy-mag-cover-768x1001.jpg 768w, https:\/\/vccf.org\/wp-content\/uploads\/2023\/05\/legacy-mag-cover-9x12.jpg 9w\" sizes=\"auto, (max-width: 855px) 100vw, 855px\" \/>La Fondation communautaire du comt\u00e9 de Ventura est fi\u00e8re de publier <a href=\"https:\/\/vccf.org\/SMPA_VCCF_5-24\/mobile\/index.html\">notre tout premier magazine sur l'h\u00e9ritage, \"Un h\u00e9ritage de g\u00e9n\u00e9rosit\u00e9\".<\/a> Cette publication de 42 pages refl\u00e8te l'esprit et le c\u0153ur de nos donateurs, des membres de la communaut\u00e9, des b\u00e9n\u00e9ficiaires de subventions et des dirigeants d'organisations \u00e0 but non lucratif qui vivent les valeurs de la VCCF que sont la confiance, la transparence, la compassion, l'\u00e9quit\u00e9, la t\u00e9nacit\u00e9, l'excellence et l'authenticit\u00e9 des liens.<\/p>\n<p class=\"already_translated\">\"Un h\u00e9ritage de g\u00e9n\u00e9rosit\u00e9\" raconte l'histoire de votre fondation communautaire et le r\u00f4le qu'elle joue dans les histoires du comt\u00e9 de Ventura gr\u00e2ce \u00e0 ses conseils philanthropiques et \u00e0 son leadership au sein de la communaut\u00e9. Nous vous invitons \u00e0 lire cette lettre d'amour \u00e0 notre communaut\u00e9, alors que nous transmettons le message \"Somos Vecinos y Todos Contamos\" - nous sommes...\".\u00a0<em>tous<\/em>\u00a0voisins et nous\u00a0<em>tous<\/em> compte ! Ce magazine pr\u00e9sente 17 interviews \u00e9mouvantes et de magnifiques photographies de notre communaut\u00e9 et de ses membres inspirants.<\/p>\n<p>Ce magazine comprend \u00e9galement un <a href=\"https:\/\/vccf.org\/SMPA_VCCF_financial_insert\/mobile\/index.html\">le rapport financier d'accompagnement du magazine pour 2023, que vous pouvez consulter ici<\/a>.<\/p>\n<p>Nous sommes tr\u00e8s reconnaissants \u00e0 Stacy Miller Public Affairs, une entreprise locale de relations publiques, qui a travaill\u00e9 sans rel\u00e2che \u00e0 la r\u00e9alisation de cette superbe publication.<\/p>","protected":false},"excerpt":{"rendered":"<p>The Ventura County Community Foundation is proud to release our first-ever legacy magazine, \u201cA Legacy of Generosity.\u201d This 42-page publication captures the spirit and heart of our donors, community members,&hellip;<\/p>","protected":false},"author":5,"featured_media":18054,"comment_status":"closed","ping_status":"closed","sticky":false,"template":"","format":"standard","meta":{"_acf_changed":false,"give_campaign_id":0,"footnotes":""},"categories":[27],"tags":[],"class_list":["post-18221","post","type-post","status-publish","format-standard","has-post-thumbnail","hentry","category-blog-posts"],"acf":[],"_links":{"self":[{"href":"https:\/\/vccf.org\/fr\/wp-json\/wp\/v2\/posts\/18221","targetHints":{"allow":["GET"]}}],"collection":[{"href":"https:\/\/vccf.org\/fr\/wp-json\/wp\/v2\/posts"}],"about":[{"href":"https:\/\/vccf.org\/fr\/wp-json\/wp\/v2\/types\/post"}],"author":[{"embeddable":true,"href":"https:\/\/vccf.org\/fr\/wp-json\/wp\/v2\/users\/5"}],"replies":[{"embeddable":true,"href":"https:\/\/vccf.org\/fr\/wp-json\/wp\/v2\/comments?post=18221"}],"version-history":[{"count":0,"href":"https:\/\/vccf.org\/fr\/wp-json\/wp\/v2\/posts\/18221\/revisions"}],"wp:featuredmedia":[{"embeddable":true,"href":"https:\/\/vccf.org\/fr\/wp-json\/wp\/v2\/media\/18054"}],"wp:attachment":[{"href":"https:\/\/vccf.org\/fr\/wp-json\/wp\/v2\/media?parent=18221"}],"wp:term":[{"taxonomy":"category","embeddable":true,"href":"https:\/\/vccf.org\/fr\/wp-json\/wp\/v2\/categories?post=18221"},{"taxonomy":"post_tag","embeddable":true,"href":"https:\/\/vccf.org\/fr\/wp-json\/wp\/v2\/tags?post=18221"}],"curies":[{"name":"wp","href":"https:\/\/api.w.org\/{rel}","templated":true}]}}