{"id":19457,"date":"2023-10-18T10:27:19","date_gmt":"2023-10-18T17:27:19","guid":{"rendered":"https:\/\/vccflegacy.wpenginepowered.com\/?p=19457"},"modified":"2026-02-26T10:47:27","modified_gmt":"2026-02-26T18:47:27","slug":"pacific-coast-business-times-releases-emergency-preparedness-presented-by-vccf","status":"publish","type":"post","link":"https:\/\/vccf.org\/fr\/pacific-coast-business-times-releases-emergency-preparedness-presented-by-vccf\/","title":{"rendered":"Le Pacific Coast Business Times publie un article sur la pr\u00e9paration aux situations d'urgence, pr\u00e9sent\u00e9 par la VCCF"},"content":{"rendered":"<div class=\"wp-block-image\">\n<figure class=\"alignleft size-large is-resized\"><img loading=\"lazy\" decoding=\"async\" width=\"751\" height=\"1024\" src=\"https:\/\/vccf.org\/wp-content\/uploads\/2023\/10\/24.31-emergency-prep-b-v3-cover-scaled-1-751x1024.jpg\" alt=\"The cover of the &quot;Emergency Preparedness&quot; guide\" class=\"wp-image-19459\" style=\"width:259px;height:auto\" srcset=\"https:\/\/vccf.org\/wp-content\/uploads\/2023\/10\/24.31-emergency-prep-b-v3-cover-scaled-1-751x1024.jpg 751w, https:\/\/vccf.org\/wp-content\/uploads\/2023\/10\/24.31-emergency-prep-b-v3-cover-scaled-1-220x300.jpg 220w, https:\/\/vccf.org\/wp-content\/uploads\/2023\/10\/24.31-emergency-prep-b-v3-cover-scaled-1-768x1048.jpg 768w, https:\/\/vccf.org\/wp-content\/uploads\/2023\/10\/24.31-emergency-prep-b-v3-cover-scaled-1-1126x1536.jpg 1126w, https:\/\/vccf.org\/wp-content\/uploads\/2023\/10\/24.31-emergency-prep-b-v3-cover-scaled-1-9x12.jpg 9w, https:\/\/vccf.org\/wp-content\/uploads\/2023\/10\/24.31-emergency-prep-b-v3-cover-scaled-1.jpg 1173w\" sizes=\"auto, (max-width: 751px) 100vw, 751px\" \/><\/figure>\n<\/div>\n\n\n<p>Le Pacific Coast Business Times a r\u00e9cemment publi\u00e9 \"Emergency Preparedness : Un guide pour les petites entreprises et les organisations \u00e0 but non lucratif de la c\u00f4te centrale\". <strong><a href=\"https:\/\/www.pacbiztimes.com\/emergency-preparedness\/\" target=\"_blank\" rel=\"noopener\">qui peut \u00eatre lu ici.<\/a><\/strong><\/p>\n\n\n\n<p><strong>\u00c0 PROPOS DE CE RAPPORT SP\u00c9CIAL<\/strong><\/p>\n\n\n\n<p>Ce guide est con\u00e7u pour aider les petites entreprises et les organisations \u00e0 but non lucratif \u00e0 se pr\u00e9parer aux catastrophes naturelles et \u00e0 prendre conscience de ce qui est susceptible de se produire au cours d'une situation d'urgence, ainsi qu'\u00e0 comprendre les \u00e9tapes qui m\u00e8neront finalement au r\u00e9tablissement de tous.<\/p>\n\n\n\n<p>Ce rapport a \u00e9t\u00e9 con\u00e7u par Courtney Abercrombie, graphiste, avec l'aide de Jorge Mercado, co-r\u00e9dacteur en chef, qui a recherch\u00e9 des informations aupr\u00e8s de diverses sources nationales et f\u00e9d\u00e9rales.<\/p>\n\n\n\n<p>Ce rapport a \u00e9galement b\u00e9n\u00e9fici\u00e9 de l'aide de David Fukutomi, expert en pr\u00e9paration aux situations d'urgence, et d'une subvention substantielle de la Ventura County Community Foundation.<\/p>\n\n\n\n<p>Les autres sponsors sont VCCF, EDC, Assured Partners et le partenaire publicitaire The Port of Hueneme. Ce rapport a \u00e9t\u00e9 \u00e9labor\u00e9 \u00e0 partir de diverses sources, de documents publics et de sites web, ainsi que de documents publi\u00e9s.<\/p>","protected":false},"excerpt":{"rendered":"<p>The Pacific Coast Business Times recently released &#8220;Emergency Preparedness: A guide for Central Coast small businesses &amp; nonprofits,&#8221; which is available to read here. ABOUT THIS SPECIAL REPORT This guide&hellip;<\/p>","protected":false},"author":5,"featured_media":19459,"comment_status":"closed","ping_status":"closed","sticky":false,"template":"","format":"standard","meta":{"_acf_changed":false,"give_campaign_id":0,"footnotes":""},"categories":[22],"tags":[],"class_list":["post-19457","post","type-post","status-publish","format-standard","has-post-thumbnail","hentry","category-latest-coverage"],"acf":[],"_links":{"self":[{"href":"https:\/\/vccf.org\/fr\/wp-json\/wp\/v2\/posts\/19457","targetHints":{"allow":["GET"]}}],"collection":[{"href":"https:\/\/vccf.org\/fr\/wp-json\/wp\/v2\/posts"}],"about":[{"href":"https:\/\/vccf.org\/fr\/wp-json\/wp\/v2\/types\/post"}],"author":[{"embeddable":true,"href":"https:\/\/vccf.org\/fr\/wp-json\/wp\/v2\/users\/5"}],"replies":[{"embeddable":true,"href":"https:\/\/vccf.org\/fr\/wp-json\/wp\/v2\/comments?post=19457"}],"version-history":[{"count":0,"href":"https:\/\/vccf.org\/fr\/wp-json\/wp\/v2\/posts\/19457\/revisions"}],"wp:featuredmedia":[{"embeddable":true,"href":"https:\/\/vccf.org\/fr\/wp-json\/wp\/v2\/media\/19459"}],"wp:attachment":[{"href":"https:\/\/vccf.org\/fr\/wp-json\/wp\/v2\/media?parent=19457"}],"wp:term":[{"taxonomy":"category","embeddable":true,"href":"https:\/\/vccf.org\/fr\/wp-json\/wp\/v2\/categories?post=19457"},{"taxonomy":"post_tag","embeddable":true,"href":"https:\/\/vccf.org\/fr\/wp-json\/wp\/v2\/tags?post=19457"}],"curies":[{"name":"wp","href":"https:\/\/api.w.org\/{rel}","templated":true}]}}