{"id":20288,"date":"2024-02-07T15:36:34","date_gmt":"2024-02-07T23:36:34","guid":{"rendered":"https:\/\/vccf.org\/?p=20288"},"modified":"2025-02-26T03:14:06","modified_gmt":"2025-02-26T11:14:06","slug":"vccf-power-of-purpose-february-2024-2","status":"publish","type":"post","link":"https:\/\/vccf.org\/fr\/vccf-power-of-purpose-february-2024-2\/","title":{"rendered":"VCCF Power of Purpose - F\u00e9vrier 2024"},"content":{"rendered":"<p><img loading=\"lazy\" decoding=\"async\" class=\"size-full wp-image-14303 aligncenter\" src=\"https:\/\/vccf.org\/wp-content\/uploads\/2021\/12\/0ea2f070-926c-4b9e-fc28-bf93f02f9fe2.png\" alt=\"\" width=\"600\" height=\"301\" srcset=\"https:\/\/vccf.org\/wp-content\/uploads\/2021\/12\/0ea2f070-926c-4b9e-fc28-bf93f02f9fe2.png 600w, https:\/\/vccf.org\/wp-content\/uploads\/2021\/12\/0ea2f070-926c-4b9e-fc28-bf93f02f9fe2-300x151.png 300w, https:\/\/vccf.org\/wp-content\/uploads\/2021\/12\/0ea2f070-926c-4b9e-fc28-bf93f02f9fe2-18x9.png 18w\" sizes=\"auto, (max-width: 600px) 100vw, 600px\" \/>Ch\u00e8re famille de la Ventura County Community Foundation,<\/p>\n<p>Le mois dernier, nous avons perdu un ami bien-aim\u00e9 et un ancien membre estim\u00e9 du conseil d'administration, Gary Erickson. Son absence est profond\u00e9ment ressentie et il nous manque beaucoup.<\/p>\n<p>Pour ceux qui ne l'auraient pas connu personnellement, Gary \u00e9tait un d\u00e9fenseur d\u00e9vou\u00e9 des habitants du comt\u00e9 de Ventura. Ses efforts inlassables couvraient un large \u00e9ventail de causes, allant du soutien aux v\u00e9t\u00e9rans locaux \u00e0 la promotion de l'acc\u00e8s aux services de sant\u00e9 essentiels, tels que le traitement du cancer du sein et du col de l'ut\u00e9rus, quelle que soit la capacit\u00e9 de paiement de chacun. L'impact de Gary s'est \u00e9tendu bien au-del\u00e0 de notre communaut\u00e9 ; il a si\u00e9g\u00e9 \u00e0 de nombreux conseils d'administration d'organisations \u00e0 but non lucratif et a jou\u00e9 un r\u00f4le essentiel dans la collecte de centaines de millions de dollars pour l'acc\u00e8s \u00e0 l'enseignement sup\u00e9rieur et aux organisations \u00e0 but non lucratif dans l'ensemble de l'\u00c9tat.<\/p>\n<p>Gary incarnait les valeurs fondamentales de la VCCF, en particulier celles de la compassion, de l'\u00e9quit\u00e9 et de la connexion authentique. Je n'ai jamais rencontr\u00e9 de personne plus authentique, et je pouvais toujours compter sur lui pour \u00eatre l\u00e0, quoi qu'il arrive. Il est l'une des rares personnes dont je pourrais composer le num\u00e9ro de t\u00e9l\u00e9phone les yeux ferm\u00e9s.<\/p>\n<p>En r\u00e9fl\u00e9chissant \u00e0 l'h\u00e9ritage de Gary, nous nous rappelons le pouvoir de la gentillesse et d'un authentique sens de l'humour, dont il a d\u00e9montr\u00e9 \u00e0 maintes reprises qu'ils avaient la remarquable capacit\u00e9 de d\u00e9placer des montagnes.<\/p>\n<p>Je vous envoie beaucoup d'amour, ch\u00e8re amie. Merci pour tout ce que vous avez fait pour faire de notre monde commun un endroit meilleur pour tous.<\/p>\n<p>En remerciement,<\/p>\n<p>Vanessa<\/p>\n<p><em>Vanessa Bechtel, pr\u00e9sidente-directrice g\u00e9n\u00e9rale de la VCCF<\/em><\/p>\n<h1 style=\"text-align: center;\">Besoin urgent d'aide en cas de temp\u00eate dans le comt\u00e9 de Ventura<\/h1>\n<p><img loading=\"lazy\" decoding=\"async\" class=\"aligncenter wp-image-20168 size-full\" src=\"https:\/\/vccf.org\/wp-content\/uploads\/2024\/01\/storm-banner.png\" alt=\"A street flooded up to the fences of the homes lining the road\" width=\"600\" height=\"150\" srcset=\"https:\/\/vccf.org\/wp-content\/uploads\/2024\/01\/storm-banner.png 600w, https:\/\/vccf.org\/wp-content\/uploads\/2024\/01\/storm-banner-300x75.png 300w, https:\/\/vccf.org\/wp-content\/uploads\/2024\/01\/storm-banner-18x5.png 18w\" sizes=\"auto, (max-width: 600px) 100vw, 600px\" \/>Les habitants du comt\u00e9 de Ventura ont besoin d'une aide urgente \u00e0 la suite des inondations soudaines, historiques et destructrices de d\u00e9cembre 2023. Plus de 400 maisons et 650 v\u00e9hicules ont \u00e9t\u00e9 endommag\u00e9s, et ce sont principalement des personnes \u00e2g\u00e9es et des familles \u00e0 faibles revenus qui n'ont pas d'assurance ou d'aide de la FEMA pour se remettre sur pied. <a href=\"https:\/\/vccf.org\/fr\/vccf-initiatives\/ventura-county-storm-fund\/\">Soutenez vos voisins en faisant un don aujourd'hui.<\/a><\/p>\n<h1 style=\"text-align: center;\">Le cycle de candidature aux bourses d'\u00e9tudes 2024 enregistre des chiffres records<\/h1>\n<p><img loading=\"lazy\" decoding=\"async\" class=\"size-full wp-image-19676 alignright\" src=\"https:\/\/vccf.org\/wp-content\/uploads\/2023\/11\/nov-2023-scholarship-images.png\" alt=\"\" width=\"300\" height=\"300\" srcset=\"https:\/\/vccf.org\/wp-content\/uploads\/2023\/11\/nov-2023-scholarship-images.png 300w, https:\/\/vccf.org\/wp-content\/uploads\/2023\/11\/nov-2023-scholarship-images-150x150.png 150w, https:\/\/vccf.org\/wp-content\/uploads\/2023\/11\/nov-2023-scholarship-images-12x12.png 12w\" sizes=\"auto, (max-width: 300px) 100vw, 300px\" \/>F\u00e9licitations \u00e0 tous nos \u00e9tudiants qui ont postul\u00e9 pour la saison des bourses VCCF 2024 ! Cette ann\u00e9e, nous avons re\u00e7u un nombre impressionnant de candidatures, soit 1 476 \u00e9tudiants, ce qui repr\u00e9sente une augmentation de 50,6% par rapport \u00e0 l'ann\u00e9e derni\u00e8re !<\/p>\n<p>Les prix seront annonc\u00e9s en mai. Si vous souhaitez aider ces \u00e9tudiants extraordinaires \u00e0 trouver le soutien dont ils ont besoin pour atteindre leurs objectifs acad\u00e9miques, lisez ci-dessous notre offre de b\u00e9n\u00e9volat en tant que lecteur de bourses !<\/p>\n<h1 style=\"text-align: center;\">Vous voulez \u00eatre b\u00e9n\u00e9vole ? Devenez lecteur de bourses d'\u00e9tudes !<\/h1>\n<p><img loading=\"lazy\" decoding=\"async\" class=\"alignright wp-image-20290 size-medium\" src=\"https:\/\/vccf.org\/wp-content\/uploads\/2024\/02\/copy-of-scholarship-readers-inst-300x300.png\" alt=\"\" width=\"300\" height=\"300\" srcset=\"https:\/\/vccf.org\/wp-content\/uploads\/2024\/02\/copy-of-scholarship-readers-inst-300x300.png 300w, https:\/\/vccf.org\/wp-content\/uploads\/2024\/02\/copy-of-scholarship-readers-inst-1024x1024.png 1024w, https:\/\/vccf.org\/wp-content\/uploads\/2024\/02\/copy-of-scholarship-readers-inst-150x150.png 150w, https:\/\/vccf.org\/wp-content\/uploads\/2024\/02\/copy-of-scholarship-readers-inst-768x768.png 768w, https:\/\/vccf.org\/wp-content\/uploads\/2024\/02\/copy-of-scholarship-readers-inst-12x12.png 12w, https:\/\/vccf.org\/wp-content\/uploads\/2024\/02\/copy-of-scholarship-readers-inst.png 1080w\" sizes=\"auto, (max-width: 300px) 100vw, 300px\" \/>Vous voulez aider les \u00e9tudiants du comt\u00e9 de Ventura \u00e0 r\u00e9aliser leurs r\u00eaves \u00e9ducatifs et les mettre en relation avec plus de $1,4 million de bourses d'\u00e9tudes ? Le programme de bourses d'\u00e9tudes du VCCF recrute des b\u00e9n\u00e9voles locaux int\u00e9ress\u00e9s par la lecture et la notation des demandes de bourses d'\u00e9tudes pour la saison 2024 !<\/p>\n<p>La VCCF vous aidera \u00e0 vous former et \u00e0 vous soutenir pour lire virtuellement 25 \u00e0 50 candidatures, sur une p\u00e9riode de six semaines au printemps, \u00e0 votre propre rythme.Remplir le formulaire d'int\u00e9r\u00eat<\/p>\n<h1 style=\"text-align: center;\">La VCCF accueille les nouveaux membres de son \u00e9quipe !<\/h1>\n<p><img loading=\"lazy\" decoding=\"async\" class=\"size-full wp-image-19991 alignright\" src=\"https:\/\/vccf.org\/wp-content\/uploads\/2024\/01\/aidan-headshot.png\" alt=\"\" width=\"300\" height=\"400\" srcset=\"https:\/\/vccf.org\/wp-content\/uploads\/2024\/01\/aidan-headshot.png 300w, https:\/\/vccf.org\/wp-content\/uploads\/2024\/01\/aidan-headshot-225x300.png 225w, https:\/\/vccf.org\/wp-content\/uploads\/2024\/01\/aidan-headshot-9x12.png 9w\" sizes=\"auto, (max-width: 300px) 100vw, 300px\" \/><img loading=\"lazy\" decoding=\"async\" class=\"alignleft wp-image-20134 size-full\" src=\"https:\/\/vccf.org\/wp-content\/uploads\/2024\/01\/sylvia-barron.png\" alt=\"\" width=\"300\" height=\"400\" srcset=\"https:\/\/vccf.org\/wp-content\/uploads\/2024\/01\/sylvia-barron.png 300w, https:\/\/vccf.org\/wp-content\/uploads\/2024\/01\/sylvia-barron-225x300.png 225w, https:\/\/vccf.org\/wp-content\/uploads\/2024\/01\/sylvia-barron-9x12.png 9w\" sizes=\"auto, (max-width: 300px) 100vw, 300px\" \/>La VCCF souhaite la bienvenue aux nouveaux membres de son \u00e9quipe ! Sylvia Barron est directrice de la comptabilit\u00e9 et Aiden Miner est stagiaire en marketing et communication. Apprenez-en plus sur eux ci-dessous.Rencontrez Sylvia et Aiden<\/p>\n<h1 style=\"text-align: center;\">Alliance des missions de sauvetage<\/h1>\n<p><img loading=\"lazy\" decoding=\"async\" class=\"size-full wp-image-20291 aligncenter\" src=\"https:\/\/vccf.org\/wp-content\/uploads\/2024\/02\/rma.png\" alt=\"\" width=\"500\" height=\"375\" srcset=\"https:\/\/vccf.org\/wp-content\/uploads\/2024\/02\/rma.png 500w, https:\/\/vccf.org\/wp-content\/uploads\/2024\/02\/rma-300x225.png 300w, https:\/\/vccf.org\/wp-content\/uploads\/2024\/02\/rma-16x12.png 16w\" sizes=\"auto, (max-width: 500px) 100vw, 500px\" \/>Alors que le mois national de la traite des \u00eatres humains a \u00e9t\u00e9 c\u00e9l\u00e9br\u00e9 en janvier dernier, Rescue Mission Alliance, et plus particuli\u00e8rement le Lighthouse Recovery Program for Women and Children, continue de travailler sans rel\u00e2che pour prot\u00e9ger et soutenir les victimes de la traite des \u00eatres humains. Ils comptent les jours qui les s\u00e9parent de l'ouverture au printemps d'Angel House, leur centre d'Oxnard, qui comptera plus de 20% des lits r\u00e9serv\u00e9s aux femmes et aux enfants victimes de la traite des \u00eatres humains en Californie.<\/p>\n<p>Pour plus d'informations ou pour soutenir ces efforts, veuillez consulter le lien ci-dessous. Devenez partenaire de Rescue Mission Alliance d\u00e8s aujourd'hui et changez des vies pour de bon.En savoir plus<img loading=\"lazy\" decoding=\"async\" class=\"size-full wp-image-19531 aligncenter\" src=\"https:\/\/vccf.org\/wp-content\/uploads\/2023\/10\/power-of-community.png\" alt=\"\" width=\"820\" height=\"312\" srcset=\"https:\/\/vccf.org\/wp-content\/uploads\/2023\/10\/power-of-community.png 820w, https:\/\/vccf.org\/wp-content\/uploads\/2023\/10\/power-of-community-300x114.png 300w, https:\/\/vccf.org\/wp-content\/uploads\/2023\/10\/power-of-community-768x292.png 768w, https:\/\/vccf.org\/wp-content\/uploads\/2023\/10\/power-of-community-18x7.png 18w\" sizes=\"auto, (max-width: 820px) 100vw, 820px\" \/><\/p>\n<h1 style=\"text-align: center;\">Acad\u00e9mie de leadership artistique pour les jeunes TOArts<\/h1>\n<p><img loading=\"lazy\" decoding=\"async\" class=\"aligncenter wp-image-20294\" src=\"https:\/\/vccf.org\/wp-content\/uploads\/2024\/02\/youth-arts-leadership-academy.jpg\" alt=\"\" width=\"450\" height=\"338\" srcset=\"https:\/\/vccf.org\/wp-content\/uploads\/2024\/02\/youth-arts-leadership-academy.jpg 1920w, https:\/\/vccf.org\/wp-content\/uploads\/2024\/02\/youth-arts-leadership-academy-300x225.jpg 300w, https:\/\/vccf.org\/wp-content\/uploads\/2024\/02\/youth-arts-leadership-academy-1024x768.jpg 1024w, https:\/\/vccf.org\/wp-content\/uploads\/2024\/02\/youth-arts-leadership-academy-768x576.jpg 768w, https:\/\/vccf.org\/wp-content\/uploads\/2024\/02\/youth-arts-leadership-academy-1536x1152.jpg 1536w, https:\/\/vccf.org\/wp-content\/uploads\/2024\/02\/youth-arts-leadership-academy-16x12.jpg 16w\" sizes=\"auto, (max-width: 450px) 100vw, 450px\" \/>Le tout nouveau programme de TOArts, la Youth Arts Leadership Academy, a officiellement d\u00e9marr\u00e9 avec une premi\u00e8re r\u00e9union fantastique !<\/p>\n<p>Pendant huit mois, leur groupe de 25 \u00e9l\u00e8ves se r\u00e9unira chaque mois pour acqu\u00e9rir des comp\u00e9tences de vie telles que la gestion financi\u00e8re, personnelle et de projet, tout en b\u00e9n\u00e9ficiant d'une formation professionnelle sp\u00e9cifique aux arts. Ils travailleront ensuite ensemble dans diff\u00e9rents r\u00f4les pour cr\u00e9er et g\u00e9rer un projet de r\u00e9f\u00e9rence qui profitera \u00e0 la communaut\u00e9 \u00e0 la fin de l'ann\u00e9e scolaire.<\/p>\n<p>Ce programme pr\u00e9sente un m\u00e9lange inspirant de ce qui est possible dans le monde des arts et de l'acquisition de comp\u00e9tences inh\u00e9rentes, le tout ancr\u00e9 dans une application du monde r\u00e9el.<\/p>\n<p style=\"text-align: center;\"><a href=\"https:\/\/vccf.org\/fr\/media-news\/email-newsletter-sign-up\/\"><em>Abonnez-vous \u00e0 la lettre d'information Power of Purpose pour recevoir chaque mois de bonnes nouvelles dans votre bo\u00eete aux lettres \u00e9lectronique !<\/em><\/a><\/p>\n<p><\/p>","protected":false},"excerpt":{"rendered":"<p>Ch\u00e8re famille de la Ventura County Community Foundation, Le mois dernier, nous avons perdu un ami bien-aim\u00e9 et un ancien membre estim\u00e9 du conseil d'administration, Gary Erickson. Son absence est profond\u00e9ment ressentie et il nous manque \u00e9norm\u00e9ment....<\/p>","protected":false},"author":3,"featured_media":20082,"comment_status":"closed","ping_status":"closed","sticky":false,"template":"","format":"standard","meta":{"_acf_changed":false,"give_campaign_id":0,"footnotes":""},"categories":[24],"tags":[],"class_list":["post-20288","post","type-post","status-publish","format-standard","has-post-thumbnail","hentry","category-newsletters"],"acf":[],"_links":{"self":[{"href":"https:\/\/vccf.org\/fr\/wp-json\/wp\/v2\/posts\/20288","targetHints":{"allow":["GET"]}}],"collection":[{"href":"https:\/\/vccf.org\/fr\/wp-json\/wp\/v2\/posts"}],"about":[{"href":"https:\/\/vccf.org\/fr\/wp-json\/wp\/v2\/types\/post"}],"author":[{"embeddable":true,"href":"https:\/\/vccf.org\/fr\/wp-json\/wp\/v2\/users\/3"}],"replies":[{"embeddable":true,"href":"https:\/\/vccf.org\/fr\/wp-json\/wp\/v2\/comments?post=20288"}],"version-history":[{"count":0,"href":"https:\/\/vccf.org\/fr\/wp-json\/wp\/v2\/posts\/20288\/revisions"}],"wp:featuredmedia":[{"embeddable":true,"href":"https:\/\/vccf.org\/fr\/wp-json\/wp\/v2\/media\/20082"}],"wp:attachment":[{"href":"https:\/\/vccf.org\/fr\/wp-json\/wp\/v2\/media?parent=20288"}],"wp:term":[{"taxonomy":"category","embeddable":true,"href":"https:\/\/vccf.org\/fr\/wp-json\/wp\/v2\/categories?post=20288"},{"taxonomy":"post_tag","embeddable":true,"href":"https:\/\/vccf.org\/fr\/wp-json\/wp\/v2\/tags?post=20288"}],"curies":[{"name":"wp","href":"https:\/\/api.w.org\/{rel}","templated":true}]}}