{"id":20785,"date":"2024-04-01T16:34:18","date_gmt":"2024-04-01T23:34:18","guid":{"rendered":"https:\/\/vccflegacy.wpenginepowered.com\/?p=20785"},"modified":"2026-02-25T12:01:57","modified_gmt":"2026-02-25T20:01:57","slug":"tequio-program-raises-50000-in-scholarships-for-indigenous-students","status":"publish","type":"post","link":"https:\/\/vccf.org\/fr\/tequio-program-raises-50000-in-scholarships-for-indigenous-students\/","title":{"rendered":"Le programme Tequio permet de collecter $50 000 euros de bourses pour les \u00e9tudiants autochtones"},"content":{"rendered":"<div class=\"wp-block-image\">\n<figure class=\"alignleft size-large is-resized\"><img loading=\"lazy\" decoding=\"async\" width=\"1024\" height=\"683\" src=\"https:\/\/vccf.org\/wp-content\/uploads\/2024\/04\/micop-tequio-scaled-1-1024x683.jpg\" alt=\"\" class=\"wp-image-20787\" style=\"width:461px;height:auto\" srcset=\"https:\/\/vccf.org\/wp-content\/uploads\/2024\/04\/micop-tequio-scaled-1-1024x683.jpg 1024w, https:\/\/vccf.org\/wp-content\/uploads\/2024\/04\/micop-tequio-scaled-1-300x200.jpg 300w, https:\/\/vccf.org\/wp-content\/uploads\/2024\/04\/micop-tequio-scaled-1-768x512.jpg 768w, https:\/\/vccf.org\/wp-content\/uploads\/2024\/04\/micop-tequio-scaled-1-1536x1024.jpg 1536w, https:\/\/vccf.org\/wp-content\/uploads\/2024\/04\/micop-tequio-scaled-1-18x12.jpg 18w, https:\/\/vccf.org\/wp-content\/uploads\/2024\/04\/micop-tequio-scaled-1.jpg 1920w\" sizes=\"auto, (max-width: 1024px) 100vw, 1024px\" \/><\/figure>\n<\/div>\n\n\n<p>Le programme Tequio du projet indig\u00e8ne Mixteco a organis\u00e9 l'\u00e9v\u00e9nement annuel \"Tequio Rising\", au cours duquel il a \u00e9t\u00e9 r\u00e9v\u00e9l\u00e9 que plus de 50 000 dollars avaient \u00e9t\u00e9 collect\u00e9s pour financer des bourses d'\u00e9tudes destin\u00e9es aux \u00e9tudiants indig\u00e8nes. Lors de cet \u00e9v\u00e9nement, il a \u00e9t\u00e9 r\u00e9v\u00e9l\u00e9 que les \u00e9tudiants indig\u00e8nes du comt\u00e9 de Santa Mar\u00eda et de San Luis Obispo pourront \u00e9galement postuler pour cette bourse, rejoignant ainsi ceux du comt\u00e9 de Ventura qui \u00e9taient \u00e0 l'origine les seuls \u00e0 pouvoir b\u00e9n\u00e9ficier de cette bourse.<\/p>\n\n\n\n<p>La bourse Tequio est une ressource pour la communaut\u00e9 indig\u00e8ne migrante. Elle est donc sp\u00e9ciale car elle est con\u00e7ue pour aider et responsabiliser une communaut\u00e9 qui lutte g\u00e9n\u00e9ralement contre les probl\u00e8mes financiers, comme la communaut\u00e9 indig\u00e8ne migrante. La bourse Tequio est \u00e9galement une ressource unique car elle est ouverte aux \u00e9tudiants sans papiers.<\/p>\n\n\n\n<p>L'\u00e9v\u00e9nement \u00e9tait compos\u00e9 d'orateurs qui ont re\u00e7u les bourses dans le pass\u00e9, tels que<\/p>\n\n\n\n<p>Mar\u00eda L\u00f3pez, qui a mentionn\u00e9 : \"Le retour \u00e0 la maison est une belle exp\u00e9rience. Renouer avec les jeunes de Tequio et assister \u00e0 la croissance du programme me remplit de satisfaction. \"J'esp\u00e8re que davantage de jeunes reconna\u00eetront la valeur de ce programme, car il offre un rare sens de la famille en dehors de la maison.<\/p>\n\n\n\n<p>Mme L\u00f3pez a \u00e9galement expliqu\u00e9 comment la bourse Tequio l'a aid\u00e9e dans ses \u00e9tudes et comment l'universit\u00e9 l'a chang\u00e9e en tant que personne et en tant que commentaire :<\/p>\n\n\n\n<p>\"Mon s\u00e9jour \u00e0 l'universit\u00e9 m'a permis d'acqu\u00e9rir de nouvelles exp\u00e9riences et le\u00e7ons que je suis impatient de partager afin d'inspirer d'autres personnes dans leur parcours \u00e9ducatif. \"La r\u00e9silience et la d\u00e9termination des jeunes et des anciens jeunes de Tequio me donnent l'espoir d'un avenir meilleur.<\/p>\n\n\n\n<p>L'\u00e9v\u00e9nement a \u00e9galement permis de remercier les sponsors de l'\u00e9v\u00e9nement, \u00e0 savoir : Edison International, Ventura County Community Foundation, Montecito Bank et Santa Barbara County Behavioral Wellness, pour n'en citer que quelques-uns.<\/p>\n\n\n\n<p>Tequio a \u00e9t\u00e9 fond\u00e9 en 2010 \u00e0 la suite de discussions entre des membres et des dirigeants de la communaut\u00e9. Lors de ces discussions, les leaders communautaires ont d\u00e9cid\u00e9 d'agir sur les barri\u00e8res syst\u00e9miques, linguistiques et sociales qui emp\u00eachent les jeunes autochtones d'exceller dans les espaces scolaires. C'est ainsi que \"Tequio\" a \u00e9t\u00e9 cr\u00e9\u00e9 pour aider financi\u00e8rement les jeunes migrants autochtones afin qu'ils puissent r\u00e9aliser leur r\u00eave d'acc\u00e9der \u00e0 l'enseignement universitaire.<\/p>\n\n\n\n<p>Pour Tequio, le plus important est l'acc\u00e8s aux ressources essentielles pour r\u00e9ussir, et c'est pourquoi il attend avec impatience les candidatures de jeunes autochtones des comt\u00e9s de Ventura, Santa Mar\u00eda et San Luis Obispo pour cette bourse.<\/p>\n\n\n\n<p><em><a href=\"https:\/\/mixteco.org\/tequio-program-raises-50000-in-scholarships-for-indigenous-students\/\" target=\"_blank\" rel=\"noopener\">Cet article a \u00e9t\u00e9 publi\u00e9 \u00e0 l'origine par le MICOP.<\/a><\/em><\/p>","protected":false},"excerpt":{"rendered":"<p>Le programme Tequio du projet indig\u00e8ne Mixteco a organis\u00e9 l'\u00e9v\u00e9nement annuel \"Tequio Rising\", au cours duquel il a \u00e9t\u00e9 r\u00e9v\u00e9l\u00e9 que plus de 50 000 dollars avaient \u00e9t\u00e9 collect\u00e9s pour...<\/p>","protected":false},"author":5,"featured_media":20787,"comment_status":"closed","ping_status":"closed","sticky":false,"template":"","format":"standard","meta":{"_acf_changed":false,"give_campaign_id":0,"footnotes":""},"categories":[22],"tags":[],"class_list":["post-20785","post","type-post","status-publish","format-standard","has-post-thumbnail","hentry","category-latest-coverage"],"acf":[],"_links":{"self":[{"href":"https:\/\/vccf.org\/fr\/wp-json\/wp\/v2\/posts\/20785","targetHints":{"allow":["GET"]}}],"collection":[{"href":"https:\/\/vccf.org\/fr\/wp-json\/wp\/v2\/posts"}],"about":[{"href":"https:\/\/vccf.org\/fr\/wp-json\/wp\/v2\/types\/post"}],"author":[{"embeddable":true,"href":"https:\/\/vccf.org\/fr\/wp-json\/wp\/v2\/users\/5"}],"replies":[{"embeddable":true,"href":"https:\/\/vccf.org\/fr\/wp-json\/wp\/v2\/comments?post=20785"}],"version-history":[{"count":0,"href":"https:\/\/vccf.org\/fr\/wp-json\/wp\/v2\/posts\/20785\/revisions"}],"wp:featuredmedia":[{"embeddable":true,"href":"https:\/\/vccf.org\/fr\/wp-json\/wp\/v2\/media\/20787"}],"wp:attachment":[{"href":"https:\/\/vccf.org\/fr\/wp-json\/wp\/v2\/media?parent=20785"}],"wp:term":[{"taxonomy":"category","embeddable":true,"href":"https:\/\/vccf.org\/fr\/wp-json\/wp\/v2\/categories?post=20785"},{"taxonomy":"post_tag","embeddable":true,"href":"https:\/\/vccf.org\/fr\/wp-json\/wp\/v2\/tags?post=20785"}],"curies":[{"name":"wp","href":"https:\/\/api.w.org\/{rel}","templated":true}]}}