{"id":21648,"date":"2024-11-01T17:41:46","date_gmt":"2024-11-01T17:41:46","guid":{"rendered":"https:\/\/vccf.org\/festival-celebrating-early-childhood-education-for-all-a-huge-success\/"},"modified":"2025-02-26T05:40:31","modified_gmt":"2025-02-26T13:40:31","slug":"festival-celebrating-early-childhood-education-for-all-a-huge-success","status":"publish","type":"post","link":"https:\/\/vccf.org\/fr\/festival-celebrating-early-childhood-education-for-all-a-huge-success\/","title":{"rendered":"Le festival c\u00e9l\u00e9brant l'\u00e9ducation de la petite enfance pour tous remporte un vif succ\u00e8s"},"content":{"rendered":"<p><\/p>\n<h2>Plus de 680 participants et 100 b\u00e9n\u00e9voles au festival des enfants Todos Juntos Por Los Ni\u00f1os<\/h2>\n<p>SANTA PAULA - Plus de 680 enfants et membres de leurs familles ont particip\u00e9 au festival des enfants Todos Juntos Por Los Ni\u00f1os qui s'est tenu \u00e0 l'\u00e9cole primaire Glen City de Santa Paula le samedi 19 octobre. L'\u00e9v\u00e9nement organis\u00e9 par le Projet Isabella a \u00e9t\u00e9 con\u00e7u sp\u00e9cialement pour les enfants de 0 \u00e0 5 ans, cr\u00e9ant un espace joyeux pour que des centaines de familles puissent se rencontrer, jouer et s'informer sur la vaste gamme de services de soutien \u00e0 leur disposition. Le festival comprenait 48 stands d'organisations du comt\u00e9 de Ventura, telles que California State University, Channel Islands ; Child Development Resources ; First 5 Ventura County ; kidSTREAM ; Poder Popular et le bureau de l'\u00e9ducation du comt\u00e9 de Ventura. Les familles ont pu s'informer sur le projet Isabella, les ressources pour la petite enfance, l'aide au logement, les services de sant\u00e9, la sensibilisation aux chaleurs extr\u00eames, l'engagement culturel, les activit\u00e9s sportives gratuites et bien d'autres choses encore.<\/p>\n<p>\"Le projet Isabella est un partenariat vraiment magnifique qui vise \u00e0 fournir \u00e0 tous les enfants de Santa Paula un acc\u00e8s \u00e0 des soins et \u00e0 une \u00e9ducation pr\u00e9coces de haute qualit\u00e9 et \u00e0 temps plein qui r\u00e9pondent aux besoins de leurs familles\", a d\u00e9clar\u00e9 Steve Bennett, membre de l'Assembl\u00e9e, dans un message publi\u00e9 sur les m\u00e9dias sociaux \u00e0 la suite de l'\u00e9v\u00e9nement.<\/p>\n<p>Atticus Reyes, repr\u00e9sentant de Bennett sur le terrain, a pris la parole lors de l'\u00e9v\u00e9nement, de m\u00eame que Leslie Cornejo, maire de Santa Paula, et Andy Sobel, membre du conseil municipal, qui ont tous soulign\u00e9 l'importance du projet Isabella et de l'\u00e9ducation de la petite enfance au sein de la communaut\u00e9.<\/p>\n<p>\"Nous devons cette journ\u00e9e extraordinaire au travail de c\u0153ur de plus de 100 b\u00e9n\u00e9voles qui l'ont rendue possible\", a d\u00e9clar\u00e9 le Dr Gabino Aguirre, copr\u00e9sident du projet Isabella. \"Ensemble, nous avons cr\u00e9\u00e9 un espace pour que les familles puissent c\u00e9l\u00e9brer leurs enfants et leurs semblables. Merci \u00e0 tous ceux qui ont contribu\u00e9 \u00e0 faire de cette vision une r\u00e9alit\u00e9\".<\/p>\n<p>Les familles ont \u00e9galement pu profiter d'une attraction ferroviaire exploit\u00e9e par le service des parcs et loisirs de la ville de Santa Paula, de camions de nourriture et de maquillage, ainsi que de spectacles de danseurs folkloriques du Proyecto Esperanza, de Mariachis pour enfants du centre culturel Inlakech, d'\u00e9tudiants en taekwondo de Twin Tigers et de White Rabbit Magic. Pour rendre ce festival d'automne encore plus festif, la ferme Prancer's a fait don de 100 citrouilles qui ont bord\u00e9 les all\u00e9es menant les invit\u00e9s \u00e0 la f\u00eate.<\/p>\n<p>Cet \u00e9v\u00e9nement gratuit a \u00e9t\u00e9 rendu possible gr\u00e2ce \u00e0 une subvention de $100 000 du Resilience, Capacity Building, and Community Engagement Grant Program de la League of California Community Foundations pour soutenir les organisations de messagers de confiance dans la promotion d'une \u00e9ducation de la petite enfance de la plus haute qualit\u00e9.<\/p>\n<p><strong>\u00c0 propos du projet Isabella<\/strong> - Le Projet Isabella est un projet pilote dont l'objectif est de garantir que tous les enfants de Santa Paula aient acc\u00e8s \u00e0 des soins et \u00e0 une \u00e9ducation pr\u00e9coces de haute qualit\u00e9, \u00e0 temps plein, qui r\u00e9pondent aux besoins de leurs familles. Convoqu\u00e9 pour la premi\u00e8re fois par la Ventura County Community Foundation en 2021, ce groupe est aujourd'hui compos\u00e9 de plus de 120 partenaires communautaires de tout le comt\u00e9 de Ventura et de secteurs allant de l'enseignement sup\u00e9rieur \u00e0 la garde d'enfants en passant par les soins de sant\u00e9 mentale et bien d'autres encore. Le projet se veut un mod\u00e8le pour la cr\u00e9ation d'un r\u00e9seau de soins int\u00e9gr\u00e9s par le biais de prestataires pr\u00e9existants et nouveaux dans la ville, qui pourra \u00eatre reproduit dans d'autres villes du comt\u00e9. <a href=\"http:\/\/vccflegacy.wpenginepowered.com\/isabella-project\" target=\"_blank\" rel=\"noopener\">vccf.org\/isabella-project<\/a><\/p>","protected":false},"excerpt":{"rendered":"<p>Over 680 attendees and 100 volunteers at Todos Juntos Por Los Ni\u00f1os Children\u2019s Festival SANTA PAULA \u2014 Over 680 children and family members attended the Todos Juntos Por Los Ni\u00f1os&hellip;<\/p>","protected":false},"author":4,"featured_media":21649,"comment_status":"closed","ping_status":"closed","sticky":false,"template":"","format":"standard","meta":{"_acf_changed":false,"give_campaign_id":0,"footnotes":""},"categories":[22,27],"tags":[],"class_list":["post-21648","post","type-post","status-publish","format-standard","has-post-thumbnail","hentry","category-latest-coverage","category-blog-posts"],"acf":[],"_links":{"self":[{"href":"https:\/\/vccf.org\/fr\/wp-json\/wp\/v2\/posts\/21648","targetHints":{"allow":["GET"]}}],"collection":[{"href":"https:\/\/vccf.org\/fr\/wp-json\/wp\/v2\/posts"}],"about":[{"href":"https:\/\/vccf.org\/fr\/wp-json\/wp\/v2\/types\/post"}],"author":[{"embeddable":true,"href":"https:\/\/vccf.org\/fr\/wp-json\/wp\/v2\/users\/4"}],"replies":[{"embeddable":true,"href":"https:\/\/vccf.org\/fr\/wp-json\/wp\/v2\/comments?post=21648"}],"version-history":[{"count":0,"href":"https:\/\/vccf.org\/fr\/wp-json\/wp\/v2\/posts\/21648\/revisions"}],"wp:featuredmedia":[{"embeddable":true,"href":"https:\/\/vccf.org\/fr\/wp-json\/wp\/v2\/media\/21649"}],"wp:attachment":[{"href":"https:\/\/vccf.org\/fr\/wp-json\/wp\/v2\/media?parent=21648"}],"wp:term":[{"taxonomy":"category","embeddable":true,"href":"https:\/\/vccf.org\/fr\/wp-json\/wp\/v2\/categories?post=21648"},{"taxonomy":"post_tag","embeddable":true,"href":"https:\/\/vccf.org\/fr\/wp-json\/wp\/v2\/tags?post=21648"}],"curies":[{"name":"wp","href":"https:\/\/api.w.org\/{rel}","templated":true}]}}