{"id":21988,"date":"2024-11-08T11:36:31","date_gmt":"2024-11-08T19:36:31","guid":{"rendered":"https:\/\/vccf.org\/?p=21988"},"modified":"2025-01-29T07:47:03","modified_gmt":"2025-01-29T07:47:03","slug":"governor-views-mountain-fire-devastation-more-than-20000-acres-burned-scores-of-homes-destroyed","status":"publish","type":"post","link":"https:\/\/vccf.org\/fr\/governor-views-mountain-fire-devastation-more-than-20000-acres-burned-scores-of-homes-destroyed\/","title":{"rendered":"Le gouverneur observe la d\u00e9vastation caus\u00e9e par l'incendie de montagne : plus de 20 000 acres ont br\u00fbl\u00e9 et des dizaines de maisons ont \u00e9t\u00e9 d\u00e9truites"},"content":{"rendered":"<p><em><a href=\"https:\/\/www.kvta.com\/news\/governor-views-mountain-fire-devastation-more-than-20000-acres-burned-scores-of-homes-destroyed\/\" target=\"_blank\" rel=\"noopener\">Cet article a \u00e9t\u00e9 initialement publi\u00e9 par KVTA.<\/a><\/em><\/p>\n<p>Mise \u00e0 jour - Le gouverneur Newsom a visit\u00e9 les d\u00e9g\u00e2ts caus\u00e9s par le \"Mountain Fire\" jeudi et a proclam\u00e9 l'\u00e9tat d'urgence pour le comt\u00e9 de Ventura, ce qui signifie que des fonds de l'\u00c9tat et du gouvernement f\u00e9d\u00e9ral ainsi que d'autres ressources seront n\u00e9cessaires pour faire face \u00e0 la catastrophe.<\/p>\n<p>La visite du gouverneur a eu lieu le jour o\u00f9 les premiers r\u00e9sultats de l'enqu\u00eate ont r\u00e9v\u00e9l\u00e9 qu'au moins 132 maisons et autres structures ont \u00e9t\u00e9 d\u00e9truites et 88 endommag\u00e9es.<\/p>\n<p>L'enqu\u00eate vient de commencer et ces chiffres devraient augmenter.<\/p>\n<p>Des milliers de personnes ont \u00e9t\u00e9 d\u00e9plac\u00e9es par l'incendie sans que l'on sache quand elles seront autoris\u00e9es \u00e0 revenir, en supposant qu'elles aient quelque chose \u00e0 retrouver.<\/p>\n<p>Entre-temps, une flamb\u00e9e s'est produite jeudi \u00e0 la lisi\u00e8re orientale de l'incendie, pr\u00e8s de l'endroit o\u00f9 il a d\u00e9marr\u00e9 mercredi matin.<\/p>\n<p>Le nombre total d'hectares br\u00fbl\u00e9s jusqu'\u00e0 pr\u00e9sent est de plus de 20 000 avec seulement 5% de confinement.<\/p>\n<p>Mais la situation commence \u00e0 s'am\u00e9liorer \u00e0 mesure que le temps devient plus favorable aux pompiers et jeudi, les conditions de vent ont finalement permis aux grands avions-citernes de faire leur travail en larguant des quantit\u00e9s massives de produit ignifuge.<\/p>\n<p>Plusieurs \u00e9coles restent ferm\u00e9es au moins jusqu'\u00e0 la semaine prochaine et de nombreuses fermetures de routes sont toujours en vigueur.<\/p>\n<p>La cause de l'incendie fait toujours l'objet d'une enqu\u00eate.<\/p>\n<p>Plusieurs organisations, dont la Ventura County Community Foundation et la Ventura Chamber, s'efforcent de venir en aide aux victimes de l'incendie.<\/p>","protected":false},"excerpt":{"rendered":"<p>This article was originally published by KVTA. Update&#8211;Governor Newsom toured the devastation of the &#8220;Mountain Fire&#8221; Thursday as he proclaimed a State of Emergency for Ventura County that will mean&hellip;<\/p>","protected":false},"author":3,"featured_media":21997,"comment_status":"closed","ping_status":"closed","sticky":false,"template":"","format":"standard","meta":{"_acf_changed":false,"give_campaign_id":0,"footnotes":""},"categories":[22],"tags":[],"class_list":["post-21988","post","type-post","status-publish","format-standard","has-post-thumbnail","hentry","category-latest-coverage"],"acf":[],"_links":{"self":[{"href":"https:\/\/vccf.org\/fr\/wp-json\/wp\/v2\/posts\/21988","targetHints":{"allow":["GET"]}}],"collection":[{"href":"https:\/\/vccf.org\/fr\/wp-json\/wp\/v2\/posts"}],"about":[{"href":"https:\/\/vccf.org\/fr\/wp-json\/wp\/v2\/types\/post"}],"author":[{"embeddable":true,"href":"https:\/\/vccf.org\/fr\/wp-json\/wp\/v2\/users\/3"}],"replies":[{"embeddable":true,"href":"https:\/\/vccf.org\/fr\/wp-json\/wp\/v2\/comments?post=21988"}],"version-history":[{"count":0,"href":"https:\/\/vccf.org\/fr\/wp-json\/wp\/v2\/posts\/21988\/revisions"}],"wp:featuredmedia":[{"embeddable":true,"href":"https:\/\/vccf.org\/fr\/wp-json\/wp\/v2\/media\/21997"}],"wp:attachment":[{"href":"https:\/\/vccf.org\/fr\/wp-json\/wp\/v2\/media?parent=21988"}],"wp:term":[{"taxonomy":"category","embeddable":true,"href":"https:\/\/vccf.org\/fr\/wp-json\/wp\/v2\/categories?post=21988"},{"taxonomy":"post_tag","embeddable":true,"href":"https:\/\/vccf.org\/fr\/wp-json\/wp\/v2\/tags?post=21988"}],"curies":[{"name":"wp","href":"https:\/\/api.w.org\/{rel}","templated":true}]}}