{"id":22120,"date":"2024-11-19T14:43:03","date_gmt":"2024-11-19T22:43:03","guid":{"rendered":"https:\/\/vccf.org\/?p=22119"},"modified":"2025-01-29T07:47:02","modified_gmt":"2025-01-29T07:47:02","slug":"wells-fargo-announces-grants-for-mountain-fire-recovery","status":"publish","type":"post","link":"https:\/\/vccf.org\/fr\/wells-fargo-announces-grants-for-mountain-fire-recovery\/","title":{"rendered":"Wells Fargo annonce des subventions pour le r\u00e9tablissement de l'incendie de montagne"},"content":{"rendered":"<p><em><a href=\"https:\/\/www.pacbiztimes.com\/2024\/11\/14\/wells-fargo-announces-grants-for-mountain-fire-recovery\/?mc_cid=1581beed0f&amp;mc_eid=c8d7e18f46\" target=\"_blank\" rel=\"noopener\">Cet article a \u00e9t\u00e9 initialement publi\u00e9 par le Pacific Coast Business Times.<\/a><\/em><\/p>\n<p>La collecte de fonds pour les victimes de l'incendie de montagne a re\u00e7u un s\u00e9rieux coup de pouce le 13 novembre lorsque Wells Fargo a annonc\u00e9 une subvention de $100 000 pour soutenir la Ventura County Community Foundation et les efforts de reconstruction.<\/p>\n<p>Selon Vanessa Bechtel, directrice g\u00e9n\u00e9rale de la VCCF, la fondation avait d\u00e9j\u00e0 apport\u00e9 un soutien de plus de 1,4 million de tonnes et fourni 1,4 million de tonnes suppl\u00e9mentaires \u00e0 la Croix-Rouge pour venir en aide aux victimes de l'incendie. Le don de Wells Fargo augmentera consid\u00e9rablement l'aide disponible pour les personnes qui ont perdu leur maison ou subi des dommages lors de l'incendie.<\/p>\n<p>\"La d\u00e9vastation caus\u00e9e par ces incendies prend des ann\u00e9es aux familles pour s'en remettre, et nous comprenons \u00e0 quel point l'aide financi\u00e8re est vitale dans ces moments difficiles\", a d\u00e9clar\u00e9 K\u00e4ren Woodruff, vice-pr\u00e9sident principal des relations avec les communaut\u00e9s pour Wells Fargo. \"La Wells Fargo est d\u00e9termin\u00e9e \u00e0 \u00eatre l\u00e0 pour aider, et nous sommes profond\u00e9ment reconnaissants \u00e0 tous ceux qui se joignent \u00e0 nous pour soutenir nos voisins dans le besoin.\"<\/p>\n<p>Mme Bechtel s'est d\u00e9clar\u00e9e satisfaite du volume de petits dons de l'ordre de $25 qui ont afflu\u00e9 apr\u00e8s l'appel \u00e0 financement. \"La philanthropie est dans notre ADN\", a-t-elle d\u00e9clar\u00e9.<\/p>\n<p>Plus pr\u00e9cis\u00e9ment, la VCCF a pris un engagement de $103 500 pour le soutien au Mountain Fire \u00e0 partir du Ventura County Wildfire Relief and Recovery Fund (Fonds de secours et de r\u00e9tablissement du comt\u00e9 de Ventura en cas d'incendie).<\/p>\n<p>Sur ce montant, $87 000 ont \u00e9t\u00e9 consacr\u00e9s \u00e0 l'aide financi\u00e8re directe aux victimes des incendies.<\/p>\n<p>Un montant de 10 000 euros a \u00e9t\u00e9 consacr\u00e9 aux \u00e9vacuations d'urgence d'animaux, et la VCCF a accord\u00e9 une subvention de 6 500 euros \u00e0 Interface Children &amp; Family Services pour soutenir leur travail aupr\u00e8s des victimes d'incendies, y compris les r\u00e9ponses 211.<\/p>\n<p>Pour en savoir plus, consultez le site vccf.org.<\/p>","protected":false},"excerpt":{"rendered":"<p>Cet article a \u00e9t\u00e9 publi\u00e9 \u00e0 l'origine par le Pacific Coast Business Times. La collecte de fonds pour les victimes de l'incendie de montagne a re\u00e7u un s\u00e9rieux coup de pouce le 13 novembre lorsque Wells Fargo a annonc\u00e9...<\/p>","protected":false},"author":3,"featured_media":21885,"comment_status":"closed","ping_status":"closed","sticky":false,"template":"","format":"standard","meta":{"_acf_changed":false,"give_campaign_id":0,"footnotes":""},"categories":[22],"tags":[],"class_list":["post-22120","post","type-post","status-publish","format-standard","has-post-thumbnail","hentry","category-latest-coverage"],"acf":[],"_links":{"self":[{"href":"https:\/\/vccf.org\/fr\/wp-json\/wp\/v2\/posts\/22120","targetHints":{"allow":["GET"]}}],"collection":[{"href":"https:\/\/vccf.org\/fr\/wp-json\/wp\/v2\/posts"}],"about":[{"href":"https:\/\/vccf.org\/fr\/wp-json\/wp\/v2\/types\/post"}],"author":[{"embeddable":true,"href":"https:\/\/vccf.org\/fr\/wp-json\/wp\/v2\/users\/3"}],"replies":[{"embeddable":true,"href":"https:\/\/vccf.org\/fr\/wp-json\/wp\/v2\/comments?post=22120"}],"version-history":[{"count":0,"href":"https:\/\/vccf.org\/fr\/wp-json\/wp\/v2\/posts\/22120\/revisions"}],"wp:featuredmedia":[{"embeddable":true,"href":"https:\/\/vccf.org\/fr\/wp-json\/wp\/v2\/media\/21885"}],"wp:attachment":[{"href":"https:\/\/vccf.org\/fr\/wp-json\/wp\/v2\/media?parent=22120"}],"wp:term":[{"taxonomy":"category","embeddable":true,"href":"https:\/\/vccf.org\/fr\/wp-json\/wp\/v2\/categories?post=22120"},{"taxonomy":"post_tag","embeddable":true,"href":"https:\/\/vccf.org\/fr\/wp-json\/wp\/v2\/tags?post=22120"}],"curies":[{"name":"wp","href":"https:\/\/api.w.org\/{rel}","templated":true}]}}