{"id":22339,"date":"2024-12-24T13:18:00","date_gmt":"2024-12-24T13:18:00","guid":{"rendered":"https:\/\/vccf.org\/?p=22339"},"modified":"2025-03-05T02:27:46","modified_gmt":"2025-03-05T10:27:46","slug":"vccf-power-of-purpose-december-2024","status":"publish","type":"post","link":"https:\/\/vccf.org\/fr\/vccf-power-of-purpose-december-2024\/","title":{"rendered":"VCCF Power of Purpose - D\u00e9cembre 2024"},"content":{"rendered":"<div class=\"wp-block-image\">\n<figure class=\"aligncenter size-full is-resized\"><img loading=\"lazy\" decoding=\"async\" width=\"600\" height=\"301\" src=\"https:\/\/vccf.org\/wp-content\/uploads\/2025\/01\/0ea2f070-926c-4b9e-fc28-bf93f02f9fe2.png\" alt=\"\" class=\"wp-image-22333\" style=\"width:832px;height:auto\" srcset=\"https:\/\/vccf.org\/wp-content\/uploads\/2025\/01\/0ea2f070-926c-4b9e-fc28-bf93f02f9fe2.png 600w, https:\/\/vccf.org\/wp-content\/uploads\/2025\/01\/0ea2f070-926c-4b9e-fc28-bf93f02f9fe2-300x151.png 300w, https:\/\/vccf.org\/wp-content\/uploads\/2025\/01\/0ea2f070-926c-4b9e-fc28-bf93f02f9fe2-18x9.png 18w\" sizes=\"auto, (max-width: 600px) 100vw, 600px\" \/><\/figure>\n<\/div>\n\n\n<div style=\"height:10px\" aria-hidden=\"true\" class=\"wp-block-spacer\"><\/div>\n\n\n\n<p>Ch\u00e8re famille de la Ventura County Community Foundation,<\/p>\n\n\n\n<p>Au cours des derni\u00e8res semaines, nous avons&nbsp;<strong>ont \u00e9t\u00e9 t\u00e9moins d'actes de g\u00e9n\u00e9rosit\u00e9 extraordinaires<\/strong>&nbsp;qui ont non seulement am\u00e9lior\u00e9 la vie de centaines de familles au sein de notre communaut\u00e9, mais qui ont \u00e9galement abord\u00e9 certains des probl\u00e8mes les plus urgents de l'Union europ\u00e9enne.&nbsp;<strong>Les d\u00e9fis les plus urgents du comt\u00e9 de Ventura<\/strong>L'Union europ\u00e9enne a un r\u00f4le important \u00e0 jouer dans l'am\u00e9lioration de la qualit\u00e9 de vie des citoyens, notamment en ce qui concerne l'acc\u00e8s \u00e0 l'eau potable, l'enseignement sup\u00e9rieur, la pr\u00e9servation du journalisme local et le logement abordable.<\/p>\n\n\n\n<p>Gr\u00e2ce \u00e0 votre compassion et \u00e0 votre soutien ind\u00e9fectible \u00e0 vos voisins, le conseil d'administration de la VCCF a approuv\u00e9 la semaine derni\u00e8re un montant suppl\u00e9mentaire de 1,5 million d'euros.&nbsp;<strong>$650 000 pour aider les personnes les plus touch\u00e9es par l'incendie de montagne<\/strong>. \u00c0 ce jour, plus de&nbsp;<strong>$975,313<\/strong>&nbsp;a \u00e9t\u00e9 accord\u00e9e, permettant aux familles d'avoir acc\u00e8s \u00e0 des logements temporaires, au remplacement d'\u00e9quipements m\u00e9dicaux vitaux et \u00e0 d'autres ressources essentielles. Votre g\u00e9n\u00e9rosit\u00e9 a \u00e9galement permis de couvrir les frais v\u00e9t\u00e9rinaires d'urgence pour les animaux bless\u00e9s, de soutenir plus de 450 sauvetages d'animaux et de fournir aux familles une aide financi\u00e8re et des services de garde d'enfants dont elles ont grand besoin pour reconstruire leur vie. Vous avez aid\u00e9 des ouvriers agricoles qui avaient perdu leur travail et leur logement, et bien d'autres choses encore.<\/p>\n\n\n\n<p>J'aimerais que vous puissiez voir la gratitude que ces familles \u00e9prouvent \u00e0 l'\u00e9gard de chacun d'entre vous - vous leur donnez de l'espoir, en leur rappelant qu'elles ne sont pas seules et que des personnes qu'elles ne rencontreront peut-\u00eatre jamais se soucient sinc\u00e8rement d'elles.<\/p>\n\n\n\n<p>Nous sommes profond\u00e9ment reconnaissants \u00e0 nos partenaires de&nbsp;<strong>Interface Children &amp; Family Services&nbsp;<\/strong>et<strong>&nbsp;Organisations b\u00e9n\u00e9voles du comt\u00e9 de Ventura actives en cas de catastrophe<\/strong>&nbsp;pour leur d\u00e9vouement sans faille pendant cette p\u00e9riode critique. Nous tenons \u00e9galement \u00e0 remercier les&nbsp;<strong>Comt\u00e9 de Ventura<\/strong>Nous tenons \u00e0 remercier tous les membres de la Commission, en particulier nos \u00e9lus et notre \u00e9quipe dirigeante, pour les efforts inlassables qu'ils ont d\u00e9ploy\u00e9s afin d'aider notre communaut\u00e9 \u00e0 se remettre sur pied.<\/p>\n\n\n\n<p>En plus de ces efforts, le conseil d'administration de la VCCF a \u00e9galement approuv\u00e9&nbsp;<strong>$511,942.41<\/strong>&nbsp;en subventions pour soutenir un large \u00e9ventail d'initiatives percutantes, dont les suivantes :<\/p>\n\n\n\n<ul class=\"wp-block-list\">\n<li>Am\u00e9liorer le bien-\u00eatre et le r\u00e9tablissement gr\u00e2ce \u00e0&nbsp;<strong>Nate's Place<\/strong><\/li>\n\n\n\n<li>Lancement d'un programme pilote de neurofeedback avec la&nbsp;<strong>Fondation des pompiers d'Oxnard&nbsp;<\/strong>soutenir la sant\u00e9 mentale des pompiers et des premiers intervenants<\/li>\n\n\n\n<li>\u00c9largir l'acc\u00e8s \u00e0 l'art et \u00e0 la culture gr\u00e2ce \u00e0&nbsp;<strong>Th\u00e9\u00e2tre New Art City<\/strong>qui cr\u00e9e des opportunit\u00e9s pour les artistes et les publics locaux de faire l'exp\u00e9rience du pouvoir transformateur du spectacle vivant.<\/li>\n\n\n\n<li>Soutenir les anciens sans-abri par le biais du&nbsp;<strong>Autorit\u00e9 du logement de la ville de San Buenaventura<\/strong>&nbsp;en couvrant les frais v\u00e9t\u00e9rinaires initiaux et en fournissant des produits de premi\u00e8re n\u00e9cessit\u00e9 \u00e0 leurs animaux de compagnie lors de leur installation dans un nouveau foyer<\/li>\n\n\n\n<li>Et plus encore...<\/li>\n<\/ul>\n\n\n\n<p>Nous sommes profond\u00e9ment reconnaissants \u00e0 la VCCF pour son soutien \u00e0 la mise en \u0153uvre du programme.&nbsp;<strong>d\u00e9tenteurs de fonds \u00e0 vocation arr\u00eat\u00e9e par le donateur<\/strong>&nbsp;qui ont collectivement contribu\u00e9 \u00e0 une incroyable&nbsp;<strong>$2,202,608.91<\/strong>&nbsp;en subventions \u00e0 des organisations \u00e0 but non lucratif dans l'ensemble de notre communaut\u00e9, rien qu'au cours des derni\u00e8res semaines. Ces dons transformateurs comprennent un soutien significatif \u00e0 des organisations telles que&nbsp;<strong>Food Share, Project Understanding, Casa Pacifica Centers for Children &amp; Families, Habitat for Humanity, Gold Coast Veterans Foundation et kidSTREAM, entre autres.<\/strong>.<\/p>\n\n\n\n<p>Comme beaucoup d'entre vous le savent, l'une de mes chansons pr\u00e9f\u00e9r\u00e9es de tous les temps est&nbsp;<strong><a href=\"https:\/\/www.youtube.com\/watch?v=sZTSepCUm9I\" target=\"_blank\" rel=\"noopener\">Jennifer Warnes et Joe Cocker : \"Up Where We Belong\" (L\u00e0 o\u00f9 nous sommes)<\/a><\/strong>-une chanson qui rappelle avec force que lorsque nous agissons par amour, nous pouvons r\u00e9aliser ce qui semble impossible. Alors que 2024 s'ach\u00e8ve, je nous souhaite \u00e0 tous une ann\u00e9e remplie d'amour et du pouvoir extraordinaire qu'il apporte.<\/p>\n\n\n\n<div style=\"height:10px\" aria-hidden=\"true\" class=\"wp-block-spacer\"><\/div>\n\n\n\n<p>Avec mes remerciements les plus sinc\u00e8res,<\/p>\n\n\n\n<p>Vanessa<\/p>\n\n\n\n<p><em>Vanessa Bechtel, pr\u00e9sidente-directrice g\u00e9n\u00e9rale de la VCCF<\/em><\/p>\n\n\n\n<div style=\"height:10px\" aria-hidden=\"true\" class=\"wp-block-spacer\"><\/div>\n\n\n<div class=\"wp-block-image\">\n<figure class=\"aligncenter size-full is-resized\"><img loading=\"lazy\" decoding=\"async\" width=\"1024\" height=\"656\" src=\"https:\/\/vccf.org\/wp-content\/uploads\/2025\/01\/jeff-gorell-1024x656-1.jpg\" alt=\"\" class=\"wp-image-22334\" style=\"width:578px;height:auto\" srcset=\"https:\/\/vccf.org\/wp-content\/uploads\/2025\/01\/jeff-gorell-1024x656-1.jpg 1024w, https:\/\/vccf.org\/wp-content\/uploads\/2025\/01\/jeff-gorell-1024x656-1-300x192.jpg 300w, https:\/\/vccf.org\/wp-content\/uploads\/2025\/01\/jeff-gorell-1024x656-1-768x492.jpg 768w, https:\/\/vccf.org\/wp-content\/uploads\/2025\/01\/jeff-gorell-1024x656-1-18x12.jpg 18w\" sizes=\"auto, (max-width: 1024px) 100vw, 1024px\" \/><\/figure>\n<\/div>\n\n\n<div style=\"height:10px\" aria-hidden=\"true\" class=\"wp-block-spacer\"><\/div>\n\n\n\n<hr class=\"wp-block-separator has-alpha-channel-opacity is-style-wide\"\/>\n\n\n\n<div style=\"height:10px\" aria-hidden=\"true\" class=\"wp-block-spacer\"><\/div>\n\n\n\n<h2 class=\"wp-block-heading has-text-align-center\">Mise \u00e0 jour du fonds de secours et de r\u00e9cup\u00e9ration des incendies de for\u00eat du comt\u00e9 de Ventura<\/h2>\n\n\n\n<p>Nous sommes stup\u00e9faits par l'immense g\u00e9n\u00e9rosit\u00e9 et la gentillesse qui r\u00e8gnent dans le comt\u00e9 de Ventura, pour tous ceux qui ont tendu la main pour aider leurs voisins encore aux prises avec les cons\u00e9quences de l'incendie de montagne. Vos dons, votre b\u00e9n\u00e9volat et le partage d'informations ont transform\u00e9 des vies et aid\u00e9 des familles \u00e0 se remettre sur la voie de la gu\u00e9rison. Gr\u00e2ce \u00e0 vous, la VCCF est tr\u00e8s reconnaissante d'avoir pu allouer $975,313 \u00e0 la communaut\u00e9 la plus touch\u00e9e par l'incendie. Lisez notre derni\u00e8re mise \u00e0 jour sur la communaut\u00e9 ci-dessous.<\/p>\n\n\n\n<div class=\"wp-block-buttons is-content-justification-center is-layout-flex wp-container-core-buttons-is-layout-16018d1d wp-block-buttons-is-layout-flex\">\n<div class=\"wp-block-button has-custom-width wp-block-button__width-25 has-custom-font-size is-style-fill has-medium-font-size\"><a class=\"wp-block-button__link has-fl-topbar-bg-color has-text-color has-background has-link-color has-text-align-center wp-element-button\" href=\"https:\/\/vccf.org\/fr\/vccf-community-update-on-mountain-fire\/\" style=\"background-color:#3ca5e7\">Lire notre mise \u00e0 jour<\/a><\/div>\n<\/div>\n\n\n\n<div style=\"height:10px\" aria-hidden=\"true\" class=\"wp-block-spacer\"><\/div>\n\n\n\n<hr class=\"wp-block-separator has-alpha-channel-opacity is-style-wide\"\/>\n\n\n\n<div style=\"height:10px\" aria-hidden=\"true\" class=\"wp-block-spacer\"><\/div>\n\n\n\n<h2 class=\"wp-block-heading has-text-align-center\">Ouverture prochaine des subventions aux organisations \u00e0 but non lucratif !<\/h2>\n\n\n\n<p>Le VCCF a trois subventions ouvertes en d\u00e9cembre pour le Limoneira Foundation Fund, le Barbara Barnard Smith Fund for World Musics, et le Bert M. and Mildred O. Dahl Fund. Si votre association souhaite poser sa candidature, vous trouverez plus d'informations ci-dessous !<\/p>\n\n\n\n<div class=\"wp-block-buttons is-content-justification-center is-layout-flex wp-container-core-buttons-is-layout-16018d1d wp-block-buttons-is-layout-flex\">\n<div class=\"wp-block-button has-custom-width wp-block-button__width-25 has-custom-font-size is-style-fill has-medium-font-size\"><a class=\"wp-block-button__link has-fl-topbar-bg-color has-text-color has-background has-link-color has-text-align-center wp-element-button\" href=\"https:\/\/vccf.org\/fr\/grantmaking\/\" style=\"background-color:#3ca5e7\">Postuler<\/a><\/div>\n<\/div>\n\n\n\n<div style=\"height:10px\" aria-hidden=\"true\" class=\"wp-block-spacer\"><\/div>\n\n\n\n<hr class=\"wp-block-separator has-alpha-channel-opacity is-style-wide\"\/>\n\n\n\n<div style=\"height:10px\" aria-hidden=\"true\" class=\"wp-block-spacer\"><\/div>\n\n\n\n<h2 class=\"wp-block-heading has-text-align-center\">Mise \u00e0 jour du programme \"Navigateur pour les soignants<\/h2>\n\n\n<div class=\"wp-block-image\">\n<figure class=\"alignleft size-full is-resized\"><img loading=\"lazy\" decoding=\"async\" width=\"1920\" height=\"1280\" src=\"https:\/\/vccf.org\/wp-content\/uploads\/2024\/03\/vccf-hr-040-scaled-1.jpg\" alt=\"A caregiver, her parent, and her caregiver navigator in her mother's living room\" class=\"wp-image-20739\" style=\"width:343px;height:auto\" srcset=\"https:\/\/vccf.org\/wp-content\/uploads\/2024\/03\/vccf-hr-040-scaled-1.jpg 1920w, https:\/\/vccf.org\/wp-content\/uploads\/2024\/03\/vccf-hr-040-scaled-1-300x200.jpg 300w, https:\/\/vccf.org\/wp-content\/uploads\/2024\/03\/vccf-hr-040-scaled-1-1024x683.jpg 1024w, https:\/\/vccf.org\/wp-content\/uploads\/2024\/03\/vccf-hr-040-scaled-1-768x512.jpg 768w, https:\/\/vccf.org\/wp-content\/uploads\/2024\/03\/vccf-hr-040-scaled-1-1536x1024.jpg 1536w, https:\/\/vccf.org\/wp-content\/uploads\/2024\/03\/vccf-hr-040-scaled-1-18x12.jpg 18w\" sizes=\"auto, (max-width: 1920px) 100vw, 1920px\" \/><\/figure>\n<\/div>\n\n\n<p>En 2023,&nbsp;<a href=\"https:\/\/vccf.org\/fr\/caregiver-initiative\/\">La VCCF a publi\u00e9 sa vid\u00e9o d'introduction au programme pilote de navigateur pour les soignants (Caregiver Navigator Pilot Program)<\/a>. Un an plus tard, nos partenaires de Community Memorial Health aimeraient partager une mise \u00e0 jour du programme, qui sert maintenant 493 familles ! Lisez le rapport trimestriel ci-dessous.<\/p>\n\n\n\n<div style=\"height:8px\" aria-hidden=\"true\" class=\"wp-block-spacer\"><\/div>\n\n\n\n<div style=\"height:10px\" aria-hidden=\"true\" class=\"wp-block-spacer\"><\/div>\n\n\n\n<hr class=\"wp-block-separator has-alpha-channel-opacity is-style-wide\"\/>\n\n\n\n<div style=\"height:10px\" aria-hidden=\"true\" class=\"wp-block-spacer\"><\/div>\n\n\n\n<h2 class=\"wp-block-heading has-text-align-center\">Mus\u00e9e d'art de Santa Paula - Cours d'art pour parents et enfants<\/h2>\n\n\n<div class=\"wp-block-image\">\n<figure class=\"alignleft size-full is-resized\"><img loading=\"lazy\" decoding=\"async\" width=\"500\" height=\"500\" src=\"https:\/\/vccf.org\/wp-content\/uploads\/2024\/12\/ParentChild.jpg\" alt=\"\" class=\"wp-image-22562\" style=\"width:241px;height:auto\" srcset=\"https:\/\/vccf.org\/wp-content\/uploads\/2024\/12\/ParentChild.jpg 500w, https:\/\/vccf.org\/wp-content\/uploads\/2024\/12\/ParentChild-300x300.jpg 300w, https:\/\/vccf.org\/wp-content\/uploads\/2024\/12\/ParentChild-150x150.jpg 150w, https:\/\/vccf.org\/wp-content\/uploads\/2024\/12\/ParentChild-12x12.jpg 12w\" sizes=\"auto, (max-width: 500px) 100vw, 500px\" \/><\/figure>\n<\/div>\n\n\n<p>Le mus\u00e9e d'art de Santa Paula propose un nouveau cours d'art pour parents et enfants destin\u00e9 aux jeunes Picasso \u00e2g\u00e9s de 3 \u00e0 4 ans au Cole Creativity Center. Ce cours bilingue de six semaines comprend des jeux cr\u00e9atifs, des cercles, de l'art et des chansons. Des possibilit\u00e9s de parrainage sont disponibles si vous souhaitez aider les familles locales \u00e0 participer \u00e0 ce programme incroyable !<\/p>\n\n\n\n<div style=\"height:3px\" aria-hidden=\"true\" class=\"wp-block-spacer\"><\/div>\n\n\n\n<div class=\"wp-block-buttons is-content-justification-center is-layout-flex wp-container-core-buttons-is-layout-16018d1d wp-block-buttons-is-layout-flex\">\n<div class=\"wp-block-button has-custom-width wp-block-button__width-25 has-custom-font-size is-style-outline has-medium-font-size is-style-outline--1\"><a class=\"wp-block-button__link has-fl-topbar-bg-color has-text-color has-background has-link-color has-text-align-center wp-element-button\" href=\"https:\/\/www.santapaulaartmuseum.org\/youth-art-program-1\/2025-parent-and-child-1\" style=\"background-color:#3ca5e7\" target=\"_blank\" rel=\"noopener\">Lire la suite<\/a><\/div>\n<\/div>\n\n\n\n<div style=\"height:10px\" aria-hidden=\"true\" class=\"wp-block-spacer\"><\/div>\n\n\n\n<hr class=\"wp-block-separator has-alpha-channel-opacity is-style-wide\"\/>\n\n\n\n<div style=\"height:10px\" aria-hidden=\"true\" class=\"wp-block-spacer\"><\/div>\n\n\n\n<h2 class=\"wp-block-heading has-text-align-center\">Le pouvoir de la communaut\u00e9<\/h2>\n\n\n\n<h3 class=\"wp-block-heading has-text-align-center\"><em>Bonnes nouvelles de VOTRE communaut\u00e9 de Ventura<\/em><\/h3>\n\n\n<div class=\"wp-block-image\">\n<figure class=\"aligncenter\"><img loading=\"lazy\" decoding=\"async\" width=\"820\" height=\"312\" src=\"https:\/\/vccf.org\/wp-content\/uploads\/2023\/10\/power-of-community.png\" alt=\"\" class=\"wp-image-19531\" srcset=\"https:\/\/vccf.org\/wp-content\/uploads\/2023\/10\/power-of-community.png 820w, https:\/\/vccf.org\/wp-content\/uploads\/2023\/10\/power-of-community-300x114.png 300w, https:\/\/vccf.org\/wp-content\/uploads\/2023\/10\/power-of-community-768x292.png 768w, https:\/\/vccf.org\/wp-content\/uploads\/2023\/10\/power-of-community-18x7.png 18w\" sizes=\"auto, (max-width: 820px) 100vw, 820px\" \/><\/figure>\n<\/div>\n\n\n<div style=\"height:10px\" aria-hidden=\"true\" class=\"wp-block-spacer\"><\/div>\n\n\n\n<h3 class=\"wp-block-heading has-text-align-center\">Acad\u00e9mie Nadine Griffey du Kenya<\/h3>\n\n\n\n<h4 class=\"wp-block-heading has-text-align-center\">Rompre le cycle de la pauvret\u00e9 par l'\u00e9ducation<\/h4>\n\n\n<div class=\"wp-block-image\">\n<figure class=\"alignleft size-full\"><img loading=\"lazy\" decoding=\"async\" width=\"400\" height=\"417\" src=\"https:\/\/vccf.org\/wp-content\/uploads\/2025\/02\/Nadine-Griffey-Academy-students.jpg\" alt=\"\" class=\"wp-image-22528\" srcset=\"https:\/\/vccf.org\/wp-content\/uploads\/2025\/02\/Nadine-Griffey-Academy-students.jpg 400w, https:\/\/vccf.org\/wp-content\/uploads\/2025\/02\/Nadine-Griffey-Academy-students-288x300.jpg 288w, https:\/\/vccf.org\/wp-content\/uploads\/2025\/02\/Nadine-Griffey-Academy-students-12x12.jpg 12w\" sizes=\"auto, (max-width: 400px) 100vw, 400px\" \/><\/figure>\n<\/div>\n\n\n<p>L'Acad\u00e9mie Nadine Griffey du Kenya, une organisation californienne \u00e0 but non lucratif qui porte le nom de la d\u00e9funte \u00e9pouse de Larry Hines, pr\u00e9sident et d\u00e9tenteur de fonds de la VCCF, change la vie des enfants gr\u00e2ce au pouvoir de l'\u00e9ducation. L'acad\u00e9mie honore la m\u00e9moire de Nadine dans sa passion pour l'enseignement et les enfants, et elle compte de nombreuses r\u00e9ussites d'\u00e9tudiants dont la poursuite des objectifs \u00e9ducatifs brise le cycle de la pauvret\u00e9 au Kenya. Lisez l'article inspirant sur les succ\u00e8s scolaires des \u00e9l\u00e8ves et leurs grands r\u00eaves pour l'avenir, de l'ing\u00e9nierie \u00e0 la m\u00e9decine en passant par le droit et bien plus encore.<\/p>\n\n\n\n<p><a href=\"https:\/\/vccf.org\/fr\/nadine-griffey-academy-of-kenya-students-stories-of-inspiration\/\">Lire la suite<\/a><\/p>","protected":false},"excerpt":{"rendered":"<p>Ch\u00e8re famille de la Ventura County Community Foundation, Au cours des derni\u00e8res semaines, nous avons \u00e9t\u00e9 t\u00e9moins d'actes de g\u00e9n\u00e9rosit\u00e9 extraordinaires qui ont non seulement am\u00e9lior\u00e9 la vie de centaines de familles dans notre communaut\u00e9, mais...<\/p>","protected":false},"author":12,"featured_media":22333,"comment_status":"closed","ping_status":"closed","sticky":false,"template":"","format":"standard","meta":{"_acf_changed":false,"give_campaign_id":0,"footnotes":""},"categories":[24],"tags":[],"class_list":["post-22339","post","type-post","status-publish","format-standard","has-post-thumbnail","hentry","category-newsletters"],"acf":[],"_links":{"self":[{"href":"https:\/\/vccf.org\/fr\/wp-json\/wp\/v2\/posts\/22339","targetHints":{"allow":["GET"]}}],"collection":[{"href":"https:\/\/vccf.org\/fr\/wp-json\/wp\/v2\/posts"}],"about":[{"href":"https:\/\/vccf.org\/fr\/wp-json\/wp\/v2\/types\/post"}],"author":[{"embeddable":true,"href":"https:\/\/vccf.org\/fr\/wp-json\/wp\/v2\/users\/12"}],"replies":[{"embeddable":true,"href":"https:\/\/vccf.org\/fr\/wp-json\/wp\/v2\/comments?post=22339"}],"version-history":[{"count":0,"href":"https:\/\/vccf.org\/fr\/wp-json\/wp\/v2\/posts\/22339\/revisions"}],"wp:featuredmedia":[{"embeddable":true,"href":"https:\/\/vccf.org\/fr\/wp-json\/wp\/v2\/media\/22333"}],"wp:attachment":[{"href":"https:\/\/vccf.org\/fr\/wp-json\/wp\/v2\/media?parent=22339"}],"wp:term":[{"taxonomy":"category","embeddable":true,"href":"https:\/\/vccf.org\/fr\/wp-json\/wp\/v2\/categories?post=22339"},{"taxonomy":"post_tag","embeddable":true,"href":"https:\/\/vccf.org\/fr\/wp-json\/wp\/v2\/tags?post=22339"}],"curies":[{"name":"wp","href":"https:\/\/api.w.org\/{rel}","templated":true}]}}