{"id":22517,"date":"2024-08-02T14:28:00","date_gmt":"2024-08-02T21:28:00","guid":{"rendered":"https:\/\/vccf.org\/?p=22517"},"modified":"2025-02-11T14:29:40","modified_gmt":"2025-02-11T22:29:40","slug":"ojai-music-festival-receives-75k-grant-from-county","status":"publish","type":"post","link":"https:\/\/vccf.org\/fr\/ojai-music-festival-receives-75k-grant-from-county\/","title":{"rendered":"Le festival de musique d'Ojai re\u00e7oit une subvention de $75K du comt\u00e9"},"content":{"rendered":"<p><a href=\"https:\/\/www.ojaivalleynews.com\/culture\/ojai-music-festival-receives-75k-grant-from-county\/article_2d80b144-5098-11ef-975c-df8889274ea3.html\" target=\"_blank\" rel=\"noopener\"><em>Cet article a \u00e9t\u00e9 initialement publi\u00e9 par Ojai Valley News.<\/em><\/a><\/p>\n\n\n\n<p>Le festival de musique d'Ojai a re\u00e7u une subvention du Fonds d'investissement pour les arts et la culture du comt\u00e9 de Ventura et de la Fondation communautaire du comt\u00e9 de Ventura.<\/p>\n\n\n\n<p>La subvention de $75 000 soutiendra le festival annuel de musique d'Ojai, de renomm\u00e9e internationale, qui pr\u00e9sente de la musique classique et contemporaine avec les artistes les plus innovants et les plus c\u00e9l\u00e8bres d'aujourd'hui ; une expansion de ses activit\u00e9s tout au long de l'ann\u00e9e, qui inclura des repr\u00e9sentations publiques et des partenariats dans la communaut\u00e9 d'Ojai et le comt\u00e9 de Ventura au sens large ; et l'\u00e9largissement de son programme \u00e9ducatif BRAVO dans les \u00e9coles publiques avec SCORE, une classe de composition musicale pour les \u00e9l\u00e8ves du secondaire.<\/p>\n\n\n\n<p>\"Nous sommes profond\u00e9ment reconnaissants au comt\u00e9 et au conseil des superviseurs pour ce soutien tr\u00e8s g\u00e9n\u00e9reux et significatif\", a d\u00e9clar\u00e9 Ara Guzelimian, directeur artistique et ex\u00e9cutif du festival de musique d'Ojai. \"Cela marque une \u00e9tape importante dans la vie culturelle du comt\u00e9 de Ventura, en reconnaissant et en soutenant l'\u00e9ventail toujours plus large d'activit\u00e9s artistiques dynamiques dans nos communaut\u00e9s.<\/p>\n\n\n\n<p>Le Fonds d'investissement pour les arts et la culture est le premier programme de subvention d\u00e9di\u00e9 aux arts et \u00e0 la culture du comt\u00e9 de Ventura. Il a \u00e9t\u00e9 approuv\u00e9 par le conseil des superviseurs dans le cadre du plan de relance 2023 du comt\u00e9, afin de soutenir la relance en cours apr\u00e8s la pand\u00e9mie. Le financement soutient les organisations artistiques et culturelles \u00e0 but non lucratif et les artistes bas\u00e9s dans le comt\u00e9 de Ventura. Pour plus d'informations sur le Fonds d'investissement pour les arts et la culture et pour obtenir la liste compl\u00e8te des b\u00e9n\u00e9ficiaires de subventions, veuillez consulter le site ventura.org\/arts.<\/p>\n\n\n\n<p>Festival de musique d'Ojai 2025<br>Le 79e festival de musique d'Ojai, qui se tiendra du 5 au 8 juin 2025, accueillera la fl\u00fbtiste Claire Chase en tant que directrice musicale, a annonc\u00e9 Mme Guzelimian. Pour plus d'informations, consultez le site ojaifestival.org.<\/p>\n\n\n\n<p>Mme Chase, d\u00e9crite par le New York Times comme \"l'\u00e9toile polaire de l'univers toujours plus vaste de son instrument\", est une musicienne, une artiste interdisciplinaire et une \u00e9ducatrice. Passionn\u00e9e par la cr\u00e9ation de nouveaux \u00e9cosyst\u00e8mes pour la musique de notre temps, Mme Chase a donn\u00e9 la premi\u00e8re mondiale de centaines de nouvelles \u0153uvres r\u00e9alis\u00e9es par une nouvelle g\u00e9n\u00e9ration d'artistes et a lanc\u00e9 en 2013 le projet de commande Density 2036, qui dure depuis 24 ans. Aujourd'hui dans sa 11e ann\u00e9e, Density 2036 r\u00e9imagine la litt\u00e9rature pour fl\u00fbte solo d'un quart de si\u00e8cle par le biais de commandes, de performances, d'enregistrements, d'\u00e9ducation et d'archives accessibles sur density2036.org.<\/p>\n\n\n\n<p>Chase a cofond\u00e9 l'International Contemporary Ensemble en 2001, a \u00e9t\u00e9 nomm\u00e9 MacArthur Fellow en 2012 et a re\u00e7u en 2017 le prix Avery Fisher du Lincoln Center for the Performing Arts. Chase est professeur de pratique musicale au d\u00e9partement de musique de l'universit\u00e9 de Harvard, associ\u00e9 cr\u00e9atif \u00e0 la Juilliard School et partenaire collaborateur d'Esa-Pekka Salonen et de l'Orchestre symphonique de San Francisco.<\/p>\n\n\n\n<p>\"Quand Ara m'a t\u00e9l\u00e9phon\u00e9 pour m'inviter, j'ai failli laisser tomber le t\u00e9l\u00e9phone ! Le festival d'Ojai est une sorte de pays de r\u00eave pour moi depuis que j'ai grandi dans le sud de la Californie, et j'ai la plus grande affection pour le public d'Ojai - je ne sais pas s'il existe un groupe d'auditeurs plus curieux, plus aventureux et plus ouvert au monde. Je suis extr\u00eamement enthousiaste \u00e0 l'id\u00e9e de travailler avec Ara pour cr\u00e9er des exp\u00e9riences qui, je l'esp\u00e8re, animeront, compliqueront et c\u00e9l\u00e9breront les liens entre les musiques du pass\u00e9 et le c\u0153ur battant du pr\u00e9sent\", a d\u00e9clar\u00e9 M. Chase.<\/p>\n\n\n\n<p>Auparavant, Chase s'est produit au festival de musique d'Ojai avec l'International Contemporary Ensemble en 2015, sous la direction musicale de Steven Schick, en 2016 sous la direction musicale de Peter Sellars et en 2017 sous la direction musicale de Vijay Iyer.<\/p>","protected":false},"excerpt":{"rendered":"<p>This article was originally published by Ojai Valley News. The Ojai Music Festival has received an Arts and Culture Investment Fund Grant from the County of Ventura and the Ventura&hellip;<\/p>","protected":false},"author":8,"featured_media":0,"comment_status":"closed","ping_status":"closed","sticky":false,"template":"","format":"standard","meta":{"_acf_changed":false,"give_campaign_id":0,"footnotes":""},"categories":[22],"tags":[],"class_list":["post-22517","post","type-post","status-publish","format-standard","hentry","category-latest-coverage"],"acf":[],"_links":{"self":[{"href":"https:\/\/vccf.org\/fr\/wp-json\/wp\/v2\/posts\/22517","targetHints":{"allow":["GET"]}}],"collection":[{"href":"https:\/\/vccf.org\/fr\/wp-json\/wp\/v2\/posts"}],"about":[{"href":"https:\/\/vccf.org\/fr\/wp-json\/wp\/v2\/types\/post"}],"author":[{"embeddable":true,"href":"https:\/\/vccf.org\/fr\/wp-json\/wp\/v2\/users\/8"}],"replies":[{"embeddable":true,"href":"https:\/\/vccf.org\/fr\/wp-json\/wp\/v2\/comments?post=22517"}],"version-history":[{"count":0,"href":"https:\/\/vccf.org\/fr\/wp-json\/wp\/v2\/posts\/22517\/revisions"}],"wp:attachment":[{"href":"https:\/\/vccf.org\/fr\/wp-json\/wp\/v2\/media?parent=22517"}],"wp:term":[{"taxonomy":"category","embeddable":true,"href":"https:\/\/vccf.org\/fr\/wp-json\/wp\/v2\/categories?post=22517"},{"taxonomy":"post_tag","embeddable":true,"href":"https:\/\/vccf.org\/fr\/wp-json\/wp\/v2\/tags?post=22517"}],"curies":[{"name":"wp","href":"https:\/\/api.w.org\/{rel}","templated":true}]}}