{"id":22524,"date":"2024-12-30T15:39:00","date_gmt":"2024-12-30T23:39:00","guid":{"rendered":"https:\/\/vccf.org\/?p=22524"},"modified":"2025-02-11T15:40:26","modified_gmt":"2025-02-11T23:40:26","slug":"fee-waivers-the-right-thing-to-do","status":"publish","type":"post","link":"https:\/\/vccf.org\/fr\/fee-waivers-the-right-thing-to-do\/","title":{"rendered":"L'exon\u00e9ration des redevances, une bonne chose \u00e0 faire"},"content":{"rendered":"<p><a href=\"https:\/\/www.thecamarilloacorn.com\/articles\/fee-waivers-the-right-thing-to-do\/\" target=\"_blank\" rel=\"noopener\"><em>Ce commentaire a \u00e9t\u00e9 publi\u00e9 \u00e0 l'origine par le Camarillo Acorn.<\/em><\/a><\/p>\n\n\n\n<p>F\u00e9licitations au conseil d'administration du comt\u00e9 de Ventura qui a approuv\u00e9 \u00e0 l'unanimit\u00e9 l'exon\u00e9ration de certaines taxes de reconstruction jusqu'en 2026.<\/p>\n\n\n\n<p>Cette mesure offre une aide financi\u00e8re aux r\u00e9sidents touch\u00e9s par l'incendie de la montagne. D'un montant total de $5 millions, les d\u00e9rogations all\u00e8gent le fardeau des personnes qui travaillent \u00e0 la reconstruction de leurs maisons tout en affectant le budget du comt\u00e9.<\/p>\n\n\n\n<p>Le Mountain Fire a d\u00e9but\u00e9 le 6 novembre et a br\u00fbl\u00e9 19 904 acres, d\u00e9truisant 243 structures dans et autour de Somis et Camarillo. La cause de l'incendie fait toujours l'objet d'une enqu\u00eate, mais on ne pense pas que les installations de Southern California Edison soient en cause.<\/p>\n\n\n\n<p>Les d\u00e9rogations couvrent une vari\u00e9t\u00e9 de services fournis par les agences du comt\u00e9, y compris l'agence de gestion des ressources du comt\u00e9 de Ventura (RMA) et les travaux publics. Il s'agit notamment des services de planification, de construction et de sant\u00e9 environnementale, ainsi que de l'am\u00e9nagement du territoire, des routes, des transports et des frais du district de protection contre les incendies pour l'examen des plans de s\u00e9curit\u00e9 incendie.<\/p>\n\n\n\n<p>Plus pr\u00e9cis\u00e9ment, les d\u00e9rogations \u00e9liminent des co\u00fbts tels que les permis de d\u00e9molition, les frais de d\u00e9livrance des permis, les autorisations de la zone d'am\u00e9nagement et les frais de sant\u00e9 environnementale pour les fosses septiques. Les frais de travaux publics pour le nivellement et l'examen de la plaine inondable seront \u00e9galement supprim\u00e9s.<\/p>\n\n\n\n<p>En outre, les responsables de la RMA ont recommand\u00e9 de renoncer aux frais de personnel pour les cas r\u00e9solus d'application du code, ainsi qu'aux frais pour les demandes de planification et d'autorisation en cours.<\/p>\n\n\n\n<p>Ces d\u00e9rogations ne s'appliquent qu'aux personnes qui poss\u00e9daient des biens au moment de l'incendie.<\/p>\n\n\n\n<p>\"Si les propri\u00e9t\u00e9s sont vendues avant toute reconstruction, les nouveaux propri\u00e9taires ne pourront pas b\u00e9n\u00e9ficier de d\u00e9rogations\", a d\u00e9clar\u00e9 Jennifer Orozco, directrice adjointe des op\u00e9rations de la RMA.<\/p>\n\n\n\n<p>M. Orozco a indiqu\u00e9 que les efforts de r\u00e9cup\u00e9ration progressent gr\u00e2ce au programme d'enl\u00e8vement des d\u00e9bris, qui devrait s'achever au d\u00e9but du printemps 2025.<\/p>\n\n\n\n<p>Les efforts de reconstruction devraient commencer peu apr\u00e8s, probablement au printemps ou \u00e0 l'\u00e9t\u00e9. Les exon\u00e9rations de taxes pourraient s'\u00e9lever \u00e0 $20 000 par logement en moyenne.<\/p>\n\n\n\n<p>M. Orozco a indiqu\u00e9 qu'en plus de l'exon\u00e9ration des taxes, les autorit\u00e9s s'efforcent d'acc\u00e9l\u00e9rer le processus de reconstruction.<\/p>\n\n\n\n<p>C'est une excellente nouvelle pour les personnes qui souhaitent r\u00e9int\u00e9grer leur logement.<\/p>\n\n\n\n<p>Outre la hi\u00e9rarchisation des demandes de reconstruction et la mise en place de canaux de communication clairs entre les diff\u00e9rents services, des points de contact uniques seront \u00e9galement d\u00e9sign\u00e9s pour aider les r\u00e9sidents \u00e0 faire face \u00e0 d'\u00e9ventuels retards.<\/p>\n\n\n\n<p>M. Orozco a indiqu\u00e9 que la RMA collaborait \u00e9galement avec le bureau de l'\u00e9valuateur afin de permettre aux propri\u00e9taires d'apporter des modifications \u00e0 leurs plans d'origine sans d\u00e9clencher une r\u00e9\u00e9valuation de leur propri\u00e9t\u00e9. Cette flexibilit\u00e9 aidera les propri\u00e9taires \u00e0 modifier leurs maisons et \u00e0 am\u00e9liorer leur agencement lors de la reconstruction. D'un autre c\u00f4t\u00e9, l'exon\u00e9ration des droits a un impact financier sur le comt\u00e9 et pourrait entra\u00eener des ajustements budg\u00e9taires.<\/p>\n\n\n\n<p>Maureen McGuire, directrice g\u00e9n\u00e9rale du Farm Bureau of Ventura County, remercie le comt\u00e9 pour son soutien, mais souligne les difficult\u00e9s rencontr\u00e9es par les agriculteurs, dont beaucoup ne sont pas assur\u00e9s contre les incendies de for\u00eat. Elle a exhort\u00e9 le conseil d'administration \u00e0 continuer de r\u00e9duire les co\u00fbts de r\u00e9cup\u00e9ration, en avertissant que la perte d'exploitations agricoles aurait un impact n\u00e9gatif sur l'\u00e9conomie et la s\u00e9curit\u00e9 alimentaire nationale.<\/p>\n\n\n\n<p>Louise Lampara, directrice ex\u00e9cutive de la Ventura County Coalition of Labor, Ag and Business, a demand\u00e9 au comt\u00e9 d'adopter une politique formelle pour le r\u00e9tablissement des incendies de montagne. Mme Lampara a \u00e9galement recommand\u00e9 des mises \u00e0 jour r\u00e9guli\u00e8res afin de garantir la transparence, d'identifier les goulets d'\u00e9tranglement et de suivre les progr\u00e8s des efforts de reconstruction.<\/p>\n\n\n\n<p>Le superviseur Jeff Gorell a exprim\u00e9 sa confiance dans les efforts de la commission pour r\u00e9pondre aux besoins des victimes des incendies, en d\u00e9clarant : \"Nous avons la bonne \u00e9quipe en place\".<\/p>\n\n\n\n<p>Il est particuli\u00e8rement encourageant d'entendre la directrice g\u00e9n\u00e9rale du comt\u00e9, Sevet Johnson, d\u00e9clarer que son objectif est d'\u00e9viter tout ce qui pourrait ralentir les efforts de redressement.<\/p>\n\n\n\n<p>\"Notre engagement est d'assurer des services sans faille aux victimes des incendies\", d\u00e9clare-t-elle.<\/p>\n\n\n\n<p>Les propri\u00e9taires qui rencontrent des difficult\u00e9s en raison de l'incendie doivent contacter directement l'agence de gestion des ressources \u00e0 l'adresse suivante&nbsp;<a href=\"mailto:vcnavigator@ventura.org\">vcnavigator@ventura.org<\/a>&nbsp;pour obtenir de l'aide.<\/p>\n\n\n\n<p>Et que dire des bonnes nouvelles : Le conseil d'administration a r\u00e9cemment pr\u00e9sent\u00e9 une proclamation reconnaissant la Fondation communautaire du comt\u00e9 de Ventura pour ses efforts de reconstruction. M. Gorell a fait l'\u00e9loge de sa r\u00e9action rapide et de la distribution de plus de $287 000 euros pour aider les victimes des incendies \u00e0 se loger et \u00e0 subvenir \u00e0 leurs besoins essentiels.<\/p>\n\n\n\n<p>Tous les h\u00e9ros ne portent pas de capes.<\/p>","protected":false},"excerpt":{"rendered":"<p>Ce commentaire a \u00e9t\u00e9 publi\u00e9 \u00e0 l'origine par le Camarillo Acorn. Bravo au Conseil de surveillance du comt\u00e9 de Ventura pour son approbation unanime de l'exon\u00e9ration de certaines taxes de reconstruction jusqu'en 2026. Le...<\/p>","protected":false},"author":8,"featured_media":0,"comment_status":"closed","ping_status":"closed","sticky":false,"template":"","format":"standard","meta":{"_acf_changed":false,"give_campaign_id":0,"footnotes":""},"categories":[22],"tags":[],"class_list":["post-22524","post","type-post","status-publish","format-standard","hentry","category-latest-coverage"],"acf":[],"_links":{"self":[{"href":"https:\/\/vccf.org\/fr\/wp-json\/wp\/v2\/posts\/22524","targetHints":{"allow":["GET"]}}],"collection":[{"href":"https:\/\/vccf.org\/fr\/wp-json\/wp\/v2\/posts"}],"about":[{"href":"https:\/\/vccf.org\/fr\/wp-json\/wp\/v2\/types\/post"}],"author":[{"embeddable":true,"href":"https:\/\/vccf.org\/fr\/wp-json\/wp\/v2\/users\/8"}],"replies":[{"embeddable":true,"href":"https:\/\/vccf.org\/fr\/wp-json\/wp\/v2\/comments?post=22524"}],"version-history":[{"count":0,"href":"https:\/\/vccf.org\/fr\/wp-json\/wp\/v2\/posts\/22524\/revisions"}],"wp:attachment":[{"href":"https:\/\/vccf.org\/fr\/wp-json\/wp\/v2\/media?parent=22524"}],"wp:term":[{"taxonomy":"category","embeddable":true,"href":"https:\/\/vccf.org\/fr\/wp-json\/wp\/v2\/categories?post=22524"},{"taxonomy":"post_tag","embeddable":true,"href":"https:\/\/vccf.org\/fr\/wp-json\/wp\/v2\/tags?post=22524"}],"curies":[{"name":"wp","href":"https:\/\/api.w.org\/{rel}","templated":true}]}}