{"id":22554,"date":"2025-02-18T10:27:08","date_gmt":"2025-02-18T18:27:08","guid":{"rendered":"https:\/\/vccf.org\/?p=22554"},"modified":"2025-02-18T10:27:25","modified_gmt":"2025-02-18T18:27:25","slug":"meet-roshin-mathew-vccfs-director-of-strategic-initiatives","status":"publish","type":"post","link":"https:\/\/vccf.org\/fr\/meet-roshin-mathew-vccfs-director-of-strategic-initiatives\/","title":{"rendered":"Rencontre avec Roshin Mathew, directeur des initiatives strat\u00e9giques de la VCCF"},"content":{"rendered":"<div class=\"wp-block-image\">\n<figure class=\"alignleft size-full is-resized\"><img loading=\"lazy\" decoding=\"async\" width=\"533\" height=\"768\" src=\"https:\/\/vccf.org\/wp-content\/uploads\/2025\/02\/Roshin_081.jpg\" alt=\"\" class=\"wp-image-22555\" style=\"width:365px;height:auto\" srcset=\"https:\/\/vccf.org\/wp-content\/uploads\/2025\/02\/Roshin_081.jpg 533w, https:\/\/vccf.org\/wp-content\/uploads\/2025\/02\/Roshin_081-208x300.jpg 208w, https:\/\/vccf.org\/wp-content\/uploads\/2025\/02\/Roshin_081-8x12.jpg 8w\" sizes=\"auto, (max-width: 533px) 100vw, 533px\" \/><\/figure>\n<\/div>\n\n\n<p>Nous sommes ravis de pr\u00e9senter au Comit\u00e9 de pilotage du Projet Isabella Roshin Mathew, Directrice des initiatives strat\u00e9giques \u00e0 la VCCF. En tant que nouveau membre de l'\u00e9quipe de la fondation, elle travaillera en \u00e9troite collaboration avec le comit\u00e9 et participera \u00e0 notre mission visant \u00e0 garantir que tous les enfants de Santa Paula - et au-del\u00e0 - aient acc\u00e8s \u00e0 des services de garde et d'\u00e9ducation de qualit\u00e9, \u00e0 temps plein, qui r\u00e9pondent aux besoins des familles ! Nous vous invitons \u00e0 en savoir plus sur elle en lisant l'interview ci-dessous.<\/p>\n\n\n\n<p><strong>Parlez-nous un peu de vous et de la mani\u00e8re dont vous avez rejoint l'\u00e9quipe du Projet Isabella.<\/strong>&nbsp;<\/p>\n\n\n\n<p>Ma croyance directrice est que toutes les personnes devraient avoir un acc\u00e8s \u00e9gal et \u00e9quitable aux ressources et aux opportunit\u00e9s, et mes valeurs personnelles sont la curiosit\u00e9, la cr\u00e9ativit\u00e9, la compassion, l'authenticit\u00e9, l'\u00e9quilibre, la sant\u00e9 et l'intention. J'aime la fa\u00e7on dont mes valeurs r\u00e9sonnent et compl\u00e8tent les valeurs de la VCCF, qui sont la confiance, la transparence, la compassion, l'\u00e9quit\u00e9, la t\u00e9nacit\u00e9, l'excellence et la connexion authentique. Lorsque Vanessa m'a demand\u00e9 d'envisager de postuler au poste de directeur des initiatives strat\u00e9giques de la fondation, j'ai saut\u00e9 sur l'occasion.<\/p>\n\n\n\n<p>J'appr\u00e9cie particuli\u00e8rement que le projet Isabella soit l'une des initiatives cl\u00e9s de la VCCF, car je pense que l'\u00e9ducation est l'une des grandes forces qui permettent de changer les r\u00e9sultats d'une personne, d'une famille et d'une communaut\u00e9. Je connais personnellement le pouvoir que l'\u00e9ducation a eu sur ma trajectoire et celle de ma famille.<\/p>\n\n\n\n<div style=\"height:10px\" aria-hidden=\"true\" class=\"wp-block-spacer\"><\/div>\n\n\n\n<p><strong>Que signifie pour vous une \u00e9ducation de la petite enfance de la plus haute qualit\u00e9 ?<\/strong>&nbsp;<\/p>\n\n\n\n<p>Des services d'\u00e9ducation et d'accueil des jeunes enfants de qualit\u00e9 constituent un environnement stimulant qui favorise le d\u00e9veloppement physique, social, \u00e9motionnel et intellectuel de l'enfant. Ils pr\u00e9parent les enfants \u00e0 l'\u00e9cole et les aident \u00e0 acqu\u00e9rir des comp\u00e9tences qui dureront toute leur vie. Ils apportent aux parents la tranquillit\u00e9 d'esprit et \u00e0 la soci\u00e9t\u00e9 une base sur laquelle construire l'avenir. Honn\u00eatement, c'est l'un des investissements les plus porteurs d'espoir que nous puissions faire.<\/p>\n\n\n\n<div style=\"height:10px\" aria-hidden=\"true\" class=\"wp-block-spacer\"><\/div>\n\n\n\n<p><strong>Quels types de talents esp\u00e9rez-vous mettre \u00e0 profit dans le cadre de votre travail avec le projet Isabella ?<\/strong>&nbsp;<\/p>\n\n\n\n<p>Rassembler les gens en communaut\u00e9 signifie beaucoup pour moi car ma famille est grande et pleine de tantes, d'oncles et de cousins. Pendant mon enfance, il y avait toujours au moins un autre membre de la famille qui vivait avec ma famille nucl\u00e9aire et, en tant que cousine plus \u00e2g\u00e9e, j'ai toujours \u00e9t\u00e9 un peu la joueuse de fl\u00fbte, la directrice de croisi\u00e8re et la capitaine de l'\u00e9quipe de kick-ball, tout cela \u00e0 la fois. En d'autres termes, je suis \u00e0 l'aise dans les groupes importants, complexes et joyeux.<\/p>\n\n\n\n<p>Sur le plan professionnel, j'ai consacr\u00e9 plus de 15 ans de ma carri\u00e8re \u00e0 la communication strat\u00e9gique et \u00e0 la d\u00e9fense des int\u00e9r\u00eats. Que ce soit dans le domaine de la philanthropie, du travail, de l'enseignement sup\u00e9rieur ou de l'organisation communautaire, j'aime trouver des id\u00e9es nouvelles et audacieuses et rallier les gens autour d'elles. En dehors du travail, je suis poti\u00e8re, coureuse de fond, organisatrice de d\u00eeners et f\u00e9rue de culture. Cela signifie qu'\u00e0 tout moment, je suis couverte d'argile, de sueur, de farine ou de paillettes. Je suis \u00e9galement passionn\u00e9e par la radio publique, les biblioth\u00e8ques publiques et la com\u00e9die. Dans mes vies ant\u00e9rieures, j'ai travaill\u00e9 dans tous ces domaines.<\/p>\n\n\n\n<div style=\"height:10px\" aria-hidden=\"true\" class=\"wp-block-spacer\"><\/div>\n\n\n\n<p><strong>Comment voyez-vous l'avenir de l'EPE de qualit\u00e9 \u00e0 Santa Paula ?<\/strong>&nbsp;<\/p>\n\n\n\n<p>Au niveau le plus fondamental, je vois l'accomplissement de la mission, qui est l'acc\u00e8s \u00e0 100 % \u00e0 des services de garde et d'\u00e9ducation de haute qualit\u00e9 pour chaque enfant de Santa Paula. Au-del\u00e0, une partie de la vision consiste \u00e0 tirer parti de la r\u00e9ussite du projet Isabella au sein de la communaut\u00e9 de Santa Paula. Santa Paula aura le succ\u00e8s qui a \u00e9t\u00e9 forg\u00e9 \u00e0 partir des relations et des apprentissages qui ont eu lieu \u00e0 Santa Paula pour ensuite faire boule de neige pour d'autres initiatives et entreprises que la communaut\u00e9 pourrait entreprendre. Les membres de la communaut\u00e9 disposeront de plus de connaissances et de ressources pour relever les d\u00e9fis que nous ne pouvons pas pr\u00e9dire, mais que nous savons imminents. Ce que nous apprenons et faisons aujourd'hui stimulera les initiatives futures.<\/p>\n\n\n\n<p>Dans le m\u00eame ordre d'id\u00e9es, je consid\u00e8re que la r\u00e9ussite du projet Isabella est \u00e0 la fois une source d'inspiration et un guide tactique pour les autres communaut\u00e9s du comt\u00e9 de Ventura. Toutes ces communaut\u00e9s peuvent r\u00e9aliser ce que Santa Paula va r\u00e9aliser. Elles auront l'avantage d'apprendre de nos erreurs et de nos succ\u00e8s. Et cela ne s'arr\u00eate pas \u00e0 notre comt\u00e9.<\/p>\n\n\n\n<p>Je pense que le reste de l'\u00c9tat et le reste du pays, voire le reste du monde, pourraient s'inspirer de Santa Paula. Car l\u00e0 o\u00f9 il y a des enfants et des familles qui travaillent, il y aura toujours un besoin de soins et d'\u00e9ducation de haute qualit\u00e9 pour nos jeunes.&nbsp;<\/p>\n\n\n\n<div style=\"height:10px\" aria-hidden=\"true\" class=\"wp-block-spacer\"><\/div>\n\n\n\n<p><strong>Si les membres du comit\u00e9 souhaitent prendre contact avec vous, quel est le meilleur moyen de vous joindre ?<\/strong>&nbsp;<\/p>\n\n\n\n<p>Je participe \u00e0 de nombreuses r\u00e9unions et rencontres dans le comt\u00e9 de Ventura ; si vous me voyez, venez me voir, pr\u00e9sentez-vous et discutons ensemble. Bien entendu, le courrier \u00e9lectronique est \u00e9galement tr\u00e8s efficace et probablement le moyen le plus rapide de me joindre. Envoyez-moi un message \u00e0 l'adresse suivante <a href=\"mailto:rmathew@vccf.org\">rmathew@vccf.org<\/a>.<\/p>","protected":false},"excerpt":{"rendered":"<p>We are thrilled to introduce the Isabella Project Steering Committee to Roshin Mathew, Director of Strategic Initiatives at VCCF. As one of the foundation\u2019s newest team members, she will be&hellip;<\/p>","protected":false},"author":8,"featured_media":22431,"comment_status":"closed","ping_status":"closed","sticky":false,"template":"","format":"standard","meta":{"_acf_changed":false,"give_campaign_id":0,"footnotes":""},"categories":[27],"tags":[],"class_list":["post-22554","post","type-post","status-publish","format-standard","has-post-thumbnail","hentry","category-blog-posts"],"acf":[],"_links":{"self":[{"href":"https:\/\/vccf.org\/fr\/wp-json\/wp\/v2\/posts\/22554","targetHints":{"allow":["GET"]}}],"collection":[{"href":"https:\/\/vccf.org\/fr\/wp-json\/wp\/v2\/posts"}],"about":[{"href":"https:\/\/vccf.org\/fr\/wp-json\/wp\/v2\/types\/post"}],"author":[{"embeddable":true,"href":"https:\/\/vccf.org\/fr\/wp-json\/wp\/v2\/users\/8"}],"replies":[{"embeddable":true,"href":"https:\/\/vccf.org\/fr\/wp-json\/wp\/v2\/comments?post=22554"}],"version-history":[{"count":0,"href":"https:\/\/vccf.org\/fr\/wp-json\/wp\/v2\/posts\/22554\/revisions"}],"wp:featuredmedia":[{"embeddable":true,"href":"https:\/\/vccf.org\/fr\/wp-json\/wp\/v2\/media\/22431"}],"wp:attachment":[{"href":"https:\/\/vccf.org\/fr\/wp-json\/wp\/v2\/media?parent=22554"}],"wp:term":[{"taxonomy":"category","embeddable":true,"href":"https:\/\/vccf.org\/fr\/wp-json\/wp\/v2\/categories?post=22554"},{"taxonomy":"post_tag","embeddable":true,"href":"https:\/\/vccf.org\/fr\/wp-json\/wp\/v2\/tags?post=22554"}],"curies":[{"name":"wp","href":"https:\/\/api.w.org\/{rel}","templated":true}]}}