{"id":2258,"date":"2017-12-18T13:14:46","date_gmt":"2017-12-18T21:14:46","guid":{"rendered":"https:\/\/vccf.org\/?p=2258"},"modified":"2025-01-29T07:48:42","modified_gmt":"2025-01-29T07:48:42","slug":"need-help-looking-to-help-check-out-thomasfirehelp-com","status":"publish","type":"post","link":"https:\/\/vccf.org\/fr\/need-help-looking-to-help-check-out-thomasfirehelp-com\/","title":{"rendered":"Besoin d'aide ? Vous cherchez de l'aide ? Consultez le site ThomasFireHelp.com"},"content":{"rendered":"<p><!--more--><\/p>\n<p><\/p>\n<p><img loading=\"lazy\" decoding=\"async\" class=\"wp-image-2286 alignleft\" src=\"https:\/\/vccf.org\/wp-content\/uploads\/2017\/12\/tfh2-225x300.jpeg\" alt=\"\" width=\"295\" height=\"393\" srcset=\"https:\/\/vccf.org\/wp-content\/uploads\/2017\/12\/tfh2-225x300.jpeg 225w, https:\/\/vccf.org\/wp-content\/uploads\/2017\/12\/tfh2-768x1024.jpeg 768w, https:\/\/vccf.org\/wp-content\/uploads\/2017\/12\/tfh2-1152x1536.jpeg 1152w, https:\/\/vccf.org\/wp-content\/uploads\/2017\/12\/tfh2-9x12.jpeg 9w, https:\/\/vccf.org\/wp-content\/uploads\/2017\/12\/tfh2-300x400.jpeg 300w, https:\/\/vccf.org\/wp-content\/uploads\/2017\/12\/tfh2.jpeg 1200w\" sizes=\"auto, (max-width: 295px) 100vw, 295px\" \/><\/p>\n<p>L'afflux de soutien de la part des membres de notre communaut\u00e9 en r\u00e9ponse aux d\u00e9g\u00e2ts caus\u00e9s par l'incendie Thomas a \u00e9t\u00e9 tr\u00e8s encourageant. Alors que nous entendons les r\u00e9cits de ceux qui ont tant perdu, nous avons \u00e9galement entendu de nombreuses personnes qui souhaitent apporter leur aide. Mais beaucoup de gens ne savent pas o\u00f9 aller pour aider - o\u00f9 aller d\u00e9poser des dons, o\u00f9 aller se porter volontaire, ou m\u00eame comment ils devraient aider ou de quelle aide ils ont besoin.<\/p>\n<p>Si vous faites partie de ces personnes qui veulent aider ou qui cherchent de l'aide, je vous invite \u00e0 consulter le site suivant <a href=\"http:\/\/www.thomasfirehelp.com\/\" target=\"_blank\" rel=\"noopener\">ThomasFireHelp.com<\/a>. Le site web, lanc\u00e9 par Emily Barany et Chris Collier, a \u00e9t\u00e9 cr\u00e9\u00e9 dans le seul but de mettre en relation les personnes qui ont besoin d'aide et celles qui cherchent \u00e0 aider.<\/p>\n<p>Le site web est constamment mis \u00e0 jour avec de nouvelles demandes et de nouvelles offres d'aide et de soutien. Qu'il s'agisse de lieux d'h\u00e9bergement, de dons de fournitures ou de dons d'argent, ce site web r\u00e9pertorie les possibilit\u00e9s d'accueil.<\/p>\n<p>Le site web a d\u00e9j\u00e0 aid\u00e9 des personnes, par exemple lorsqu'elles ont orient\u00e9 leur demande vers le site web de l'Union europ\u00e9enne. <a href=\"https:\/\/www.facebook.com\/pages\/Proctor-and-Gamble\/151234634902744?fref=mentions\" target=\"_blank\" rel=\"noopener\">Proctor et Gamble<\/a> Oxnard a fait don de 320 masques r\u00e9glementaires N95 \u00e0 la Commission europ\u00e9enne. <a href=\"https:\/\/www.facebook.com\/MICOP805\/?fref=mentions\" target=\"_blank\" rel=\"noopener\">Projet d'organisation communautaire Mixteco\/Indigena (MICOP)<\/a> (photo de gauche).<\/p>\n<p>Nous savons qu'un grand nombre de personnes et d'organisations cherchent \u00e0 faire quelque chose pour aider \u00e0 la suite de cette catastrophe. Emily et Chris ont cr\u00e9\u00e9 ce site web pour faciliter le processus d'acheminement de l'aide aux personnes qui en ont le plus besoin. Donc, si vous ou quelqu'un que vous connaissez cherche \u00e0 aider ou cherche de l'aide, consultez le site Thomas Fire Help. <a href=\"http:\/\/www.thomasfirehelp.com\/\" target=\"_blank\" rel=\"noopener\">site web<\/a> ou <a href=\"https:\/\/www.facebook.com\/ThomasFireHelp\/\" target=\"_blank\" rel=\"noopener\">Page Facebook<\/a>Un grand merci \u00e0 tous ceux qui ont particip\u00e9 \u00e0 la cr\u00e9ation du site web de l'Aide aux victimes de l'incendie Thomas : Emily Barany, Chris Collier, Alyson Warner, Lana Gulotta, Ian Nicholson, Marcus Bernales, Michael Stephens, David Wu, Jeremy Yip et Yash Kulshrestha.<\/p>\n<h3>Rencontre avec les cr\u00e9ateurs de l'aide Thomas Fire<\/h3>\n<p><span style=\"font-size: 12pt;\"><em>Emily Barany, propri\u00e9taire de VISIONALITY<\/em><\/span><\/p>\n<div id=\"wsb-canvas-template-page\" class=\"wsb-canvas-page page\">\n<div id=\"wsb-canvas-template-container\">\n<div id=\"wsb-element-008020d6-cdd1-44c7-9cf3-83e2c63b053f\" class=\"wsb-element-text\" data-type=\"element\">\n<div class=\"txt\">\n<blockquote><p><span style=\"font-size: 10pt;\">Le premier emploi d'Emily Barany \u00e0 la sortie de l'universit\u00e9 l'a conduite \u00e0 une prise de conscience qui a chang\u00e9 sa vie : elle ne supportait plus de rester assise ! Elle a donc \u00e9labor\u00e9 un plan. En 2011, elle a lanc\u00e9 VISIONALITY avec la mission d'aider les organisations \u00e0 r\u00eaver grand et l'engagement de transformer leurs r\u00eaves en r\u00e9alit\u00e9. Quel est le r\u00eave d'Emily ? Elle veut elle aussi participer \u00e0 quelque chose de GRAND - des projets qui d\u00e9passent les personnes impliqu\u00e9es et des causes qui changeront le monde. En plus de r\u00eaver grand, Emily est passionn\u00e9e par tout ce qui touche \u00e0 la gastronomie - en particulier par le partage de plats d\u00e9licieux et de vins compliqu\u00e9s dans le cadre d'une conversation engageante. On peut souvent la trouver sur la plage ou en train de pratiquer l'agilit\u00e9 avec son meilleur ami Scooter. - <a href=\"http:\/\/www.visionalitypartners.com\/our-team.html\" target=\"_blank\" rel=\"noopener\">Site web de Visionality<\/a><\/span><\/p><\/blockquote>\n<p><span style=\"font-size: 12pt;\"><em>Chris Collier, fondateur et pr\u00e9sident de Rincon Strategies<\/em><\/span><\/p>\n<\/div>\n<\/div>\n<\/div>\n<\/div>\n<blockquote>\n<div id=\"wsb-canvas-template-footer\" class=\"wsb-canvas-page-footer footer\"><span style=\"font-size: 10pt;\">Chris Collier est un v\u00e9t\u00e9ran de la politique californienne. En 2008, il a fond\u00e9 Rincon Strategies, une agence de communication qui se consacre \u00e0 l'\u00e9laboration de strat\u00e9gies et \u00e0 la r\u00e9solution de probl\u00e8mes complexes de politique publique pour ses clients dans tout l'\u00c9tat. Chris et son \u00e9quipe g\u00e8rent avec succ\u00e8s les campagnes des candidats et les campagnes th\u00e9matiques \u00e0 l'\u00e9chelle de l'\u00c9tat et au niveau local. Au cours des huit derni\u00e8res ann\u00e9es, M. Collier a travaill\u00e9 sur plus de 80 courses politiques \u00e0 l'\u00e9chelle de l'\u00c9tat et a r\u00e9ussi \u00e0 faire \u00e9lire des candidats dans les comt\u00e9s de Sacramento et de Los Angeles. Dans le domaine des affaires gouvernementales, il travaille sur les questions d'\u00e9nergie, de transport et d'am\u00e9nagement du territoire avec des clients cl\u00e9s dans les domaines de l'\u00e9nergie, de l'am\u00e9nagement du territoire et de la politique locale. Il est dipl\u00f4m\u00e9 de l'Universit\u00e9 de Californie du Sud, o\u00f9 il a obtenu une licence en administration des affaires, et il est titulaire d'un master en politique publique et administration de l'Universit\u00e9 luth\u00e9rienne de Californie. - <a href=\"http:\/\/www.rinconstrategies.com\/chris-collier.html\" target=\"_blank\" rel=\"noopener\">Site web de Rincon Strategies<\/a><\/span><\/div>\n<\/blockquote>\n<p><\/p>","protected":false},"excerpt":{"rendered":"","protected":false},"author":3,"featured_media":2263,"comment_status":"closed","ping_status":"closed","sticky":false,"template":"","format":"standard","meta":{"_acf_changed":false,"give_campaign_id":0,"footnotes":""},"categories":[27],"tags":[],"class_list":["post-2258","post","type-post","status-publish","format-standard","has-post-thumbnail","hentry","category-blog-posts"],"acf":[],"_links":{"self":[{"href":"https:\/\/vccf.org\/fr\/wp-json\/wp\/v2\/posts\/2258","targetHints":{"allow":["GET"]}}],"collection":[{"href":"https:\/\/vccf.org\/fr\/wp-json\/wp\/v2\/posts"}],"about":[{"href":"https:\/\/vccf.org\/fr\/wp-json\/wp\/v2\/types\/post"}],"author":[{"embeddable":true,"href":"https:\/\/vccf.org\/fr\/wp-json\/wp\/v2\/users\/3"}],"replies":[{"embeddable":true,"href":"https:\/\/vccf.org\/fr\/wp-json\/wp\/v2\/comments?post=2258"}],"version-history":[{"count":0,"href":"https:\/\/vccf.org\/fr\/wp-json\/wp\/v2\/posts\/2258\/revisions"}],"wp:featuredmedia":[{"embeddable":true,"href":"https:\/\/vccf.org\/fr\/wp-json\/wp\/v2\/media\/2263"}],"wp:attachment":[{"href":"https:\/\/vccf.org\/fr\/wp-json\/wp\/v2\/media?parent=2258"}],"wp:term":[{"taxonomy":"category","embeddable":true,"href":"https:\/\/vccf.org\/fr\/wp-json\/wp\/v2\/categories?post=2258"},{"taxonomy":"post_tag","embeddable":true,"href":"https:\/\/vccf.org\/fr\/wp-json\/wp\/v2\/tags?post=2258"}],"curies":[{"name":"wp","href":"https:\/\/api.w.org\/{rel}","templated":true}]}}