{"id":23111,"date":"2025-06-23T15:05:59","date_gmt":"2025-06-23T22:05:59","guid":{"rendered":"https:\/\/vccf.org\/?p=23111"},"modified":"2025-06-24T09:18:13","modified_gmt":"2025-06-24T16:18:13","slug":"reflections-on-vccf-intern-experience-and-celebrating-vccfs-grads","status":"publish","type":"post","link":"https:\/\/vccf.org\/fr\/reflections-on-vccf-intern-experience-and-celebrating-vccfs-grads\/","title":{"rendered":"R\u00e9flexions sur l'exp\u00e9rience des stagiaires de la VCCF et c\u00e9l\u00e9bration des dipl\u00f4m\u00e9s de la VCCF !"},"content":{"rendered":"<div class=\"wp-block-image\">\n<figure class=\"alignright size-full is-resized\"><img loading=\"lazy\" decoding=\"async\" width=\"600\" height=\"600\" src=\"https:\/\/vccf.org\/wp-content\/uploads\/2025\/06\/2.png\" alt=\"\" class=\"wp-image-23114\" style=\"width:401px;height:auto\" srcset=\"https:\/\/vccf.org\/wp-content\/uploads\/2025\/06\/2.png 600w, https:\/\/vccf.org\/wp-content\/uploads\/2025\/06\/2-300x300.png 300w, https:\/\/vccf.org\/wp-content\/uploads\/2025\/06\/2-150x150.png 150w, https:\/\/vccf.org\/wp-content\/uploads\/2025\/06\/2-12x12.png 12w\" sizes=\"auto, (max-width: 600px) 100vw, 600px\" \/><figcaption class=\"wp-element-caption\">Jade Barth<\/figcaption><\/figure>\n<\/div>\n\n\n<p>La Ventura County Community Foundation a toujours eu l'honneur d'accueillir dans son \u00e9quipe certains des \u00e9tudiants les plus brillants et les plus d\u00e9vou\u00e9s du comt\u00e9, qu'il s'agisse de stagiaires, d'employ\u00e9s \u00e0 temps plein ou de b\u00e9n\u00e9voles. Au d\u00e9but de l'ann\u00e9e, la VCCF a accueilli les stagiaires Nailea Gaytan et Carolina Diaz pour les aider dans leurs efforts de marketing pour la fondation et le Projet Isabella, une initiative lanc\u00e9e par la VCCF pour s'assurer que tous les enfants de Santa Paula ont acc\u00e8s \u00e0 des soins et \u00e0 une \u00e9ducation pr\u00e9coces de haute qualit\u00e9, \u00e0 temps plein, qui soutiennent leur d\u00e9veloppement et r\u00e9pondent aux besoins de leurs familles. Nailea a effectu\u00e9 un stage \u00e0 temps partiel au sein du service marketing de la VCCF, tandis que Carolina a ax\u00e9 son projet de fin d'\u00e9tudes sur la production d'une vid\u00e9o qui sera bient\u00f4t diffus\u00e9e dans le cadre du projet Isabella. D\u00e9couvrez leurs exp\u00e9riences et les pr\u00e9cieux enseignements qu'elles ont tir\u00e9s de leur travail.<\/p>\n\n\n\n<p>Nous sommes tr\u00e8s fiers de Nailea et Carolina, ainsi que d'Aidan Miner, membre de l'\u00e9quipe du VCCF, et de Jade Barth, r\u00e9alisatrice de la vid\u00e9o du Projet Isabella, alors qu'ils c\u00e9l\u00e8brent leur r\u00e9cente remise de dipl\u00f4mes \u00e0 l'Universit\u00e9 d'\u00c9tat de Californie, dans les \u00eeles anglo-normandes. Nous sommes impatients de voir o\u00f9 la vie les m\u00e8nera ensuite !<\/p>\n\n\n\n<div style=\"height:25px\" aria-hidden=\"true\" class=\"wp-block-spacer\"><\/div>\n\n\n\n<h2 class=\"wp-block-heading\">Nailea Gaytan<\/h2>\n\n\n<div class=\"wp-block-image\">\n<figure class=\"alignleft size-full is-resized\"><img loading=\"lazy\" decoding=\"async\" width=\"600\" height=\"600\" src=\"https:\/\/vccf.org\/wp-content\/uploads\/2025\/06\/1.png\" alt=\"\" class=\"wp-image-23113\" style=\"width:337px;height:auto\" srcset=\"https:\/\/vccf.org\/wp-content\/uploads\/2025\/06\/1.png 600w, https:\/\/vccf.org\/wp-content\/uploads\/2025\/06\/1-300x300.png 300w, https:\/\/vccf.org\/wp-content\/uploads\/2025\/06\/1-150x150.png 150w, https:\/\/vccf.org\/wp-content\/uploads\/2025\/06\/1-12x12.png 12w\" sizes=\"auto, (max-width: 600px) 100vw, 600px\" \/><figcaption class=\"wp-element-caption\">Aidan Miner (\u00e0 gauche) et Nailea Gaytan (\u00e0 droite)<\/figcaption><\/figure>\n<\/div>\n\n\n<p>Mon stage \u00e0 la Ventura County Community Foundation a \u00e9t\u00e9 tr\u00e8s enrichissant, car il m'a permis de contribuer \u00e0 des initiatives importantes dans le comt\u00e9 de Ventura. Gr\u00e2ce \u00e0 une opportunit\u00e9 offerte par le programme de communication de CSU Channel Islands, qui guide les \u00e9tudiants \u00e0 travers des opportunit\u00e9s d'apprentissage par le service, de stage et de collaboration avec des organisations communautaires, j'ai eu le privil\u00e8ge de soutenir la VCCF \u00e0 travers le Projet Isabella, une initiative d'\u00e9ducation de la petite enfance visant \u00e0 assurer une \u00e9ducation de la plus haute qualit\u00e9 pour les jeunes enfants, et l'Initiative de pr\u00e9paration et de r\u00e9silience aux catastrophes, fournissant une aide cruciale aux familles touch\u00e9es par l'incendie de montagne de 2024 dans le comt\u00e9 de Ventura, parmi d'autres catastrophes. La r\u00e9silience de notre communaut\u00e9 et le d\u00e9vouement de la VCCF dans ces efforts ont \u00e9t\u00e9 une source d'inspiration profonde.&nbsp;<\/p>\n\n\n\n<p>Soutenir le projet Isabella <em>Tous ensemble pour les enfants<\/em> Le festival VCCF en octobre 2024 aux c\u00f4t\u00e9s de camarades d\u00e9vou\u00e9s Sofia Herron, Laila James, Peter Hernandez et du mentor Aidan Miner a \u00e9t\u00e9 l'\u00e9tincelle initiale qui a d\u00e9clench\u00e9 ma collaboration avec la fondation. Cet engagement pr\u00e9coce m'a donn\u00e9 un aper\u00e7u direct de l'engagement de la VCCF envers la communaut\u00e9 de Santa Paula et a finalement ouvert la voie \u00e0 mon r\u00f4le de stagiaire, me permettant de soutenir leur mission \u00e0 plus grande \u00e9chelle, notamment en soulignant la port\u00e9e de la VCCF par le biais de la cr\u00e9ation de contenu. J'ai activement contribu\u00e9 \u00e0 la r\u00e9daction d'articles de blog engageants et de contenu pour les m\u00e9dias sociaux afin de sensibiliser le public aux \u00e9v\u00e9nements et aux initiatives de la VCCF. Il s'agissait notamment de partager des histoires d'impact, de fournir des mises \u00e0 jour sur les initiatives et de mettre en \u00e9vidence les besoins critiques dans le comt\u00e9 de Ventura. Documenter les efforts des organisations \u00e0 but non lucratif et les d\u00e9fis auxquels sont confront\u00e9es les populations sous-repr\u00e9sent\u00e9es du comt\u00e9 de Ventura \u00e9tait un aspect essentiel de mon stage.<\/p>\n\n\n\n<p>Au-del\u00e0 de la cr\u00e9ation de contenu, mon stage m'a \u00e9galement permis d'entrer en contact avec divers organismes et membres de la communaut\u00e9, tels que la Weingart Foundation for the <em>Travailleurs agricoles !<\/em> Bus Tour, ainsi que One Capital Management, LLC pour interviewer professionnellement Jose Negrete, un ancien boursier de la VCCF, sur ses efforts en cours aux Nations unies \u00e0 Gen\u00e8ve, en Suisse. Cette exp\u00e9rience pratique du marketing et de la communication, avec les conseils de Candice Tang Nyholt et de Lauren Graf, m'a permis d'acqu\u00e9rir des comp\u00e9tences inestimables pour transmettre des messages significatifs et toucher un public plus large.<\/p>\n\n\n\n<p>Ce stage a mis en \u00e9vidence l'importance de la collaboration et le r\u00f4le essentiel que jouent les organisations \u00e0 but non lucratif dans la lutte contre les in\u00e9galit\u00e9s et la cr\u00e9ation d'une communaut\u00e9 plus forte et plus solidaire pour tous. Ma compr\u00e9hension de l'\u00e9quit\u00e9 et de l'inclusion, ainsi que de l'importance du soutien communautaire, valeurs qui sont au c\u0153ur de la mission de la VCCF, s'est consid\u00e9rablement accrue au cours des derniers mois. La VCCF m'a permis d'acqu\u00e9rir un ensemble diversifi\u00e9 de comp\u00e9tences et a renforc\u00e9 des valeurs pr\u00e9existantes. En outre, j'ai nou\u00e9 des liens au sein du secteur \u00e0 but non lucratif et de la communaut\u00e9 du comt\u00e9 de Ventura, cr\u00e9ant ainsi une base solide pour de futurs projets d'engagement communautaire et de service public.&nbsp;<\/p>\n\n\n\n<div style=\"height:25px\" aria-hidden=\"true\" class=\"wp-block-spacer\"><\/div>\n\n\n\n<h2 class=\"wp-block-heading\">Carolina Diaz<\/h2>\n\n\n\n<p>Ce dernier semestre, j'ai eu l'incroyable opportunit\u00e9 de travailler avec la Ventura County Community Foundation sur le projet Isabella, une initiative puissante qui souligne l'importance de l'\u00e9ducation de la petite enfance. Mon r\u00f4le consistait \u00e0 contribuer \u00e0 la cr\u00e9ation d'une vid\u00e9o destin\u00e9e \u00e0 sensibiliser la population et \u00e0 l'inciter \u00e0 s'impliquer davantage dans la communaut\u00e9. Du d\u00e9but \u00e0 la fin, cette exp\u00e9rience m'a permis d'approfondir mon appr\u00e9ciation du travail en coulisses qui s'effectue dans les domaines de la narration, de la d\u00e9fense des droits et de la sensibilisation.<\/p>\n\n\n<div class=\"wp-block-image\">\n<figure class=\"alignleft size-full is-resized\"><img loading=\"lazy\" decoding=\"async\" width=\"567\" height=\"425\" src=\"https:\/\/vccf.org\/wp-content\/uploads\/2025\/06\/IMG_0186-edited.jpg\" alt=\"\" class=\"wp-image-23116\" style=\"width:410px;height:auto\" srcset=\"https:\/\/vccf.org\/wp-content\/uploads\/2025\/06\/IMG_0186-edited.jpg 567w, https:\/\/vccf.org\/wp-content\/uploads\/2025\/06\/IMG_0186-edited-300x225.jpg 300w, https:\/\/vccf.org\/wp-content\/uploads\/2025\/06\/IMG_0186-edited-16x12.jpg 16w\" sizes=\"auto, (max-width: 567px) 100vw, 567px\" \/><figcaption class=\"wp-element-caption\">Carolina travaille sur une vid\u00e9o pour le Projet Isabella<\/figcaption><\/figure>\n<\/div>\n\n\n<p>L'une de mes principales responsabilit\u00e9s consistait \u00e0 participer \u00e0 des r\u00e9unions o\u00f9 j'\u00e9coutais activement, prenais des notes d\u00e9taill\u00e9es et veillais \u00e0 ce que tout le monde soit sur la m\u00eame longueur d'onde. Je me suis \u00e9galement occup\u00e9e de la communication avec les parties prenantes, en envoyant des courriels pour programmer des s\u00e9ances de tournage, demander des permis et obtenir des formulaires d'autorisation pour les m\u00e9dias. La logistique \u00e9tait parfois difficile, car il fallait trouver une date et une heure qui conviennent \u00e0 tout le monde, mais j'ai appris \u00e0 quel point la pers\u00e9v\u00e9rance et une documentation claire peuvent \u00eatre importantes lorsqu'il s'agit de coordonner avec des membres de la communaut\u00e9 tr\u00e8s occup\u00e9s.<\/p>\n\n\n\n<p>L'un des aspects les plus gratifiants de ce stage a \u00e9t\u00e9 de pouvoir apporter ma contribution en tant qu'hispanophone. J'ai pu contribuer \u00e0 combler les lacunes en mati\u00e8re de communication et veiller \u00e0 ce que chacun se sente entendu et compris. J'ai pu utiliser mes comp\u00e9tences linguistiques de mani\u00e8re \u00e0 soutenir directement l'objectif du projet, \u00e0 savoir l'inclusion et l'accessibilit\u00e9 des membres de la communaut\u00e9.<\/p>\n\n\n\n<p>Tout au long de cette exp\u00e9rience, j'ai re\u00e7u des commentaires positifs de la part de la directrice du marketing et de la communication de la VCCF, Candice Tang Nyholt, qui a appr\u00e9ci\u00e9 mon organisation et ma pr\u00e9paration. Ses encouragements m'ont donn\u00e9 confiance en ma capacit\u00e9 \u00e0 g\u00e9rer des t\u00e2ches complexes et \u00e0 contribuer \u00e0 une mission plus vaste. Cela m'a \u00e9galement confort\u00e9 dans l'id\u00e9e qu'il est important d'\u00eatre un membre fiable de l'\u00e9quipe lorsque l'on travaille sur un projet collaboratif.<\/p>\n\n\n<div class=\"wp-block-image\">\n<figure class=\"alignright size-full is-resized\"><img loading=\"lazy\" decoding=\"async\" width=\"600\" height=\"600\" src=\"https:\/\/vccf.org\/wp-content\/uploads\/2025\/06\/Carolina-Diaz.png\" alt=\"\" class=\"wp-image-23117\" style=\"width:296px;height:auto\" srcset=\"https:\/\/vccf.org\/wp-content\/uploads\/2025\/06\/Carolina-Diaz.png 600w, https:\/\/vccf.org\/wp-content\/uploads\/2025\/06\/Carolina-Diaz-300x300.png 300w, https:\/\/vccf.org\/wp-content\/uploads\/2025\/06\/Carolina-Diaz-150x150.png 150w, https:\/\/vccf.org\/wp-content\/uploads\/2025\/06\/Carolina-Diaz-12x12.png 12w\" sizes=\"auto, (max-width: 600px) 100vw, 600px\" \/><figcaption class=\"wp-element-caption\">Carolina Diaz<\/figcaption><\/figure>\n<\/div>\n\n\n<p>En fin de compte, travailler sur le projet Isabella a non seulement am\u00e9lior\u00e9 mes comp\u00e9tences en mati\u00e8re de communication, de coordination et de gestion du temps, mais m'a \u00e9galement montr\u00e9 l'impact qu'une histoire bien ficel\u00e9e peut avoir sur une communaut\u00e9. Je suis fi\u00e8re d'avoir jou\u00e9 un r\u00f4le dans la promotion de l'\u00e9ducation de la petite enfance et d'avoir rencontr\u00e9 des personnes aussi merveilleuses qu'Abril, Perla et Jade. J'esp\u00e8re que cette vid\u00e9o contribuera \u00e0 susciter des conversations, des liens et des actions \u00e0 Santa Paula et au-del\u00e0. Merci, Projet Isabella !<\/p>","protected":false},"excerpt":{"rendered":"<p>The Ventura County Community Foundation has had the ongoing honor of bringing some of our county\u2019s brightest and most dedicated students onto our team, from interns to full-time staff to&hellip;<\/p>","protected":false},"author":8,"featured_media":0,"comment_status":"closed","ping_status":"closed","sticky":false,"template":"","format":"standard","meta":{"_acf_changed":false,"give_campaign_id":0,"footnotes":""},"categories":[27],"tags":[35],"class_list":["post-23111","post","type-post","status-publish","format-standard","hentry","category-blog-posts","tag-isabella-project"],"acf":[],"_links":{"self":[{"href":"https:\/\/vccf.org\/fr\/wp-json\/wp\/v2\/posts\/23111","targetHints":{"allow":["GET"]}}],"collection":[{"href":"https:\/\/vccf.org\/fr\/wp-json\/wp\/v2\/posts"}],"about":[{"href":"https:\/\/vccf.org\/fr\/wp-json\/wp\/v2\/types\/post"}],"author":[{"embeddable":true,"href":"https:\/\/vccf.org\/fr\/wp-json\/wp\/v2\/users\/8"}],"replies":[{"embeddable":true,"href":"https:\/\/vccf.org\/fr\/wp-json\/wp\/v2\/comments?post=23111"}],"version-history":[{"count":0,"href":"https:\/\/vccf.org\/fr\/wp-json\/wp\/v2\/posts\/23111\/revisions"}],"wp:attachment":[{"href":"https:\/\/vccf.org\/fr\/wp-json\/wp\/v2\/media?parent=23111"}],"wp:term":[{"taxonomy":"category","embeddable":true,"href":"https:\/\/vccf.org\/fr\/wp-json\/wp\/v2\/categories?post=23111"},{"taxonomy":"post_tag","embeddable":true,"href":"https:\/\/vccf.org\/fr\/wp-json\/wp\/v2\/tags?post=23111"}],"curies":[{"name":"wp","href":"https:\/\/api.w.org\/{rel}","templated":true}]}}