{"id":23292,"date":"2025-08-15T16:33:45","date_gmt":"2025-08-15T23:33:45","guid":{"rendered":"https:\/\/vccf.org\/?p=23292"},"modified":"2025-08-18T09:40:25","modified_gmt":"2025-08-18T16:40:25","slug":"vccf-power-of-purpose-august-2025","status":"publish","type":"post","link":"https:\/\/vccf.org\/fr\/vccf-power-of-purpose-august-2025\/","title":{"rendered":"VCCF Power of Purpose - Ao\u00fbt 2025"},"content":{"rendered":"<div class=\"wp-block-image\">\n<figure class=\"aligncenter size-large\"><img loading=\"lazy\" decoding=\"async\" width=\"1024\" height=\"341\" src=\"https:\/\/vccf.org\/wp-content\/uploads\/2025\/03\/2024-Rebrand-Power-of-Purpose-Header-Final-2-1024x341.png\" alt=\"\" class=\"wp-image-22747\" srcset=\"https:\/\/vccf.org\/wp-content\/uploads\/2025\/03\/2024-Rebrand-Power-of-Purpose-Header-Final-2-1024x341.png 1024w, https:\/\/vccf.org\/wp-content\/uploads\/2025\/03\/2024-Rebrand-Power-of-Purpose-Header-Final-2-300x100.png 300w, https:\/\/vccf.org\/wp-content\/uploads\/2025\/03\/2024-Rebrand-Power-of-Purpose-Header-Final-2-768x256.png 768w, https:\/\/vccf.org\/wp-content\/uploads\/2025\/03\/2024-Rebrand-Power-of-Purpose-Header-Final-2-1536x512.png 1536w, https:\/\/vccf.org\/wp-content\/uploads\/2025\/03\/2024-Rebrand-Power-of-Purpose-Header-Final-2-2048x683.png 2048w, https:\/\/vccf.org\/wp-content\/uploads\/2025\/03\/2024-Rebrand-Power-of-Purpose-Header-Final-2-18x6.png 18w\" sizes=\"auto, (max-width: 1024px) 100vw, 1024px\" \/><\/figure>\n<\/div>\n\n\n<p>Salutations estivales de la part du programme de bourses d'\u00e9tudes de la VCCF !<\/p>\n\n\n\n<p>Nous sommes ravis de vous annoncer que 2025 a \u00e9t\u00e9 une nouvelle ann\u00e9e record pour la&nbsp;<strong>Programme de bourses d'\u00e9tudes de la VCCF<\/strong>. Gr\u00e2ce \u00e0 la g\u00e9n\u00e9rosit\u00e9 de notre communaut\u00e9, nous avons accord\u00e9 569 bourses d'\u00e9tudes \u00e0 412 \u00e9tudiants, pour un montant total de <strong>$1.838.986,60 - le montant le plus \u00e9lev\u00e9 jamais accord\u00e9<\/strong>. Plus de 30 laur\u00e9ats ont re\u00e7u la bourse maximale de $10 000, ce qui leur a permis de r\u00e9aliser pleinement leurs r\u00eaves.<\/p>\n\n\n\n<p>Alors que Sierra et moi-m\u00eame g\u00e9rons l'administration du programme en coulisses, cet impact incroyable ne serait pas possible sans nos 208 \u00e9valuateurs b\u00e9n\u00e9voles d\u00e9vou\u00e9s. Chacun d'entre eux a consacr\u00e9 environ 15 heures \u00e0 la lecture et \u00e0 la notation des candidatures sur une p\u00e9riode de cinq semaines, soit un total de plus de 3 120 heures de service. Nous sommes profond\u00e9ment reconnaissants \u00e0 ce groupe g\u00e9n\u00e9reux, dont le temps et l'attention garantissent un processus r\u00e9fl\u00e9chi et \u00e9quitable pour tous les candidats.<\/p>\n\n\n\n<p>Nous avons \u00e9galement accueilli de nouveaux partenaires fantastiques cette ann\u00e9e, notamment Gold Coast Health Plan, qui a cr\u00e9\u00e9 une importante bourse d'\u00e9tudes pour soutenir les \u00e9tudiants locaux qui poursuivent des \u00e9tudes dans le domaine de la sant\u00e9 mentale et comportementale \u00e0 tous les niveaux, depuis les certificats jusqu'aux dipl\u00f4mes d'\u00e9tudes sup\u00e9rieures. Ces boursiers du GCHP s'engagent \u00e0 rester ou \u00e0 revenir dans le comt\u00e9 de Ventura pour r\u00e9pondre aux besoins de notre communaut\u00e9 en mati\u00e8re de sant\u00e9 comportementale. Nous sommes ravis de ce nouveau partenariat, ainsi que des nombreux autres g\u00e9n\u00e9reux donateurs qui ont rejoint notre programme cette ann\u00e9e.<\/p>\n\n\n\n<p>Quelles sont les prochaines \u00e9tapes ? Nous sommes en train de mettre en place le <strong>Fonds de bourses d'\u00e9tudes communautaires de la VCCF<\/strong>qui permettra \u00e0 chacun de contribuer, quel que soit le montant, au soutien des \u00e9l\u00e8ves de la r\u00e9gion. Restez \u00e0 l'\u00e9coute - nous avons h\u00e2te d'en savoir plus !<\/p>\n\n\n\n<p>Alors que nous c\u00e9l\u00e9brons l'avenir radieux de nos boursiers, nous ne perdons pas de vue les besoins urgents qui subsistent au sein de notre communaut\u00e9.<\/p>\n\n\n\n<p>Chaque jour, des familles du comt\u00e9 de Ventura sont confront\u00e9es \u00e0 des d\u00e9fis inimaginables. Il y a deux semaines, nous avons accept\u00e9 une bourse d'\u00e9tudes au nom d'une \u00e9tudiante dont la famille avait \u00e9t\u00e9 directement touch\u00e9e par les r\u00e9cents raids des services d'immigration. Entendez ses mots, <a href=\"https:\/\/vimeo.com\/1107549387\" target=\"_blank\" rel=\"noopener\"><strong>regardez notre vid\u00e9o ici<\/strong><\/a>.<\/p>\n\n\n\n<p>Un autre \u00e9tudiant a expliqu\u00e9 qu'il reportait son inscription dans un \u00e9tablissement d'enseignement sup\u00e9rieur local pour aider \u00e0 subvenir aux besoins de ses jeunes fr\u00e8res et s\u0153urs apr\u00e8s que leur m\u00e8re a cess\u00e9 d'aller travailler de peur d'\u00eatre s\u00e9par\u00e9e de ses enfants bien-aim\u00e9s. Elle travaillait dans un restaurant local depuis plus de 15 ans et esp\u00e8re d\u00e9sesp\u00e9r\u00e9ment y retourner un jour, lorsqu'elle se sentira en s\u00e9curit\u00e9.<\/p>\n\n\n\n<p>C'est pourquoi nous souhaitons mettre en avant une autre initiative vitale : la <a href=\"https:\/\/vccf.org\/fr\/neighbors-support-fund\/\"><strong>Fonds de soutien aux voisins du comt\u00e9 de Ventura<\/strong><\/a>. Ce fonds fournit une aide d'urgence par l'interm\u00e9diaire de partenaires locaux de confiance, offrant une aide et un espoir r\u00e9els lorsque le besoin s'en fait le plus sentir.<\/p>\n\n\n<div class=\"wp-block-image\">\n<figure class=\"alignright size-large is-resized\"><img loading=\"lazy\" decoding=\"async\" width=\"1024\" height=\"797\" src=\"https:\/\/vccf.org\/wp-content\/uploads\/2025\/08\/kirsti-and-sierra-1024x797.jpg\" alt=\"\" class=\"wp-image-23294\" style=\"width:455px;height:auto\" srcset=\"https:\/\/vccf.org\/wp-content\/uploads\/2025\/08\/kirsti-and-sierra-1024x797.jpg 1024w, https:\/\/vccf.org\/wp-content\/uploads\/2025\/08\/kirsti-and-sierra-300x233.jpg 300w, https:\/\/vccf.org\/wp-content\/uploads\/2025\/08\/kirsti-and-sierra-768x597.jpg 768w, https:\/\/vccf.org\/wp-content\/uploads\/2025\/08\/kirsti-and-sierra-1536x1195.jpg 1536w, https:\/\/vccf.org\/wp-content\/uploads\/2025\/08\/kirsti-and-sierra-2048x1593.jpg 2048w, https:\/\/vccf.org\/wp-content\/uploads\/2025\/08\/kirsti-and-sierra-15x12.jpg 15w\" sizes=\"auto, (max-width: 1024px) 100vw, 1024px\" \/><\/figure>\n<\/div>\n\n\n<p>Nous sommes tr\u00e8s reconnaissants aux nombreux partenaires qui se sont manifest\u00e9s pour lancer cet effort avec nous. Ensemble, nous pouvons faire face \u00e0 ce moment et poursuivre l'h\u00e9ritage du comt\u00e9 de Ventura en mati\u00e8re de r\u00e9silience, de compassion et de soins collectifs.  Que vous fassiez un don pour aider un \u00e9tudiant \u00e0 aller \u00e0 l'universit\u00e9 ou pour veiller \u00e0 ce qu'un voisin re\u00e7oive une aide d'urgence, votre g\u00e9n\u00e9rosit\u00e9 est une force puissante pour la dignit\u00e9, l'appartenance et les possibilit\u00e9s ici m\u00eame, dans le comt\u00e9 de Ventura. Merci !<\/p>\n\n\n\n<p>En partenariat et en service,<br>Kirsti &amp; Sierra<br><em>Kirsti Vomund, directrice des bourses d'\u00e9tudes de la VCCF<br>Sierra Kettenburg, sp\u00e9cialiste du programme de subventions et de bourses de la VCCF<\/em><\/p>\n\n\n\n<hr class=\"wp-block-separator has-alpha-channel-opacity\"\/>\n\n\n\n<div style=\"height:10px\" aria-hidden=\"true\" class=\"wp-block-spacer\"><\/div>\n\n\n<div class=\"wp-block-image\">\n<figure class=\"aligncenter size-large\"><img loading=\"lazy\" decoding=\"async\" width=\"1024\" height=\"273\" src=\"https:\/\/vccf.org\/wp-content\/uploads\/2025\/07\/NSF-Header-1-1024x273.png\" alt=\"Ventura County Neighbors Support Fund\" class=\"wp-image-23237\" srcset=\"https:\/\/vccf.org\/wp-content\/uploads\/2025\/07\/NSF-Header-1-1024x273.png 1024w, https:\/\/vccf.org\/wp-content\/uploads\/2025\/07\/NSF-Header-1-300x80.png 300w, https:\/\/vccf.org\/wp-content\/uploads\/2025\/07\/NSF-Header-1-768x205.png 768w, https:\/\/vccf.org\/wp-content\/uploads\/2025\/07\/NSF-Header-1-18x5.png 18w, https:\/\/vccf.org\/wp-content\/uploads\/2025\/07\/NSF-Header-1.png 1500w\" sizes=\"auto, (max-width: 1024px) 100vw, 1024px\" \/><\/figure>\n<\/div>\n\n\n<p>Notre communaut\u00e9 souffre. La peur, la confusion et l'incertitude ont pris racine dans les quartiers du comt\u00e9 de Ventura. De nombreuses familles sont angoiss\u00e9es par la routine quotidienne - elles ont peur d'aller au travail, d'amener leurs enfants \u00e0 l'\u00e9cole ou m\u00eame de sortir de chez elles. Dans certains cas, des familles ont \u00e9t\u00e9 d\u00e9chir\u00e9es, les parents \u00e9tant s\u00e9par\u00e9s de leurs enfants. Les entreprises locales sont mises \u00e0 rude \u00e9preuve et notre sentiment commun de s\u00e9curit\u00e9 est profond\u00e9ment \u00e9branl\u00e9.<\/p>\n\n\n\n<p>C'est notre r\u00e9ponse - et nous la construisons ensemble.<\/p>\n\n\n\n<p>La VCCF a lanc\u00e9 le <strong>Fonds de soutien aux voisins du comt\u00e9 de Ventura<\/strong>ainsi qu'une coalition de partenaires communautaires de confiance. Ensemble, en une semaine seulement, nous avons collect\u00e9 plus de $105 000 euros pour soutenir nos voisins. Nous vous invitons \u00e0 nous rejoindre et \u00e0 continuer sur notre lanc\u00e9e. <strong>Pour en savoir plus et faire un don, voir ci-dessous.<\/strong><\/p>\n\n\n\n<div class=\"wp-block-buttons is-content-justification-center is-layout-flex wp-container-core-buttons-is-layout-16018d1d wp-block-buttons-is-layout-flex\">\n<div class=\"wp-block-button has-custom-width wp-block-button__width-50\"><a class=\"wp-block-button__link has-fl-topbar-bg-color has-fl-accent-background-color has-text-color has-background has-link-color has-medium-font-size has-text-align-center has-custom-font-size wp-element-button\" href=\"https:\/\/vccf.org\/fr\/neighbors-support-fund\/\">Rejoindre le mouvement<\/a><\/div>\n<\/div>\n\n\n\n<hr class=\"wp-block-separator has-alpha-channel-opacity\"\/>\n\n\n\n<div style=\"height:10px\" aria-hidden=\"true\" class=\"wp-block-spacer\"><\/div>\n\n\n\n<h2 class=\"wp-block-heading has-text-align-center\"><strong>Opportunit\u00e9 de subvention ! Programme de subvention VibeWell Ventura County Arts &amp; Wellness<\/strong><\/h2>\n\n\n\n<p>Ouvert d\u00e8s maintenant ! Cette opportunit\u00e9 de programme de subvention, financ\u00e9e par les fonds de pr\u00e9vention et d'intervention pr\u00e9coce (PEI) de Ventura County Behavioral Health dans le cadre de la loi sur les services de sant\u00e9 mentale (Mental Health Services Act), <strong>soutient les organisations artistiques et culturelles \u00e0 but non lucratif<\/strong> dans la mise en \u0153uvre et l'\u00e9valuation de programmes qui sensibilisent aux probl\u00e8mes de sant\u00e9 mentale et aux ressources th\u00e9rapeutiques par le biais d'un engagement artistique, cr\u00e9atif et culturel.<\/p>\n\n\n\n<div class=\"wp-block-buttons is-content-justification-center is-layout-flex wp-container-core-buttons-is-layout-16018d1d wp-block-buttons-is-layout-flex\">\n<div class=\"wp-block-button has-custom-width wp-block-button__width-50\"><a class=\"wp-block-button__link has-fl-topbar-bg-color has-fl-accent-background-color has-text-color has-background has-link-color has-medium-font-size has-text-align-center has-custom-font-size wp-element-button\" href=\"https:\/\/vccf.org\/fr\/grants\/past-current-and-upcoming-grants\/\">Postuler<\/a><\/div>\n<\/div>\n\n\n\n<hr class=\"wp-block-separator has-alpha-channel-opacity\"\/>\n\n\n\n<div style=\"height:10px\" aria-hidden=\"true\" class=\"wp-block-spacer\"><\/div>\n\n\n\n<h2 class=\"wp-block-heading has-text-align-center\"><strong>Programme de bourses d'\u00e9tudes de la VCCF : F\u00e9licitations et merci !<\/strong><\/h2>\n\n\n<div class=\"wp-block-image\">\n<figure class=\"aligncenter size-large\"><a href=\"https:\/\/vccf.org\/fr\/2025-vccf-scholarship-season-a-thank-you-from-our-students\/\"><img loading=\"lazy\" decoding=\"async\" width=\"1024\" height=\"576\" src=\"https:\/\/vccf.org\/wp-content\/uploads\/2025\/08\/scholarship-thumbnail-1024x576.png\" alt=\"2025 VCCF Scholarship Season - A Thank You From Our Students\" class=\"wp-image-23295\" srcset=\"https:\/\/vccf.org\/wp-content\/uploads\/2025\/08\/scholarship-thumbnail-1024x576.png 1024w, https:\/\/vccf.org\/wp-content\/uploads\/2025\/08\/scholarship-thumbnail-300x169.png 300w, https:\/\/vccf.org\/wp-content\/uploads\/2025\/08\/scholarship-thumbnail-768x432.png 768w, https:\/\/vccf.org\/wp-content\/uploads\/2025\/08\/scholarship-thumbnail-1536x864.png 1536w, https:\/\/vccf.org\/wp-content\/uploads\/2025\/08\/scholarship-thumbnail-18x10.png 18w, https:\/\/vccf.org\/wp-content\/uploads\/2025\/08\/scholarship-thumbnail.png 1920w\" sizes=\"auto, (max-width: 1024px) 100vw, 1024px\" \/><\/a><\/figure>\n<\/div>\n\n\n<p>Nos \u00e9l\u00e8ves tiennent \u00e0 remercier chaleureusement les donateurs et les b\u00e9n\u00e9voles qui les aident \u00e0 r\u00e9aliser leurs r\u00eaves d'\u00e9tudes. \u00c9coutez leurs paroles et lisez leurs histoires dans notre vid\u00e9o annuelle de remerciement.<\/p>\n\n\n\n<div class=\"wp-block-buttons is-content-justification-center is-layout-flex wp-container-core-buttons-is-layout-16018d1d wp-block-buttons-is-layout-flex\">\n<div class=\"wp-block-button has-custom-width wp-block-button__width-50\"><a class=\"wp-block-button__link has-fl-topbar-bg-color has-fl-accent-background-color has-text-color has-background has-link-color has-medium-font-size has-text-align-center has-custom-font-size wp-element-button\" href=\"https:\/\/vccf.org\/fr\/2025-vccf-scholarship-season-a-thank-you-from-our-students\/\">Regarder<\/a><\/div>\n<\/div>\n\n\n\n<hr class=\"wp-block-separator has-alpha-channel-opacity\"\/>\n\n\n\n<div style=\"height:10px\" aria-hidden=\"true\" class=\"wp-block-spacer\"><\/div>\n\n\n\n<h2 class=\"wp-block-heading has-text-align-center\">D'Oxnard \u00e0 l'ONU : Jose Negrete, ancien boursier de la VCCF<\/h2>\n\n\n\n<figure class=\"wp-block-image size-large\"><a href=\"https:\/\/vccf.org\/fr\/from-oxnard-to-the-un-jose-negrete-vccf-scholarship-alum\/\"><img loading=\"lazy\" decoding=\"async\" width=\"1024\" height=\"576\" src=\"https:\/\/vccf.org\/wp-content\/uploads\/2025\/08\/Jose-Thumbnail-1-1024x576.png\" alt=\"\" class=\"wp-image-23296\" srcset=\"https:\/\/vccf.org\/wp-content\/uploads\/2025\/08\/Jose-Thumbnail-1-1024x576.png 1024w, https:\/\/vccf.org\/wp-content\/uploads\/2025\/08\/Jose-Thumbnail-1-300x169.png 300w, https:\/\/vccf.org\/wp-content\/uploads\/2025\/08\/Jose-Thumbnail-1-768x432.png 768w, https:\/\/vccf.org\/wp-content\/uploads\/2025\/08\/Jose-Thumbnail-1-18x10.png 18w, https:\/\/vccf.org\/wp-content\/uploads\/2025\/08\/Jose-Thumbnail-1.png 1280w\" sizes=\"auto, (max-width: 1024px) 100vw, 1024px\" \/><\/a><\/figure>\n\n\n\n<p>Rencontrez Jose, un ancien \u00e9tudiant boursier de la VCCF qui a suivi un parcours incroyable depuis le quartier de La Colonia \u00e0 Oxnard jusqu'aux Nations unies, o\u00f9 il travaille en tant que stagiaire au Beyond Lab. \u00c9coutez les paroles de Jose et suivez-le \u00e0 travers les d\u00e9fis de sa vie, le soutien de sa communaut\u00e9 et la r\u00e9alisation de son r\u00eave aujourd'hui.<\/p>\n\n\n\n<div class=\"wp-block-buttons is-content-justification-center is-layout-flex wp-container-core-buttons-is-layout-16018d1d wp-block-buttons-is-layout-flex\">\n<div class=\"wp-block-button has-custom-width wp-block-button__width-50\"><a class=\"wp-block-button__link has-fl-topbar-bg-color has-fl-accent-background-color has-text-color has-background has-link-color has-medium-font-size has-text-align-center has-custom-font-size wp-element-button\" href=\"https:\/\/vccf.org\/fr\/from-oxnard-to-the-un-jose-negrete-vccf-scholarship-alum\/\">Regarder<\/a><\/div>\n<\/div>\n\n\n\n<hr class=\"wp-block-separator has-alpha-channel-opacity\"\/>\n\n\n\n<div style=\"height:10px\" aria-hidden=\"true\" class=\"wp-block-spacer\"><\/div>\n\n\n<div class=\"wp-block-image\">\n<figure class=\"aligncenter size-large\"><img loading=\"lazy\" decoding=\"async\" width=\"1024\" height=\"341\" src=\"https:\/\/vccf.org\/wp-content\/uploads\/2025\/03\/power-of-community-1024x341.png\" alt=\"\" class=\"wp-image-22756\" srcset=\"https:\/\/vccf.org\/wp-content\/uploads\/2025\/03\/power-of-community-1024x341.png 1024w, https:\/\/vccf.org\/wp-content\/uploads\/2025\/03\/power-of-community-300x100.png 300w, https:\/\/vccf.org\/wp-content\/uploads\/2025\/03\/power-of-community-768x256.png 768w, https:\/\/vccf.org\/wp-content\/uploads\/2025\/03\/power-of-community-1536x512.png 1536w, https:\/\/vccf.org\/wp-content\/uploads\/2025\/03\/power-of-community-2048x683.png 2048w, https:\/\/vccf.org\/wp-content\/uploads\/2025\/03\/power-of-community-18x6.png 18w\" sizes=\"auto, (max-width: 1024px) 100vw, 1024px\" \/><\/figure>\n<\/div>\n\n\n<h2 class=\"wp-block-heading has-text-align-center\"><strong>Food Share du comt\u00e9 de Ventura<\/strong><\/h2>\n\n\n\n<div class=\"wp-block-columns is-layout-flex wp-container-core-columns-is-layout-9d6595d7 wp-block-columns-is-layout-flex\">\n<div class=\"wp-block-column is-layout-flow wp-block-column-is-layout-flow\"><div class=\"wp-block-image\">\n<figure class=\"aligncenter size-large is-resized\"><img loading=\"lazy\" decoding=\"async\" width=\"782\" height=\"1024\" src=\"https:\/\/vccf.org\/wp-content\/uploads\/2025\/08\/Screenshot-2025-08-15-162729-782x1024.png\" alt=\"\" class=\"wp-image-23297\" style=\"width:364px;height:auto\" srcset=\"https:\/\/vccf.org\/wp-content\/uploads\/2025\/08\/Screenshot-2025-08-15-162729-782x1024.png 782w, https:\/\/vccf.org\/wp-content\/uploads\/2025\/08\/Screenshot-2025-08-15-162729-229x300.png 229w, https:\/\/vccf.org\/wp-content\/uploads\/2025\/08\/Screenshot-2025-08-15-162729-768x1006.png 768w, https:\/\/vccf.org\/wp-content\/uploads\/2025\/08\/Screenshot-2025-08-15-162729-9x12.png 9w, https:\/\/vccf.org\/wp-content\/uploads\/2025\/08\/Screenshot-2025-08-15-162729.png 834w\" sizes=\"auto, (max-width: 782px) 100vw, 782px\" \/><\/figure>\n<\/div><\/div>\n\n\n\n<div class=\"wp-block-column is-layout-flow wp-block-column-is-layout-flow\">\n<p>Association \u00e0 but non lucratif essentielle au sein de notre communaut\u00e9, Food Share a fourni plus de 16 millions de repas \u00e0 plus de 250 000 personnes dans le comt\u00e9 de Ventura, avec l'aide des g\u00e9n\u00e9reux donateurs de notre communaut\u00e9. Gr\u00e2ce \u00e0 l'aide de notre communaut\u00e9, Food Share a \u00e9t\u00e9 en mesure de fournir des services malgr\u00e9 les incendies de for\u00eat, l'inflation et les difficult\u00e9s de la cha\u00eene d'approvisionnement. Nous vous invitons \u00e0 consulter son rapport annuel, qui contient des r\u00e9cits de familles aid\u00e9es, des donn\u00e9es sur l'origine et la destination des aliments, ainsi que les visages qui se cachent derri\u00e8re sa mission - des b\u00e9n\u00e9voles aux travailleurs agricoles, en passant par les enfants participant \u00e0 ses programmes de nutrition.<\/p>\n<\/div>\n<\/div>\n\n\n\n<div class=\"wp-block-buttons is-content-justification-center is-layout-flex wp-container-core-buttons-is-layout-16018d1d wp-block-buttons-is-layout-flex\">\n<div class=\"wp-block-button has-custom-width wp-block-button__width-50\"><a class=\"wp-block-button__link has-fl-topbar-bg-color has-fl-accent-background-color has-text-color has-background has-link-color has-medium-font-size has-text-align-center has-custom-font-size wp-element-button\" href=\"https:\/\/foodshare.com\/newsletter\/\" target=\"_blank\" rel=\"noopener\">Regarder<\/a><\/div>\n<\/div>","protected":false},"excerpt":{"rendered":"<p>Summer Greetings from the VCCF Scholarship Program! We&#8217;re thrilled to share that 2025 has been another record-breaking year for the&nbsp;VCCF Scholarship Program. Thanks to the generosity of our community, we&hellip;<\/p>","protected":false},"author":8,"featured_media":0,"comment_status":"closed","ping_status":"closed","sticky":false,"template":"","format":"standard","meta":{"_acf_changed":false,"give_campaign_id":0,"footnotes":""},"categories":[24],"tags":[],"class_list":["post-23292","post","type-post","status-publish","format-standard","hentry","category-newsletters"],"acf":[],"_links":{"self":[{"href":"https:\/\/vccf.org\/fr\/wp-json\/wp\/v2\/posts\/23292","targetHints":{"allow":["GET"]}}],"collection":[{"href":"https:\/\/vccf.org\/fr\/wp-json\/wp\/v2\/posts"}],"about":[{"href":"https:\/\/vccf.org\/fr\/wp-json\/wp\/v2\/types\/post"}],"author":[{"embeddable":true,"href":"https:\/\/vccf.org\/fr\/wp-json\/wp\/v2\/users\/8"}],"replies":[{"embeddable":true,"href":"https:\/\/vccf.org\/fr\/wp-json\/wp\/v2\/comments?post=23292"}],"version-history":[{"count":0,"href":"https:\/\/vccf.org\/fr\/wp-json\/wp\/v2\/posts\/23292\/revisions"}],"wp:attachment":[{"href":"https:\/\/vccf.org\/fr\/wp-json\/wp\/v2\/media?parent=23292"}],"wp:term":[{"taxonomy":"category","embeddable":true,"href":"https:\/\/vccf.org\/fr\/wp-json\/wp\/v2\/categories?post=23292"},{"taxonomy":"post_tag","embeddable":true,"href":"https:\/\/vccf.org\/fr\/wp-json\/wp\/v2\/tags?post=23292"}],"curies":[{"name":"wp","href":"https:\/\/api.w.org\/{rel}","templated":true}]}}