{"id":2927,"date":"2018-02-16T14:58:31","date_gmt":"2018-02-16T22:58:31","guid":{"rendered":"https:\/\/vccf.org\/?p=2927"},"modified":"2025-01-29T07:48:40","modified_gmt":"2025-01-29T07:48:40","slug":"1m-grant-establishes-fund-at-museum","status":"publish","type":"post","link":"https:\/\/vccf.org\/fr\/1m-grant-establishes-fund-at-museum\/","title":{"rendered":"Une subvention de $1M permet de cr\u00e9er un fonds au mus\u00e9e"},"content":{"rendered":"<p><!--more--><\/p>\n<p><em>Lire l'article complet ci-dessous ou sur le Camarillo Acorn (en anglais) <a href=\"https:\/\/www.thecamarilloacorn.com\/articles\/1m-grant-establishes-fund-at-museum\/\" target=\"_blank\" rel=\"noopener\">site web<\/a>.\u00a0<\/em><\/p>\n<p>Gr\u00e2ce \u00e0 un don de $1 million re\u00e7u le mois dernier, le mus\u00e9e du comt\u00e9 de Ventura a cr\u00e9\u00e9 le fonds Barbara Barnard Smith Museum of Ventura County Executive Director pour apporter un soutien financier permanent et continu \u00e0 ce poste.<\/p>\n<p>Arri\u00e8re-petite-fille de William Dewey Hobson, souvent appel\u00e9 le \"p\u00e8re du comt\u00e9 de Ventura\", Barbara Barnard Smith a cr\u00e9\u00e9 la Fred W. Smith Gallery et a dirig\u00e9 la cr\u00e9ation d'un fonds de dotation pour soutenir les figures historiques de George Stuart au d\u00e9but des ann\u00e9es 1990.<\/p>\n<p>Le fonds de dotation a \u00e9t\u00e9 cr\u00e9\u00e9 \u00e0 la Ventura County Community Foundation, qui le d\u00e9tiendra, le g\u00e9rera, l'investira et le r\u00e9investira, et versera les revenus nets au mus\u00e9e conform\u00e9ment aux souhaits du donateur.<\/p>\n<p>Ce don est le premier don important dans le cadre des efforts d\u00e9ploy\u00e9s par le mus\u00e9e pour collecter $7,5 millions d'euros pour sa dotation et sa campagne visant \u00e0 assurer la p\u00e9rennit\u00e9 du mus\u00e9e.<\/p>\n<p>Depuis septembre 2017, en plus du don de Barbara Barnard Smith, $850 000 ont \u00e9t\u00e9 promis et le mus\u00e9e tentera de r\u00e9unir le montant restant au cours des cinq prochaines ann\u00e9es.<\/p>\n<p>Fond\u00e9 en 1913, le mus\u00e9e du comt\u00e9 de Ventura rend hommage \u00e0 l'histoire, \u00e0 l'art et \u00e0 la culture du comt\u00e9 et des Channel Islands \u00e0 travers ses collections, ses expositions, ses programmes \u00e9ducatifs et ses publications.<\/p>","protected":false},"excerpt":{"rendered":"","protected":false},"author":3,"featured_media":1475,"comment_status":"closed","ping_status":"closed","sticky":false,"template":"","format":"standard","meta":{"_acf_changed":false,"give_campaign_id":0,"footnotes":""},"categories":[22],"tags":[],"class_list":["post-2927","post","type-post","status-publish","format-standard","has-post-thumbnail","hentry","category-latest-coverage"],"acf":[],"_links":{"self":[{"href":"https:\/\/vccf.org\/fr\/wp-json\/wp\/v2\/posts\/2927","targetHints":{"allow":["GET"]}}],"collection":[{"href":"https:\/\/vccf.org\/fr\/wp-json\/wp\/v2\/posts"}],"about":[{"href":"https:\/\/vccf.org\/fr\/wp-json\/wp\/v2\/types\/post"}],"author":[{"embeddable":true,"href":"https:\/\/vccf.org\/fr\/wp-json\/wp\/v2\/users\/3"}],"replies":[{"embeddable":true,"href":"https:\/\/vccf.org\/fr\/wp-json\/wp\/v2\/comments?post=2927"}],"version-history":[{"count":0,"href":"https:\/\/vccf.org\/fr\/wp-json\/wp\/v2\/posts\/2927\/revisions"}],"wp:featuredmedia":[{"embeddable":true,"href":"https:\/\/vccf.org\/fr\/wp-json\/wp\/v2\/media\/1475"}],"wp:attachment":[{"href":"https:\/\/vccf.org\/fr\/wp-json\/wp\/v2\/media?parent=2927"}],"wp:term":[{"taxonomy":"category","embeddable":true,"href":"https:\/\/vccf.org\/fr\/wp-json\/wp\/v2\/categories?post=2927"},{"taxonomy":"post_tag","embeddable":true,"href":"https:\/\/vccf.org\/fr\/wp-json\/wp\/v2\/tags?post=2927"}],"curies":[{"name":"wp","href":"https:\/\/api.w.org\/{rel}","templated":true}]}}