{"id":3206,"date":"2018-09-20T16:54:45","date_gmt":"2018-09-20T23:54:45","guid":{"rendered":"https:\/\/vccf.org\/?p=3206"},"modified":"2025-01-29T07:48:37","modified_gmt":"2025-01-29T07:48:37","slug":"hope-and-light","status":"publish","type":"post","link":"https:\/\/vccf.org\/fr\/hope-and-light\/","title":{"rendered":"Espoir et lumi\u00e8re"},"content":{"rendered":"<p><!--more--><\/p>\n<p><em>Lire l'article complet ci-dessous ou sur le site Acorn <a href=\"https:\/\/www.theacorn.com\/articles\/hope-and-light\/\" target=\"_blank\" rel=\"noopener\">site web<\/a>.\u00a0<\/em><\/p>\n<p>SAGE Publishing pr\u00e9sentera son cinqui\u00e8me gala annuel Hope and Light \u00e0 18 heures le samedi 29 septembre au Sherwood Country Club, 320 W. Stafford Road, Thousand Oaks.<\/p>\n<p>Des membres de la communaut\u00e9 philanthropique et des professionnels du monde des affaires rendront hommage aux leaders de la communaut\u00e9 qui se sont associ\u00e9s \u00e0 Interface pour assurer la s\u00e9curit\u00e9 des enfants et des familles vuln\u00e9rables. Les recettes de l'\u00e9v\u00e9nement permettront de soutenir des programmes qui soignent et prot\u00e8gent les membres de la communaut\u00e9 \u00e0 risque des traumatismes li\u00e9s aux abus, \u00e0 la traite des \u00eatres humains et au sans-abrisme.<\/p>\n<p>Des \u0153uvres d'art r\u00e9alis\u00e9es par des survivants de la violence domestique et de la traite des \u00eatres humains seront expos\u00e9es afin de mettre en \u00e9vidence l'impact th\u00e9rapeutique de l'art.<\/p>\n<p>Andrew Firestone, philanthrope de Santa Barbara connu pour son r\u00f4le ant\u00e9rieur dans \"The Bachelor\", animera le programme du d\u00eener.<\/p>\n<p>Les invit\u00e9s sp\u00e9ciaux seront Bill Ayub, sh\u00e9rif \u00e9lu du comt\u00e9 de Ventura, Mike Powers, directeur g\u00e9n\u00e9ral du comt\u00e9 de Ventura, Greg Totten, procureur du comt\u00e9 de Ventura, et Vanessa Bechtel, pr\u00e9sidente et directrice g\u00e9n\u00e9rale de la Ventura County Community Foundation.<\/p>\n<p>Interface apporte un soutien complet pour pr\u00e9venir, interrompre et mettre fin au cycle de la violence au sein des familles, soutenir et h\u00e9berger les victimes de la traite des \u00eatres humains, renforcer les jeunes et les familles, fournir des informations et des r\u00e9f\u00e9rences 2-1-1, ainsi que des services de sant\u00e9 mentale et de justice dans le comt\u00e9 de Ventura et les communaut\u00e9s adjacentes. Ses services sont fournis gratuitement \u00e0 des milliers d'enfants, de parents, d'\u00e9ducateurs et de membres de la communaut\u00e9 chaque ann\u00e9e.<\/p>\n<p>L'\u00e9v\u00e9nement est uniquement sur liste d'attente. Pour plus d'informations, visitez le site\u00a0<a class=\"autohyperlink\" href=\"http:\/\/icfs.org\/\" target=\"_blank\" rel=\"noopener\">icfs.org<\/a>\u00a0ou contacter Catherine Kort au (805) 485-6114, poste 641 ou \u00e0 l'adresse suivante\u00a0<a class=\"autohyperlink\" href=\"mailto:ckort@icfs.org\">ckort@icfs.org<\/a>.<\/p>\n<p>&nbsp;<\/p>","protected":false},"excerpt":{"rendered":"","protected":false},"author":3,"featured_media":3088,"comment_status":"closed","ping_status":"closed","sticky":false,"template":"","format":"standard","meta":{"_acf_changed":false,"give_campaign_id":0,"footnotes":""},"categories":[22],"tags":[],"class_list":["post-3206","post","type-post","status-publish","format-standard","has-post-thumbnail","hentry","category-latest-coverage"],"acf":[],"_links":{"self":[{"href":"https:\/\/vccf.org\/fr\/wp-json\/wp\/v2\/posts\/3206","targetHints":{"allow":["GET"]}}],"collection":[{"href":"https:\/\/vccf.org\/fr\/wp-json\/wp\/v2\/posts"}],"about":[{"href":"https:\/\/vccf.org\/fr\/wp-json\/wp\/v2\/types\/post"}],"author":[{"embeddable":true,"href":"https:\/\/vccf.org\/fr\/wp-json\/wp\/v2\/users\/3"}],"replies":[{"embeddable":true,"href":"https:\/\/vccf.org\/fr\/wp-json\/wp\/v2\/comments?post=3206"}],"version-history":[{"count":0,"href":"https:\/\/vccf.org\/fr\/wp-json\/wp\/v2\/posts\/3206\/revisions"}],"wp:featuredmedia":[{"embeddable":true,"href":"https:\/\/vccf.org\/fr\/wp-json\/wp\/v2\/media\/3088"}],"wp:attachment":[{"href":"https:\/\/vccf.org\/fr\/wp-json\/wp\/v2\/media?parent=3206"}],"wp:term":[{"taxonomy":"category","embeddable":true,"href":"https:\/\/vccf.org\/fr\/wp-json\/wp\/v2\/categories?post=3206"},{"taxonomy":"post_tag","embeddable":true,"href":"https:\/\/vccf.org\/fr\/wp-json\/wp\/v2\/tags?post=3206"}],"curies":[{"name":"wp","href":"https:\/\/api.w.org\/{rel}","templated":true}]}}