{"id":8330,"date":"2018-11-09T04:52:19","date_gmt":"2018-11-09T12:52:19","guid":{"rendered":"https:\/\/vccf.org\/?p=8330"},"modified":"2025-02-26T04:40:05","modified_gmt":"2025-02-26T12:40:05","slug":"thousand-oaks-shooting-hundreds-gather-at-vigils-to-mourn-victims","status":"publish","type":"post","link":"https:\/\/vccf.org\/fr\/thousand-oaks-shooting-hundreds-gather-at-vigils-to-mourn-victims\/","title":{"rendered":"La fusillade de Thousand Oaks : Des centaines de personnes se rassemblent pour pleurer les victimes"},"content":{"rendered":"<p><!--more--><\/p>\n<p><em>Lire l'article complet ci-dessous ou sur le site WSB News <a href=\"https:\/\/www.wsbradio.com\/news\/thousand-oaks-shooting-hundreds-gather-vigil-mourn-victims\/vvqWN8Z1CKL8lD9qQLR8KJ\/\" target=\"_blank\" rel=\"noopener\">site web<\/a>.\u00a0<\/em><\/p>\n<p class=\"p\"><span class=\"dateLine\">THOUSAND OAKS, Calif.\u00a0<\/span>\u00a0Des centaines de personnes en deuil se sont rassembl\u00e9es \u00e0 l'ext\u00e9rieur d'un th\u00e9\u00e2tre californien et dans d'autres lieux jeudi soir pour rendre hommage aux 12 personnes tu\u00e9es lors d'une fusillade de masse dans un bar de Thousand Oaks,\u00a0<a href=\"https:\/\/ktla.com\/2018\/11\/08\/thousand-oaks-to-hold-vigil-at-6-p-m-thursday-for-12-killed-in-borderline-shooting\/\" shape=\"rect\" target=\"_blank\" rel=\"noopener\">KTLA<\/a>\u00a0signal\u00e9e.<\/p>\n<p>Des personnes se sont rassembl\u00e9es devant le Fred Kavil Theatre for the Performing Arts \u00e0 Thousand Oaks et ont particip\u00e9 \u00e0 une veill\u00e9e aux chandelles \u00e0 la m\u00e9moire des victimes tu\u00e9es au Borderline Bar &amp; Grill, a rapport\u00e9 la cha\u00eene de t\u00e9l\u00e9vision.<\/p>\n<p>Certains chantent, d'autres se tiennent simplement la main,\u00a0<a href=\"https:\/\/ktla.com\/2018\/11\/08\/thousand-oaks-to-hold-vigil-at-6-p-m-thursday-for-12-killed-in-borderline-shooting\/\" shape=\"rect\" target=\"_blank\" rel=\"noopener\">KTLA<\/a>\u00a0signal\u00e9e.<\/p>\n<p>\"Ce soir, nous sommes une ville meurtrie\", a d\u00e9clar\u00e9 le maire de Thousand Oaks, Andy Fox, \u00e0 la foule. \"Mais nous sommes une communaut\u00e9 d'amour, de compassion et d'unit\u00e9. Nous sommes aussi une communaut\u00e9 d'espoir\".<\/p>\n<p>La foule s'est lev\u00e9e et a applaudi lorsque le sh\u00e9rif du comt\u00e9 de Ventura, Geoff Dean, est mont\u00e9 sur sc\u00e8ne,\u00a0<a href=\"https:\/\/ktla.com\/2018\/11\/08\/thousand-oaks-to-hold-vigil-at-6-p-m-thursday-for-12-killed-in-borderline-shooting\/\" shape=\"rect\" target=\"_blank\" rel=\"noopener\">KTLA<\/a>\u00a0signal\u00e9e.<\/p>\n<p>\"Il n'y a rien que je puisse dire ici qui puisse combler le vide qui est dans nos c\u0153urs\", a d\u00e9clar\u00e9 Dean \u00e0 la foule.<\/p>\n<p>Malgr\u00e9 les \u00e9vacuations dans le comt\u00e9 de Ventura de\u00a0<a href=\"https:\/\/www.ajc.com\/news\/large-fires-rapidly-whip-through-southern-california\/tGmOXzH0U7oClPo0OKts4N\/\" shape=\"rect\" target=\"_blank\" rel=\"noopener\">deux incendies \u00e0 \u00e9volution rapide<\/a>Les r\u00e9sidents se sont rassembl\u00e9s \u00e0 l'occasion de trois \u00e9v\u00e9nements comm\u00e9moratifs, dont un rosaire \u00e0 l'universit\u00e9 California Lutheran, un m\u00e9morial au Moorpark College et une veill\u00e9e devant le th\u00e9\u00e2tre, a indiqu\u00e9 le minist\u00e8re de l'Int\u00e9rieur.\u00a0<a href=\"http:\/\/www.latimes.com\/local\/lanow\/la-me-ln-thousand-oaks-shooting-vigils-20181108-story.html\" shape=\"rect\" target=\"_blank\" rel=\"noopener\">Los Angeles Times<\/a>\u00a0signal\u00e9e.<\/p>\n<p>La Ventura County Community Foundation, une organisation locale \u00e0 but non lucratif, a travaill\u00e9 avec les responsables de Thousand Oaks pour collecter des dons,\u00a0<a href=\"https:\/\/ktla.com\/2018\/11\/08\/thousand-oaks-to-hold-vigil-at-6-p-m-thursday-for-12-killed-in-borderline-shooting\/\" shape=\"rect\" target=\"_blank\" rel=\"noopener\">KTLA<\/a>\u00a0rapport\u00e9. Les d\u00e9tails se trouvent sur le site\u00a0<a href=\"https:\/\/vccf.org\/fr\/donate\/\" shape=\"rect\">site web de la fondation<\/a>o\u00f9 l'organisation a \u00e9crit : \"Prenez soin les uns des autres\".<\/p>","protected":false},"excerpt":{"rendered":"","protected":false},"author":3,"featured_media":8331,"comment_status":"closed","ping_status":"closed","sticky":false,"template":"","format":"standard","meta":{"_acf_changed":false,"give_campaign_id":0,"footnotes":""},"categories":[22],"tags":[],"class_list":["post-8330","post","type-post","status-publish","format-standard","has-post-thumbnail","hentry","category-latest-coverage"],"acf":[],"_links":{"self":[{"href":"https:\/\/vccf.org\/fr\/wp-json\/wp\/v2\/posts\/8330","targetHints":{"allow":["GET"]}}],"collection":[{"href":"https:\/\/vccf.org\/fr\/wp-json\/wp\/v2\/posts"}],"about":[{"href":"https:\/\/vccf.org\/fr\/wp-json\/wp\/v2\/types\/post"}],"author":[{"embeddable":true,"href":"https:\/\/vccf.org\/fr\/wp-json\/wp\/v2\/users\/3"}],"replies":[{"embeddable":true,"href":"https:\/\/vccf.org\/fr\/wp-json\/wp\/v2\/comments?post=8330"}],"version-history":[{"count":0,"href":"https:\/\/vccf.org\/fr\/wp-json\/wp\/v2\/posts\/8330\/revisions"}],"wp:featuredmedia":[{"embeddable":true,"href":"https:\/\/vccf.org\/fr\/wp-json\/wp\/v2\/media\/8331"}],"wp:attachment":[{"href":"https:\/\/vccf.org\/fr\/wp-json\/wp\/v2\/media?parent=8330"}],"wp:term":[{"taxonomy":"category","embeddable":true,"href":"https:\/\/vccf.org\/fr\/wp-json\/wp\/v2\/categories?post=8330"},{"taxonomy":"post_tag","embeddable":true,"href":"https:\/\/vccf.org\/fr\/wp-json\/wp\/v2\/tags?post=8330"}],"curies":[{"name":"wp","href":"https:\/\/api.w.org\/{rel}","templated":true}]}}