{"id":8932,"date":"2018-12-27T16:08:09","date_gmt":"2018-12-28T00:08:09","guid":{"rendered":"https:\/\/vccf.org\/?p=8932"},"modified":"2025-01-29T07:47:53","modified_gmt":"2025-01-29T07:47:53","slug":"foundation-to-discuss-disbursements-from-borderline-fund","status":"publish","type":"post","link":"https:\/\/vccf.org\/fr\/foundation-to-discuss-disbursements-from-borderline-fund\/","title":{"rendered":"La Fondation discutera des d\u00e9caissements du fonds Borderline"},"content":{"rendered":"<p><!--more--><\/p>\n<p><em>Lire l'article complet ci-dessous ou sur le site Thousand Oaks Acorn (en anglais) <a href=\"https:\/\/www.toacorn.com\/articles\/foundation-to-discuss-disbursements-from-borderline-fund\/\" target=\"_blank\" rel=\"noopener\">site web<\/a>.\u00a0<\/em><\/p>\n<p>La date limite approche pour les victimes de la fusillade au Borderline Bar and Grill qui souhaitent demander une aide au Fonds d'aide aux victimes de la vall\u00e9e de Conejo.<\/p>\n<p>L'int\u00e9gralit\u00e9 du fonds, administr\u00e9 par la Ventura County Community Foundation et cr\u00e9\u00e9 en collaboration avec la ville de Thousand Oaks et d'autres entit\u00e9s, sera utilis\u00e9e pour aider les familles qui ont perdu des \u00eatres chers, les victimes qui ont \u00e9t\u00e9 physiquement bless\u00e9es et les personnes pr\u00e9sentes \u00e0 l'int\u00e9rieur du Borderline Bar &amp; Grill la nuit du 7 novembre, lorsque la fusillade s'est produite. Le VCCF a d\u00e9j\u00e0 vers\u00e9 $310 000 en esp\u00e8ces et $500 en cartes Visa pr\u00e9pay\u00e9es.<\/p>\n<p>Alors que la fondation entame les derni\u00e8res \u00e9tapes de la distribution des fonds, elle a fix\u00e9 une date limite pour que les personnes \u00e9ligibles aux fonds remplissent un formulaire de candidature \u00e0 l'adresse suivante\u00a0<a class=\"autohyperlink\" href=\"http:\/\/conejovalleyvictimsfund.org\/\" target=\"_blank\" rel=\"noopener\">ConejoValleyVictimsFund.org<\/a>: Lundi 18 f\u00e9vrier<\/p>\n<p>Les paiements du fonds doivent \u00eatre r\u00e9partis en fonction de la gravit\u00e9 du pr\u00e9judice subi par les victimes, a d\u00e9clar\u00e9 la pr\u00e9sidente de la fondation, Vanessa Bechtel, dans une lettre dat\u00e9e du 21 d\u00e9cembre.<\/p>\n<p>En outre, le VCCF organisera deux forums publics afin de donner aux membres de la communaut\u00e9 concern\u00e9e et aux personnes touch\u00e9es par la fusillade de Borderline l'occasion de faire part de leurs commentaires et de poser des questions sur le projet de protocole final qui d\u00e9terminera le processus et les protocoles de distribution pour l'octroi d'une aide financi\u00e8re aux demandeurs qualifi\u00e9s.<\/p>\n<p>Le projet complet peut \u00eatre consult\u00e9 \u00e0 l'adresse suivante\u00a0<a class=\"autohyperlink\" href=\"http:\/\/conejovalleyvictimsfund.org\/\" target=\"_blank\" rel=\"noopener\">ConejoValleyVictimsFund.org<\/a>.<\/p>\n<p>Les r\u00e9unions auront lieu le jeudi 3 janvier de 8 h \u00e0 9 h 30 et de 18 h \u00e0 19 h 30 au Scherr Forum, au Thousand Oaks Civic Arts Plaza. Les commentaires peuvent \u00e9galement \u00eatre envoy\u00e9s par courrier \u00e9lectronique \u00e0 l'adresse suivante\u00a0<a class=\"autohyperlink\" href=\"mailto:info@conejovalleyvictimsfund.org\">info@conejovalleyvictimsfund.org<\/a>.<\/p>\n<p>Le protocole de distribution final sera \u00e9labor\u00e9 par un comit\u00e9 de surveillance sp\u00e9cial, en tenant compte des commentaires, et sera soumis \u00e0 l'approbation de la fondation, a indiqu\u00e9 M. Bechtel.<\/p>\n<p>Outre les r\u00e9unions de distribution des fonds, l'organisation nationale \u00e0 but non lucratif de sant\u00e9 mentale Give an Hour organisera trois cliniques o\u00f9 les demandeurs \u00e9ligibles pourront recevoir une aide directe pour remplir leur demande et acc\u00e9der aux ressources n\u00e9cessaires \u00e0 leur r\u00e9tablissement. L'organisation \u00e0 but non lucratif s'associe \u00e0 la VCCF pour diriger les efforts visant \u00e0 fournir un soutien en mati\u00e8re de sant\u00e9 mentale, d'\u00e9motions et de gestion de cas.<\/p>\n<p>Les stages auront lieu de midi \u00e0 20 heures le lundi 14 janvier, de 9 heures \u00e0 18 heures le mercredi 16 janvier et de 9 heures \u00e0 17 heures le samedi 19 janvier. Pour conna\u00eetre l'emplacement et obtenir de plus amples informations, appelez le (805) 444-7519 ou envoyez un courriel \u00e0 l'adresse suivante\u00a0<a class=\"autohyperlink\" href=\"mailto:info@conejovalleyvictimsfund.org\">info@conejovalleyvictimsfund.org<\/a>.<\/p>","protected":false},"excerpt":{"rendered":"","protected":false},"author":3,"featured_media":1494,"comment_status":"closed","ping_status":"closed","sticky":false,"template":"","format":"standard","meta":{"_acf_changed":false,"give_campaign_id":0,"footnotes":""},"categories":[22],"tags":[],"class_list":["post-8932","post","type-post","status-publish","format-standard","has-post-thumbnail","hentry","category-latest-coverage"],"acf":[],"_links":{"self":[{"href":"https:\/\/vccf.org\/fr\/wp-json\/wp\/v2\/posts\/8932","targetHints":{"allow":["GET"]}}],"collection":[{"href":"https:\/\/vccf.org\/fr\/wp-json\/wp\/v2\/posts"}],"about":[{"href":"https:\/\/vccf.org\/fr\/wp-json\/wp\/v2\/types\/post"}],"author":[{"embeddable":true,"href":"https:\/\/vccf.org\/fr\/wp-json\/wp\/v2\/users\/3"}],"replies":[{"embeddable":true,"href":"https:\/\/vccf.org\/fr\/wp-json\/wp\/v2\/comments?post=8932"}],"version-history":[{"count":0,"href":"https:\/\/vccf.org\/fr\/wp-json\/wp\/v2\/posts\/8932\/revisions"}],"wp:featuredmedia":[{"embeddable":true,"href":"https:\/\/vccf.org\/fr\/wp-json\/wp\/v2\/media\/1494"}],"wp:attachment":[{"href":"https:\/\/vccf.org\/fr\/wp-json\/wp\/v2\/media?parent=8932"}],"wp:term":[{"taxonomy":"category","embeddable":true,"href":"https:\/\/vccf.org\/fr\/wp-json\/wp\/v2\/categories?post=8932"},{"taxonomy":"post_tag","embeddable":true,"href":"https:\/\/vccf.org\/fr\/wp-json\/wp\/v2\/tags?post=8932"}],"curies":[{"name":"wp","href":"https:\/\/api.w.org\/{rel}","templated":true}]}}