{"id":8964,"date":"2019-01-18T16:16:33","date_gmt":"2019-01-19T00:16:33","guid":{"rendered":"https:\/\/vccf.org\/?p=8964"},"modified":"2025-01-29T07:47:53","modified_gmt":"2025-01-29T07:47:53","slug":"funding-update-vccf","status":"publish","type":"post","link":"https:\/\/vccf.org\/fr\/funding-update-vccf\/","title":{"rendered":"VCCF Update : Fonds pour les victimes de la vall\u00e9e de Conejo, incendies et bourses d'\u00e9tudes"},"content":{"rendered":"<p>Ch\u00e8re communaut\u00e9 de la VCCF,<\/p>\n<p>Apr\u00e8s une semaine remplie d'\u00e9vacuations obligatoires et volontaires, de fermetures d'\u00e9coles et de routes, et d'interruptions d'activit\u00e9s, nous nous souvenons une fois de plus des cons\u00e9quences \u00e0 long terme des catastrophes naturelles qui ont frapp\u00e9 si durement notre communaut\u00e9 au cours de l'ann\u00e9e \u00e9coul\u00e9e. Lors de la r\u00e9union annuelle de l'Economic Development Collaborative qui s'est tenue hier, un groupe de pan\u00e9listes convaincants a pr\u00e9sent\u00e9 ses r\u00e9flexions et ses exp\u00e9riences en mati\u00e8re de reprise apr\u00e8s sinistre. Leurs remarques nous ont rappel\u00e9 que de nombreuses personnes au sein de notre communaut\u00e9 commencent \u00e0 peine \u00e0 faire face \u00e0 l'impact de ces catastrophes sur leur vie. Contribuons \u00e0 leur faciliter la t\u00e2che en nous rappelant les uns aux autres qu'il existe tout un r\u00e9seau de soutien d\u00e9sireux de les aider. Un bon point de d\u00e9part pour ceux qui cherchent de l'aide pour leur r\u00e9tablissement est le 2-1-1 (veuillez suivre les liens ci-dessous) :<\/p>\n<ul>\n<li><a href=\"https:\/\/docs.google.com\/forms\/d\/e\/1FAIpQLSdaR0---TN14uL6PVW9_1t0CsTE8iIkzLHoNzPRpsbUwC3u5w\/viewform\" target=\"_blank\" rel=\"noopener\">Anglais<\/a><\/li>\n<li><a href=\"https:\/\/docs.google.com\/forms\/u\/1\/d\/e\/1FAIpQLScvemzjIb9k3Dosb4K-cFmpuOFbfYKptwkR5bIbo0jVPyWObw\/viewform\" target=\"_blank\" rel=\"noopener\">Espagnol<\/a><\/li>\n<\/ul>\n<p><strong>A noter :\u00a0<\/strong>Nous continuons \u00e9galement \u00e0 collecter des fonds pour aider les personnes touch\u00e9es par l'incendie Thomas. Les personnes qui ont besoin d'une aide financi\u00e8re \u00e0 la suite de l'incendie Thomas et qui ne travaillent pas actuellement avec un gestionnaire de cas sont invit\u00e9es \u00e0 contacter le 2-1-1 afin d'\u00eatre dirig\u00e9es vers l'organisation appropri\u00e9e.<\/p>\n<p>Vous trouverez ci-dessous une br\u00e8ve mise \u00e0 jour des \u00e9ch\u00e9ances urgentes pour l'assistance individuelle et le soutien de la VCCF.<\/p>\n<p><strong><u>Fonds d'aide aux victimes de la vall\u00e9e de Conejo<\/u><\/strong><br \/>\nDepuis notre dernier contact, le document qui d\u00e9terminera le processus et les protocoles de distribution du soutien financier aux personnes touch\u00e9es par la fusillade au Borderline Bar &amp; Grill a \u00e9t\u00e9 finalis\u00e9. Pour consulter le protocole final, cliquez sur <a href=\"https:\/\/conejovalleyvictimsfund.org\/wp-content\/uploads\/2019\/01\/Conejo-Valley-Victims-Fund-Final-Protocol.pdf\" target=\"_blank\" rel=\"noopener\" data-saferedirecturl=\"https:\/\/www.google.com\/url?q=https:\/\/conejovalleyvictimsfund.org\/wp-content\/uploads\/2019\/01\/Conejo-Valley-Victims-Fund-Final-Protocol.pdf&amp;source=gmail&amp;ust=1547929562365000&amp;usg=AFQjCNGeyXWHLu97l9FxATSoMqU3wn0rww\">ici<\/a>.<\/p>\n<p>Sur la base des commentaires et des discussions, une modification a \u00e9t\u00e9 apport\u00e9e au projet de protocole, \u00e0 savoir l'augmentation du d\u00e9lai n\u00e9cessaire pour qu'une victime bless\u00e9e physiquement puisse obtenir des soins m\u00e9dicaux pour ses blessures (le d\u00e9lai est pass\u00e9 de 48 heures \u00e0 7 jours \u00e0 la lumi\u00e8re des incendies). Aucune autre modification n'a \u00e9t\u00e9 apport\u00e9e au document.<\/p>\n<p><strong>La date limite pour soumettre une demande est le 18 f\u00e9vrier 2019.<\/strong>. Pour plus d'informations, veuillez consulter le site <a href=\"http:\/\/www.conejovalleyvictimsfund.org\/\" target=\"_blank\" rel=\"noopener\" data-saferedirecturl=\"https:\/\/www.google.com\/url?q=http:\/\/www.ConejoValleyVictimsFund.org&amp;source=gmail&amp;ust=1547929562365000&amp;usg=AFQjCNGv9vCtlo6n3_zpkXv7WyE0P-77jA\">www.ConejoValleyVictimsFund.org<\/a>.<br \/>\n<strong><u>Incendie de Hill\/incendie de Woolsey : mise \u00e0 jour sur les besoins soudains et urgents<\/u><\/strong><br \/>\nLa Fondation communautaire du comt\u00e9 de Ventura a octroy\u00e9 plus de\u00a0<strong>$1,125,321\u00a0<\/strong>depuis le d\u00e9but des incendies de Hill et de Woolsey :<\/p>\n<ul>\n<li>$150 000 \u00e0 la\u00a0<strong>Chapitre de la c\u00f4te Pacifique et du comt\u00e9 de Ventura de la Croix-Rouge am\u00e9ricaine (Croix-Rouge)<\/strong>\u00a0pour un v\u00e9hicule d'intervention d'urgence<\/li>\n<li>$115.000 au profit de la\u00a0<strong>Croix-Rouge<\/strong>\u00a0pour la coordination de la r\u00e9cup\u00e9ration du comt\u00e9 de Ventura<\/li>\n<li>$146,250 \u00e0 la\u00a0<strong>Croix-Rouge<\/strong>\u00a0pour le soutien aux op\u00e9rations g\u00e9n\u00e9rales<\/li>\n<li>$1,394 \u00e0\u00a0<strong>Ride On Therapeutic Horsemanship<\/strong>\u00a0pour les frais d'\u00e9vacuation des chevaux, le personnel suppl\u00e9mentaire, le carburant pour les remorques, le nettoyage des stalles<\/li>\n<li>$10 000 \u00e0\u00a0<strong>Boys &amp; Girls Clubs of Greater Conejo Valley (Clubs gar\u00e7ons et filles de la grande vall\u00e9e de Conejo)<\/strong>\u00a0pour les d\u00e9penses li\u00e9es \u00e0 l'accueil des enfants pendant les fermetures d'\u00e9coles, au nettoyage des clubs et aux services de conseil<\/li>\n<li>$30 000 total \u00e0\u00a0<strong>Radio publique KCLU<\/strong>\u00a0(California Lutheran University) avec $20,000 pour remplacer l'\u00e9metteur principal endommag\u00e9 et l'\u00e9quipement de soutien et $10,000 suppl\u00e9mentaire pour des fonds de contrepartie pour la campagne de remplacement de l'\u00e9quipement, ce qu'ils ont fait.<\/li>\n<li>$5,000 \u00e0\u00a0<strong>805 Aide<\/strong>\u00a0pour soutenir leur intervention imm\u00e9diate afin d'offrir un acc\u00e8s en ligne \u00e0 notre communaut\u00e9 pendant les incendies<\/li>\n<li>$15 000 \u00e0\u00a0<strong>Pr\u00e9occupations des personnes \u00e2g\u00e9es<\/strong>\u00a0pour l'accueil de jour des adultes, les repas et le soutien aux personnes \u00e2g\u00e9es de notre communaut\u00e9 qui ont \u00e9t\u00e9 \u00e9vacu\u00e9es et qui ont besoin de soins<\/li>\n<li>$5,350 \u00e0\u00a0<strong>Livingston Memorial Visiting Nurse Association (Association des infirmi\u00e8res visiteuses de Livingston)<\/strong>\u00a0aider \u00e0 couvrir les co\u00fbts li\u00e9s \u00e0 l'\u00e9vacuation des personnes en soins palliatifs<\/li>\n<li>$7 000 \u00e0 la\u00a0<strong>Club des gar\u00e7ons et filles de Camarillo<\/strong>\u00a0couvrir les co\u00fbts li\u00e9s aux besoins urgents de garde d'enfants en cas de fermeture d'\u00e9cole<\/li>\n<li>$9 500 \u00e0 la\u00a0<strong>YMCA du sud-est de Ventura<\/strong>\u00a0couvrir les co\u00fbts li\u00e9s aux besoins urgents de garde d'enfants en cas de fermeture d'\u00e9cole<\/li>\n<li>$1,827 \u00e0\u00a0<strong>\u00c9curies Mark Watring<\/strong>\u00a0pour l'\u00e9vacuation de 43 chevaux, le transport des aliments et de l'eau, et les heures suppl\u00e9mentaires.<\/li>\n<li>$25 000 \u00e0 la\u00a0<strong>Groupe de travail sur le d\u00e9veloppement \u00e9conomique<\/strong>\u00a0pour le soutien aux op\u00e9rations g\u00e9n\u00e9rales dans le cadre de la prise en charge des propri\u00e9taires d'entreprises touch\u00e9es par les incendies<\/li>\n<li>$21,500 \u00e0\u00a0<strong>Fondation Cal State Channel Islands<\/strong>\u00a0pour nourrir et loger les \u00e9tudiants \u00e9vacu\u00e9s par les incendies<\/li>\n<li>$500 \u00e0\u00a0<strong>Centre pour le leadership \u00e0 but non lucratif de l'Universit\u00e9 Cal Lutheran<\/strong>\u00a0de parrainer un webinaire gratuit intitul\u00e9 \"Collecte de fonds en r\u00e9ponse \u00e0 une crise communautaire\"<\/li>\n<li>$445.000 au profit de la\u00a0<strong>YMCA du comt\u00e9 de Ventura Sud-Est<\/strong>\u00a0pour apporter une aide individuelle aux familles touch\u00e9es par les incendies.<\/li>\n<li>$6 000 \u00e0 la\u00a0<strong>Boys &amp; Girls Club of Greater Oxnard &amp; Port Hueneme (Club des gar\u00e7ons et filles du Grand Oxnard et de Port Hueneme)<\/strong>\u00a0pour aider \u00e0 couvrir les d\u00e9penses li\u00e9es \u00e0 l'accueil des enfants pendant les fermetures d'\u00e9coles.<\/li>\n<li>$5,000 \u00e0\u00a0<strong>R\u00eave d'espoir<\/strong>\u00a0pour couvrir les vols des survivants de l'incendie.<\/li>\n<li>$10 000 \u00e0\u00a0<strong>Projet des petits anges<\/strong>\u00a0pour couvrir les frais de soins v\u00e9t\u00e9rinaires des animaux bless\u00e9s.<\/li>\n<li>$16 000 \u00e0\u00a0<strong>Centre de secours animalier de Lockwood<\/strong>\u00a0pour assurer l'h\u00e9bergement et les besoins de base des personnes et des animaux.<\/li>\n<li>$100 000 \u00e0\u00a0<strong>Arm\u00e9e du Salut<\/strong>\u00a0pour la gestion des dossiers et l'aide aux besoins de base.<\/li>\n<\/ul>\n<p>Veuillez rappeler \u00e0 toutes les organisations \u00e0 but non lucratif qui r\u00e9pondent aux besoins li\u00e9s aux incendies qu'elles doivent remplir et soumettre leur dossier de candidature \u00e0 l'adresse suivante\u00a0<a href=\"https:\/\/vccf.org\/fr\/\" target=\"_blank\" rel=\"noopener\" data-saferedirecturl=\"https:\/\/www.google.com\/url?q=https:\/\/vccf.org&amp;source=gmail&amp;ust=1547929562365000&amp;usg=AFQjCNEkrTzQmdaRxq0_KElB-PXggyF9bg\">www.vccf.org<\/a>.<strong> Les organisations peuvent soumettre leur candidature plus d'une fois en fonction des besoins.<\/strong><\/p>\n<p><strong><u>Programme de bourses d'\u00e9tudes de la VCCF<\/u><\/strong><br \/>\nDans un effort non li\u00e9 pour soutenir notre communaut\u00e9, le programme annuel de bourses d'\u00e9tudes de la Ventura County Community Foundation accepte toujours les candidatures pour les \u00e9tudiants locaux qui poursuivent leurs objectifs de carri\u00e8re et d'\u00e9ducation. Plus de $1 millions d'euros d'aide sont disponibles en 2019. <strong>La date limite de d\u00e9p\u00f4t des candidatures est fix\u00e9e au 30 janvier. <\/strong>Aidez-nous \u00e0 faire passer le message et posez votre candidature \u00e0 l'adresse suivante\u00a0<a href=\"https:\/\/vccf.org\/fr\/\" target=\"_blank\" rel=\"noopener\" data-saferedirecturl=\"https:\/\/www.google.com\/url?q=https:\/\/vccf.org&amp;source=gmail&amp;ust=1547929562365000&amp;usg=AFQjCNEkrTzQmdaRxq0_KElB-PXggyF9bg\">www.vccf.org<\/a>.<\/p>\n<p>C'est tout pour l'instant. J'esp\u00e8re que vous profiterez de ce long week-end pour honorer et c\u00e9l\u00e9brer les contributions de Martin Luther King, Jr. Ensemble, nous sommes #VCStrong.<\/p>\n<p>Je vous prie d'agr\u00e9er, Monsieur le Pr\u00e9sident, l'expression de mes sentiments distingu\u00e9s,<br \/>\n<img loading=\"lazy\" decoding=\"async\" src=\"https:\/\/gallery.mailchimp.com\/c9b2623ed494d61a163dd363c\/images\/7d25c2e8-d474-4e01-a380-dc015acc1c15.jpg\" width=\"100\" height=\"71\" data-file-id=\"268163\" \/><br \/>\nVanessa Bechtel<br \/>\nPr\u00e9sident-directeur g\u00e9n\u00e9ral de la Ventura County Community Foundation<br \/>\n<a href=\"https:\/\/vccf.org\/fr\/\"><img loading=\"lazy\" decoding=\"async\" src=\"https:\/\/gallery.mailchimp.com\/c9b2623ed494d61a163dd363c\/images\/8aea24a9-92ed-4c11-81bb-7fe3f93552b6.jpg\" width=\"250\" height=\"68\" data-file-id=\"267483\" \/><\/a><\/p>","protected":false},"excerpt":{"rendered":"<p>Dear VCCF Community, After a week filled with mandatory and voluntary evacuations, school and road closures, and business disruption, we are reminded once again of the long-term aftermath of the&hellip;<\/p>","protected":false},"author":3,"featured_media":8965,"comment_status":"closed","ping_status":"closed","sticky":false,"template":"","format":"standard","meta":{"_acf_changed":false,"give_campaign_id":0,"footnotes":""},"categories":[27],"tags":[],"class_list":["post-8964","post","type-post","status-publish","format-standard","has-post-thumbnail","hentry","category-blog-posts"],"acf":[],"_links":{"self":[{"href":"https:\/\/vccf.org\/fr\/wp-json\/wp\/v2\/posts\/8964","targetHints":{"allow":["GET"]}}],"collection":[{"href":"https:\/\/vccf.org\/fr\/wp-json\/wp\/v2\/posts"}],"about":[{"href":"https:\/\/vccf.org\/fr\/wp-json\/wp\/v2\/types\/post"}],"author":[{"embeddable":true,"href":"https:\/\/vccf.org\/fr\/wp-json\/wp\/v2\/users\/3"}],"replies":[{"embeddable":true,"href":"https:\/\/vccf.org\/fr\/wp-json\/wp\/v2\/comments?post=8964"}],"version-history":[{"count":0,"href":"https:\/\/vccf.org\/fr\/wp-json\/wp\/v2\/posts\/8964\/revisions"}],"wp:featuredmedia":[{"embeddable":true,"href":"https:\/\/vccf.org\/fr\/wp-json\/wp\/v2\/media\/8965"}],"wp:attachment":[{"href":"https:\/\/vccf.org\/fr\/wp-json\/wp\/v2\/media?parent=8964"}],"wp:term":[{"taxonomy":"category","embeddable":true,"href":"https:\/\/vccf.org\/fr\/wp-json\/wp\/v2\/categories?post=8964"},{"taxonomy":"post_tag","embeddable":true,"href":"https:\/\/vccf.org\/fr\/wp-json\/wp\/v2\/tags?post=8964"}],"curies":[{"name":"wp","href":"https:\/\/api.w.org\/{rel}","templated":true}]}}