{"id":9051,"date":"2019-03-21T15:44:25","date_gmt":"2019-03-21T22:44:25","guid":{"rendered":"https:\/\/vccf.org\/?p=9051"},"modified":"2025-01-29T07:47:52","modified_gmt":"2025-01-29T07:47:52","slug":"ventura-county-community-foundation-awards-salvation-army-1-million-for-fire-victims","status":"publish","type":"post","link":"https:\/\/vccf.org\/fr\/ventura-county-community-foundation-awards-salvation-army-1-million-for-fire-victims\/","title":{"rendered":"La fondation communautaire du comt\u00e9 de Ventura attribue \u00e0 l'Arm\u00e9e du Salut $1 millions de dollars pour les victimes d'incendies"},"content":{"rendered":"<p><!--more--><\/p>\n<p><em>Cet article a \u00e9t\u00e9 publi\u00e9 \u00e0 l'origine par l'Arm\u00e9e du Salut et par l'Organisation des Nations unies pour l'\u00e9ducation, la science et la culture. <a href=\"http:\/\/www.salvationarmy-socal.org\/southern-california\/news\/vccf_grant_wildfire\" target=\"_blank\" rel=\"noopener\">est disponible ici.<\/a><\/em><\/p>\n<p><strong>Ventura, CA. 20 mars 2019 -<\/strong>\u00a0L'Arm\u00e9e du Salut a re\u00e7u une subvention de $1.099.882 de la Ventura County Community Foundation pour mieux aider les personnes touch\u00e9es par les r\u00e9cents incendies de for\u00eat dans le comt\u00e9 de Ventura et le comt\u00e9 de Los Angeles. Cette subvention, qui constitue le don unique le plus important accord\u00e9 par la fondation \u00e0 l'Arm\u00e9e du Salut, est le reflet d'une relation solide avec la Ventura County Community Foundation, qui dure depuis 16 ans.<\/p>\n<p>\"Nous sommes tr\u00e8s heureux de nous associer \u00e0 la Ventura County Community Foundation dans le cadre de nos efforts conjoints pour aider les survivants des r\u00e9cents incendies dans les comt\u00e9s de Ventura et de Los Angeles\", a d\u00e9clar\u00e9 le lieutenant-colonel John Chamness de l'Arm\u00e9e du Salut de Californie du Sud. \"Le don g\u00e9n\u00e9reux de la Fondation apportera l'aide n\u00e9cessaire pour que nos voisins rentrent chez eux, en s\u00e9curit\u00e9 et en bonne sant\u00e9.<\/p>\n<p>La subvention permettra de r\u00e9pondre \u00e0 un large \u00e9ventail de besoins, notamment la gestion de cas, l'aide au logement, l'aide aux services publics, les services alimentaires et les conseils pour naviguer dans les programmes disponibles. Ce nouvel afflux de fonds permet \u00e0 l'Arm\u00e9e du Salut d'adapter les services et les soins aux besoins sp\u00e9cifiques des survivants des incendies. Les incendies de Woolsey et Hill ont fait rage dans la r\u00e9gion en novembre dernier, d\u00e9truisant plus de 1 600 structures et d\u00e9pla\u00e7ant des milliers de personnes - dont beaucoup, gr\u00e2ce \u00e0 cette subvention, recevront l'aide dont elles ont besoin.<\/p>","protected":false},"excerpt":{"rendered":"","protected":false},"author":3,"featured_media":9052,"comment_status":"closed","ping_status":"closed","sticky":false,"template":"","format":"standard","meta":{"_acf_changed":false,"give_campaign_id":0,"footnotes":""},"categories":[22],"tags":[],"class_list":["post-9051","post","type-post","status-publish","format-standard","has-post-thumbnail","hentry","category-latest-coverage"],"acf":[],"_links":{"self":[{"href":"https:\/\/vccf.org\/fr\/wp-json\/wp\/v2\/posts\/9051","targetHints":{"allow":["GET"]}}],"collection":[{"href":"https:\/\/vccf.org\/fr\/wp-json\/wp\/v2\/posts"}],"about":[{"href":"https:\/\/vccf.org\/fr\/wp-json\/wp\/v2\/types\/post"}],"author":[{"embeddable":true,"href":"https:\/\/vccf.org\/fr\/wp-json\/wp\/v2\/users\/3"}],"replies":[{"embeddable":true,"href":"https:\/\/vccf.org\/fr\/wp-json\/wp\/v2\/comments?post=9051"}],"version-history":[{"count":0,"href":"https:\/\/vccf.org\/fr\/wp-json\/wp\/v2\/posts\/9051\/revisions"}],"wp:featuredmedia":[{"embeddable":true,"href":"https:\/\/vccf.org\/fr\/wp-json\/wp\/v2\/media\/9052"}],"wp:attachment":[{"href":"https:\/\/vccf.org\/fr\/wp-json\/wp\/v2\/media?parent=9051"}],"wp:term":[{"taxonomy":"category","embeddable":true,"href":"https:\/\/vccf.org\/fr\/wp-json\/wp\/v2\/categories?post=9051"},{"taxonomy":"post_tag","embeddable":true,"href":"https:\/\/vccf.org\/fr\/wp-json\/wp\/v2\/tags?post=9051"}],"curies":[{"name":"wp","href":"https:\/\/api.w.org\/{rel}","templated":true}]}}